{"id":9681,"date":"2014-02-26T18:39:11","date_gmt":"2014-02-26T23:09:11","guid":{"rendered":"http:\/\/gradadigital.com\/home\/?p=9681"},"modified":"2014-02-26T18:39:11","modified_gmt":"2014-02-26T23:09:11","slug":"sanciones-de-la-septima-jornada-del-torneo-clausura-2014-2","status":"publish","type":"post","link":"http:\/\/gradadigital.com\/home\/sanciones-de-la-septima-jornada-del-torneo-clausura-2014-2\/","title":{"rendered":"Sanciones de la s\u00e9ptima jornada del Torneo Clausura 2014"},"content":{"rendered":"<p style=\"text-align: center;\"><img decoding=\"async\" alt=\"http:\/\/gradadigital.com\/home\/wp-content\/uploads\/2014\/02\/arbitros_fvf_sanciones_14092011.jpg\" src=\"http:\/\/gradadigital.com\/home\/wp-content\/uploads\/2014\/02\/arbitros_fvf_sanciones_14092011.jpg\" \/><\/p>\n<p style=\"text-align: justify;\"><strong>Prensa FVF, Caracas. &#8211;<\/strong> El Consejo de Honor de la Federaci\u00f3n Venezolana de F\u00fatbol, anunci\u00f3 las sanciones correspondientes a la s\u00e9ptima jornada del Torneo Clausura 2014 de la Primera Divisi\u00f3n de la Liga Movistar.<\/p>\n<p style=\"text-align: justify;\">Carlos Ter\u00e1n, Presidente; Luis Ignacio Sanglade y Domingo Gonz\u00e1lez Y\u00e1nez, miembros; y Amarilis Belisario, Secretaria Ejecutiva del mencionado organismo, decidieron lo siguiente con base en la normativa imperante.<\/p>\n<p style=\"text-align: justify;\">\u2022 Con relaci\u00f3n a la no-comparecencia al terreno de juego del equipo Deportivo T\u00e1chira FC, como visitante, al encuentro programado en el Calendario Oficial a disputarse entre los equipos Atl\u00e9tico El Vig\u00eda FC vs Deportivo T\u00e1chira FC, el d\u00eda 23 de febrero de 2014, a las 3:00 pm, en el Campo de F\u00fatbol Ram\u00f3n \u00abGato\u00bb Hern\u00e1ndez, de la ciudad de El Vig\u00eda, estado M\u00e9rida, de acuerdo con el informe arbitral, del Delegado de Campo, este Consejo de Honor resuelve:<br \/>\n<strong>A)<\/strong> Sancionar al equipo Deportivo T\u00e1chira FC con la p\u00e9rdida del encuentro con marcador 3-0 a favor del equipo Atl\u00e9tico El Vig\u00eda FC de conformidad con lo previsto en el art\u00edculo 98 numeral 1 del C\u00f3digo de \u00c9tica de la FVF.<br \/>\n<strong>B)<\/strong> Respecto a las dem\u00e1s sanciones previstas en el referido C\u00f3digo de \u00c9tica, susceptibles de aplicaci\u00f3n, este Consejo de Honor acuerda: abrir las averiguaciones correspondientes y practicar todas las diligencias conducentes a determinar las responsabilidades disciplinarias pertinentes, si fuera el caso y en ese sentido ordena:<br \/>\n<strong>1)<\/strong> Solicitar al representante del Club Deportivo T\u00e1chira FC la presentaci\u00f3n de informe detallado sobre las razones que impidieron la comparecencia del Club en este encuentro, as\u00ed como cualquier otra circunstancia que estime necesaria y oportuna informar, en un lapso de cinco d\u00edas h\u00e1biles.<br \/>\n<strong>2)<\/strong> Solicitar al representante del Club Atl\u00e9tico El Vig\u00eda FC la presentaci\u00f3n de informe detallado sobre los hechos irregulares, en un lapso de cinco d\u00edas h\u00e1biles.<br \/>\n<strong>3)<\/strong> Solicitar a la Comisi\u00f3n de Torneos Nacionales Inter Clubes la presentaci\u00f3n de informe sobre hechos irregulares en un lapso de cinco d\u00edas.<br \/>\n\u2022 Carlos Sosa (Trujillanos FC) 2 partidos de suspensi\u00f3n por agredir f\u00edsicamente a un jugador del equipo contrario.<br \/>\n\u2022\u00a0Yordany Abreu (Zulia FC) 1 partido de suspensi\u00f3n por acumulaci\u00f3n de cuatro tarjetas amarillas.<br \/>\n\u2022 Rudy M\u00e1rquez, Asistente T\u00e9cnico (Aragua FC) 2 partidos de suspensi\u00f3n por protestar airada y ostensiblemente las decisiones arbitrales.<br \/>\n\u2022 Carabobo FC vs Estudiantes de M\u00e9rida \u2013 No lleg\u00f3 el acta arbitral.<\/p>\n","protected":false},"excerpt":{"rendered":"<p>Prensa FVF, Caracas. &#8211; El Consejo de Honor de la Federaci\u00f3n Venezolana de F\u00fatbol, anunci\u00f3 las sanciones correspondientes a la s\u00e9ptima jornada del Torneo Clausura 2014 de la Primera Divisi\u00f3n de la Liga Movistar. Carlos Ter\u00e1n, Presidente; Luis Ignacio Sanglade y Domingo Gonz\u00e1lez Y\u00e1nez, miembros; y Amarilis Belisario, Secretaria Ejecutiva del mencionado organismo, decidieron lo &#8230;<\/p>\n","protected":false},"author":3,"featured_media":9523,"comment_status":"closed","ping_status":"closed","sticky":false,"template":"","format":"standard","meta":{"footnotes":""},"categories":[6,29,11,12,13,5,31,19,22],"tags":[],"class_list":["post-9681","post","type-post","status-publish","format-standard","has-post-thumbnail","hentry","category-aragua-fc","category-carabobo-fc","category-deportivo-tachira","category-el-vigia-fc","category-estudiantes-de-merida","category-futbol-nacional","category-primera-division","category-trujillanos-fc","category-zulia-fc"],"_links":{"self":[{"href":"http:\/\/gradadigital.com\/home\/wp-json\/wp\/v2\/posts\/9681","targetHints":{"allow":["GET"]}}],"collection":[{"href":"http:\/\/gradadigital.com\/home\/wp-json\/wp\/v2\/posts"}],"about":[{"href":"http:\/\/gradadigital.com\/home\/wp-json\/wp\/v2\/types\/post"}],"author":[{"embeddable":true,"href":"http:\/\/gradadigital.com\/home\/wp-json\/wp\/v2\/users\/3"}],"replies":[{"embeddable":true,"href":"http:\/\/gradadigital.com\/home\/wp-json\/wp\/v2\/comments?post=9681"}],"version-history":[{"count":2,"href":"http:\/\/gradadigital.com\/home\/wp-json\/wp\/v2\/posts\/9681\/revisions"}],"predecessor-version":[{"id":9684,"href":"http:\/\/gradadigital.com\/home\/wp-json\/wp\/v2\/posts\/9681\/revisions\/9684"}],"wp:featuredmedia":[{"embeddable":true,"href":"http:\/\/gradadigital.com\/home\/wp-json\/wp\/v2\/media\/9523"}],"wp:attachment":[{"href":"http:\/\/gradadigital.com\/home\/wp-json\/wp\/v2\/media?parent=9681"}],"wp:term":[{"taxonomy":"category","embeddable":true,"href":"http:\/\/gradadigital.com\/home\/wp-json\/wp\/v2\/categories?post=9681"},{"taxonomy":"post_tag","embeddable":true,"href":"http:\/\/gradadigital.com\/home\/wp-json\/wp\/v2\/tags?post=9681"}],"curies":[{"name":"wp","href":"https:\/\/api.w.org\/{rel}","templated":true}]}}