{"id":9517,"date":"2014-02-21T21:51:39","date_gmt":"2014-02-22T02:21:39","guid":{"rendered":"http:\/\/gradadigital.com\/home\/?p=9517"},"modified":"2014-02-21T21:51:39","modified_gmt":"2014-02-22T02:21:39","slug":"juvencio-betancourt-estamos-bastante-motivados-y-con-mucha-tranquilidad","status":"publish","type":"post","link":"http:\/\/gradadigital.com\/home\/juvencio-betancourt-estamos-bastante-motivados-y-con-mucha-tranquilidad\/","title":{"rendered":"Juvencio Betancourt: \u00abEstamos bastante motivados y con mucha tranquilidad\u00bb"},"content":{"rendered":"<p style=\"text-align: center;\"><img decoding=\"async\" alt=\"http:\/\/gradadigital.com\/home\/wp-content\/uploads\/2014\/02\/juvencio_betancourt_anzoategui_penarol_copa_libertadores_12022014.jpg\" src=\"http:\/\/gradadigital.com\/home\/wp-content\/uploads\/2014\/02\/juvencio_betancourt_anzoategui_penarol_copa_libertadores_12022014.jpg\" \/><\/p>\n<p style=\"text-align: justify;\"><strong>C\u00e9sar Aular, Prensa DANZ. &#8211;<\/strong> El Deportivo Anzo\u00e1tegui realiz\u00f3 su \u00faltimo entrenamiento este viernes en la ma\u00f1ana en el Salvador de la Plaza antes de partir rumbo a Argentina, donde el Director T\u00e9cnico Juvencio Betancourt se encarg\u00f3 de afinar detalles junto al grupo antes de emprender vuelo rumbo a Buenos Aires.<\/p>\n<p style=\"text-align: justify;\">Betancourt aprovech\u00f3 adem\u00e1s tras finalizada la pr\u00e1ctica matutina para dar sus impresiones de lo que ser\u00e1 este segundo reto por el Grupo 8 de la Copa Libertadores donde enfrentar\u00e1n a un Arsenal de Sarand\u00ed que no ha sumado puntos luego de caer en su primera presentaci\u00f3n ante Santos.<\/p>\n<p style=\"text-align: justify;\"><strong>\u00abEstamos bastante motivados y con mucha tranquilidad, sabiendo que hicimos un buen partido y tuvimos cosas importantes en el debut de la Copa y pensando en seguir sumando en nuestro juego para seguir avanzando y tener posibilidades de pasar a segunda fase\u00bb<\/strong>, expres\u00f3.<\/p>\n<p style=\"text-align: justify;\">El cuerpo t\u00e9cnico ha evaluado al rival del pr\u00f3ximo martes por la noche tomando cada uno de los recaudos puntuales para evitar ser sorprendidos, tomando en cuenta que Arsenal saldr\u00e1 necesitado de sumar para no perder posibilidades dentro del grupo.<\/p>\n<p style=\"text-align: justify;\"><strong>\u00abSabemos que por la necesidad de Arsenal de jugar en casa y por no haber obtenido puntos en su primera jornada ellos saldr\u00e1n con mucha intensidad a presionarnos, los jugadores est\u00e1n conscientes de eso\u00bb<\/strong>, dijo en primera instancia asegurando adem\u00e1s que depender\u00e1 mucho de la personalidad y la paciencia que muestren sus jugadores para manejar el encuentro.<\/p>\n<p style=\"text-align: justify;\"><strong>\u00abNosotros tenemos que intentar ser m\u00e1s pacientes, m\u00e1s tranquilos, tener mucha personalidad para jugar la pelota por el piso, salir de la presi\u00f3n con mucha movilidad y manejo y por supuesto contrarrestar sus ataques e intentar nosotros imponernos en los momentos precisos\u00bb<\/strong>, solt\u00f3.<\/p>\n<p style=\"text-align: justify;\">Sobre las cualidades del cuadro argentino, el DT asegur\u00f3 que <strong>\u00abtienen delanteros fuertes de caracter\u00edsticas de lucha, con habilidades importantes y en la mitad de la cancha jugadores que manejan muy bien el bal\u00f3n como Rollet (Mart\u00edn) y Freire que le dan salida al equipo\u00bb<\/strong>.<\/p>\n<p style=\"text-align: justify;\">El Grupo 8 se ha perfilado con un Santos como \u00fanico invicto luego se sumar con triunfos en sus dos primeras fechas tanto en casa como fuera de ella, donde pudo vencer a Pe\u00f1arol. A esto \u00abTeto\u00bb apunt\u00f3: <strong>\u00abConsidero que al haber ganado Santos en Uruguay nos favoreci\u00f3 un poco ya que buscamos la manera de ir eliminando rivales y Pe\u00f1arol es uno de esos rivales que posiblemente va a pelear con nosotros ese segundo puesto\u00bb<\/strong>.<\/p>\n<p style=\"text-align: justify;\"><strong>\u00abSantos lo tenemos como uno de los m\u00e1s fuertes del grupo, nosotros intentaremos hacer un partido inteligente tomando en cuenta esa situaci\u00f3n, que seguramente ellos le van a sacar puntos a cualquier equipo de local o visitante\u00bb<\/strong>.<\/p>\n<p style=\"text-align: justify;\">DANZ espera cosechar su primer triunfo en su historial en una fase de grupos de la Copa Libertadores y Juvencio Betancourt est\u00e1 convencido de la posibilidad real del cuadro aurirrojo de acceder a los Octavos de Final de la competici\u00f3n.<\/p>\n<p style=\"text-align: justify;\"><strong>\u00abCuando miramos los partidos y hemos visto el resto de la Copa nos damos cuenta que tenemos la gran posibilidad. Todo es cuesti\u00f3n de que los jugadores se lo crean, hoy el trabajo mental es eso, de que si tenemos como intentar y hacer buen juego, seguramente tendremos la posibilidad de acceder a la siguiente fase\u00bb<\/strong>, finaliz\u00f3.<\/p>\n","protected":false},"excerpt":{"rendered":"<p>C\u00e9sar Aular, Prensa DANZ. &#8211; El Deportivo Anzo\u00e1tegui realiz\u00f3 su \u00faltimo entrenamiento este viernes en la ma\u00f1ana en el Salvador de la Plaza antes de partir rumbo a Argentina, donde el Director T\u00e9cnico Juvencio Betancourt se encarg\u00f3 de afinar detalles junto al grupo antes de emprender vuelo rumbo a Buenos Aires. Betancourt aprovech\u00f3 adem\u00e1s tras &#8230;<\/p>\n","protected":false},"author":3,"featured_media":9518,"comment_status":"closed","ping_status":"closed","sticky":false,"template":"","format":"standard","meta":{"footnotes":""},"categories":[37,10,36],"tags":[],"class_list":["post-9517","post","type-post","status-publish","format-standard","has-post-thumbnail","hentry","category-copa-libertadores","category-deportivo-anzoategui","category-internacional"],"_links":{"self":[{"href":"http:\/\/gradadigital.com\/home\/wp-json\/wp\/v2\/posts\/9517","targetHints":{"allow":["GET"]}}],"collection":[{"href":"http:\/\/gradadigital.com\/home\/wp-json\/wp\/v2\/posts"}],"about":[{"href":"http:\/\/gradadigital.com\/home\/wp-json\/wp\/v2\/types\/post"}],"author":[{"embeddable":true,"href":"http:\/\/gradadigital.com\/home\/wp-json\/wp\/v2\/users\/3"}],"replies":[{"embeddable":true,"href":"http:\/\/gradadigital.com\/home\/wp-json\/wp\/v2\/comments?post=9517"}],"version-history":[{"count":2,"href":"http:\/\/gradadigital.com\/home\/wp-json\/wp\/v2\/posts\/9517\/revisions"}],"predecessor-version":[{"id":9520,"href":"http:\/\/gradadigital.com\/home\/wp-json\/wp\/v2\/posts\/9517\/revisions\/9520"}],"wp:featuredmedia":[{"embeddable":true,"href":"http:\/\/gradadigital.com\/home\/wp-json\/wp\/v2\/media\/9518"}],"wp:attachment":[{"href":"http:\/\/gradadigital.com\/home\/wp-json\/wp\/v2\/media?parent=9517"}],"wp:term":[{"taxonomy":"category","embeddable":true,"href":"http:\/\/gradadigital.com\/home\/wp-json\/wp\/v2\/categories?post=9517"},{"taxonomy":"post_tag","embeddable":true,"href":"http:\/\/gradadigital.com\/home\/wp-json\/wp\/v2\/tags?post=9517"}],"curies":[{"name":"wp","href":"https:\/\/api.w.org\/{rel}","templated":true}]}}