{"id":9437,"date":"2014-02-20T15:57:09","date_gmt":"2014-02-20T20:27:09","guid":{"rendered":"http:\/\/gradadigital.com\/home\/?p=9437"},"modified":"2014-02-21T13:52:58","modified_gmt":"2014-02-21T18:22:58","slug":"fvf-se-jugara-por-decision-de-los-clubes","status":"publish","type":"post","link":"http:\/\/gradadigital.com\/home\/fvf-se-jugara-por-decision-de-los-clubes\/","title":{"rendered":"FVF: \u00abSe jugar\u00e1 por decisi\u00f3n de los clubes\u00bb"},"content":{"rendered":"<p style=\"text-align: center;\"><a href=\"http:\/\/gradadigital.com\/home\/wp-content\/uploads\/2013\/12\/rafael_esquivel_fvf_21122013.jpg\"><img loading=\"lazy\" decoding=\"async\" class=\"alignnone size-full wp-image-7244\" alt=\"rafael_esquivel_fvf_21122013\" src=\"http:\/\/gradadigital.com\/home\/wp-content\/uploads\/2013\/12\/rafael_esquivel_fvf_21122013.jpg\" width=\"682\" height=\"396\" srcset=\"http:\/\/gradadigital.com\/home\/wp-content\/uploads\/2013\/12\/rafael_esquivel_fvf_21122013.jpg 682w, http:\/\/gradadigital.com\/home\/wp-content\/uploads\/2013\/12\/rafael_esquivel_fvf_21122013-300x174.jpg 300w\" sizes=\"auto, (max-width: 682px) 100vw, 682px\" \/><\/a><\/p>\n<p style=\"text-align: justify;\"><strong>GradaDigital.com &#8211;<\/strong> A trav\u00e9s de un documento de prensa, la Federaci\u00f3n Venezolana de F\u00fatbol, quien realiza la Asamblea General Ordinaria en Porlamar, se refiri\u00f3 a la jornada del pr\u00f3ximo fin de semana, luego de que la Asociaci\u00f3n \u00danica de Futbolistas Profesionales de Venezuela a trav\u00e9s de un comunicado asegur\u00f3 que no se disputar\u00eda por la integridad de jugadores y directivos.<\/p>\n<p style=\"text-align: justify;\"><strong>\u00abOtro de los aspectos que fue considerado hoy, durante la Asamblea General Ordinaria de la FVF, en Porlamar, fue la celebraci\u00f3n este fin de semana de los campeonatos de Primera y Segunda Divisi\u00f3n profesional, Copa Movistar. Los Presidentes de los clubes presentes acordaron realizar la jornada del presente fin de semana, para lo cual recibieron el apoyo del ejecutivo nacional por medio del Ministro del Deporte, Antonio \u00c1lvarez (por medio de una llamada en conferencia), quien les garantiz\u00f3 que el Ministerio del Interior y Justicia brindar\u00e1 la seguridad necesaria para los traslados, alojamiento en los hoteles y la seguridad de los estadios para los partidos programados durante el presente fin de semana\u00bb<\/strong>, expres\u00f3 el documento de prensa, emitido por la FVF.<\/p>\n<p style=\"text-align: justify;\">De esta manera, el panorama del fin de semana sigue en disputa entre quienes deciden si jugarse o no. Por ahora, la FVF asegura que se efectuar\u00e1, pese a la decisi\u00f3n de la AUFPV.<\/p>\n","protected":false},"excerpt":{"rendered":"<p>GradaDigital.com &#8211; A trav\u00e9s de un documento de prensa, la Federaci\u00f3n Venezolana de F\u00fatbol, quien realiza la Asamblea General Ordinaria en Porlamar, se refiri\u00f3 a la jornada del pr\u00f3ximo fin de semana, luego de que la Asociaci\u00f3n \u00danica de Futbolistas Profesionales de Venezuela a trav\u00e9s de un comunicado asegur\u00f3 que no se disputar\u00eda por la &#8230;<\/p>\n","protected":false},"author":4,"featured_media":7244,"comment_status":"closed","ping_status":"closed","sticky":false,"template":"","format":"standard","meta":{"footnotes":""},"categories":[5,31,30,33],"tags":[],"class_list":["post-9437","post","type-post","status-publish","format-standard","has-post-thumbnail","hentry","category-futbol-nacional","category-primera-division","category-segunda-divison","category-segunda-division-b"],"_links":{"self":[{"href":"http:\/\/gradadigital.com\/home\/wp-json\/wp\/v2\/posts\/9437","targetHints":{"allow":["GET"]}}],"collection":[{"href":"http:\/\/gradadigital.com\/home\/wp-json\/wp\/v2\/posts"}],"about":[{"href":"http:\/\/gradadigital.com\/home\/wp-json\/wp\/v2\/types\/post"}],"author":[{"embeddable":true,"href":"http:\/\/gradadigital.com\/home\/wp-json\/wp\/v2\/users\/4"}],"replies":[{"embeddable":true,"href":"http:\/\/gradadigital.com\/home\/wp-json\/wp\/v2\/comments?post=9437"}],"version-history":[{"count":3,"href":"http:\/\/gradadigital.com\/home\/wp-json\/wp\/v2\/posts\/9437\/revisions"}],"predecessor-version":[{"id":9507,"href":"http:\/\/gradadigital.com\/home\/wp-json\/wp\/v2\/posts\/9437\/revisions\/9507"}],"wp:featuredmedia":[{"embeddable":true,"href":"http:\/\/gradadigital.com\/home\/wp-json\/wp\/v2\/media\/7244"}],"wp:attachment":[{"href":"http:\/\/gradadigital.com\/home\/wp-json\/wp\/v2\/media?parent=9437"}],"wp:term":[{"taxonomy":"category","embeddable":true,"href":"http:\/\/gradadigital.com\/home\/wp-json\/wp\/v2\/categories?post=9437"},{"taxonomy":"post_tag","embeddable":true,"href":"http:\/\/gradadigital.com\/home\/wp-json\/wp\/v2\/tags?post=9437"}],"curies":[{"name":"wp","href":"https:\/\/api.w.org\/{rel}","templated":true}]}}