{"id":9418,"date":"2014-02-20T13:26:28","date_gmt":"2014-02-20T17:56:28","guid":{"rendered":"http:\/\/gradadigital.com\/home\/?p=9418"},"modified":"2014-02-20T17:18:18","modified_gmt":"2014-02-20T21:48:18","slug":"video-zamora-con-la-ilusion-esta-noche-en-asuncion","status":"publish","type":"post","link":"http:\/\/gradadigital.com\/home\/video-zamora-con-la-ilusion-esta-noche-en-asuncion\/","title":{"rendered":"+VIDEO | Zamora con la ilusi\u00f3n esta noche en Asunci\u00f3n"},"content":{"rendered":"<p style=\"text-align: center;\"><iframe loading=\"lazy\" width=\"682\" height=\"348\" src=\"http:\/\/www.youtube.com\/embed\/eOwzT86_T9k?rel=0\" frameborder=\"0\" allowfullscreen><\/iframe>\n<p style=\"text-align: justify;\"><strong>Peter Herrera, Prensa Zamora FC. &#8211;<\/strong> El Zamora F\u00fatbol Club cerr\u00f3 su preparaci\u00f3n previa este mi\u00e9rcoles, previo al segundo encuentro de la Fase de Grupos en la Copa Libertadores 2014; los dirigidos por Noel\u00a0 Sanvicente est\u00e1n a tono para sacar puntos en la capital paraguaya el jueves 20 a las 6:30 de la tarde hora venezolana.<\/p>\n<p style=\"text-align: justify;\">Tras una semana llena de entrenamientos en las distintas canchas de Asunci\u00f3n, el blanquinegro se siente capacitado para sumar de visitante. Alexis Angulo, cancerbero titular, coment\u00f3 al respecto que <strong>\u00abtenemos mucha tranquilidad dentro del grupo, venimos de hacer un grandioso partido en casa ante el Atl\u00e9tico Mineiro donde lastimosamente no pudimos sellar por lo menos un punto. Los errores que se cometieron ese d\u00eda se han corregido y ya estamos pensando en llevarnos la victoria a Barinas\u00bb<\/strong>.<\/p>\n<p style=\"text-align: center;\"><img decoding=\"async\" alt=\"http:\/\/gradadigital.com\/home\/wp-content\/uploads\/2014\/02\/noel_sanvicente_defensores_del_chaco_paraguay_entrenamiento_zamora_19022014.jpg\" src=\"http:\/\/gradadigital.com\/home\/wp-content\/uploads\/2014\/02\/noel_sanvicente_defensores_del_chaco_paraguay_entrenamiento_zamora_19022014.jpg\" \/><\/p>\n<p style=\"text-align: justify;\">Por otro lado el capit\u00e1n llanero, Luis Vargas, a\u00f1adi\u00f3 la importancia de mantener la concentraci\u00f3n los 90 minutos del cotejo para poder sumar <strong>\u00abya esta es mi segunda experiencia en Libertadores con el Zamora, sabemos c\u00f3mo siempre nos lo ha recalcado el profesor (Sanvicente) que estas son competencias donde no podemos regalar nada, donde un error se paga caro y creo que all\u00ed estar\u00e1 la clave para poder sumar en el estadio Defensores del Chaco\u00bb<\/strong>.<\/p>\n<p style=\"text-align: justify;\">Una de las trabas que m\u00e1s se han presentado en el actual monarca del f\u00fatbol venezolano, es la falta de gol, Juan Falc\u00f3n artillero emblema de los barineses declar\u00f3 que <strong>\u00absabemos que para el club es importante que el gol llegue lo m\u00e1s pronto posible. Tanto yo como mis compa\u00f1eros nos preparamos todos los d\u00edas para esto, queremos seguir siendo competitivos en todas las competencias. No tengo ning\u00fan tipo de ansiedad por marcar, creo que estamos trabajando en conjunto para que los resultados lleguen en su momento. Sabemos que esta ser\u00e1 la oportunidad de regresar a la Copa y no la vamos a desperdiciar\u00bb<\/strong>.<\/p>\n<p style=\"text-align: justify;\">El segundo duelo de la zafra internacional se disputar\u00e1 este pr\u00f3ximo jueves a las 6:30 de la tarde, hora venezolana, con la terna uruguaya conformada por el \u00c1rbitro Principal Christian Ferreyra y los Asistentes Carlos Changala y Gabriel Popovits.<\/p>\n","protected":false},"excerpt":{"rendered":"<p>Peter Herrera, Prensa Zamora FC. &#8211; El Zamora F\u00fatbol Club cerr\u00f3 su preparaci\u00f3n previa este mi\u00e9rcoles, previo al segundo encuentro de la Fase de Grupos en la Copa Libertadores 2014; los dirigidos por Noel\u00a0 Sanvicente est\u00e1n a tono para sacar puntos en la capital paraguaya el jueves 20 a las 6:30 de la tarde hora &#8230;<\/p>\n","protected":false},"author":4,"featured_media":9419,"comment_status":"closed","ping_status":"closed","sticky":false,"template":"","format":"standard","meta":{"footnotes":""},"categories":[27,37,36,21],"tags":[],"class_list":["post-9418","post","type-post","status-publish","format-standard","has-post-thumbnail","hentry","category-video","category-copa-libertadores","category-internacional","category-zamora-fc"],"_links":{"self":[{"href":"http:\/\/gradadigital.com\/home\/wp-json\/wp\/v2\/posts\/9418","targetHints":{"allow":["GET"]}}],"collection":[{"href":"http:\/\/gradadigital.com\/home\/wp-json\/wp\/v2\/posts"}],"about":[{"href":"http:\/\/gradadigital.com\/home\/wp-json\/wp\/v2\/types\/post"}],"author":[{"embeddable":true,"href":"http:\/\/gradadigital.com\/home\/wp-json\/wp\/v2\/users\/4"}],"replies":[{"embeddable":true,"href":"http:\/\/gradadigital.com\/home\/wp-json\/wp\/v2\/comments?post=9418"}],"version-history":[{"count":5,"href":"http:\/\/gradadigital.com\/home\/wp-json\/wp\/v2\/posts\/9418\/revisions"}],"predecessor-version":[{"id":9441,"href":"http:\/\/gradadigital.com\/home\/wp-json\/wp\/v2\/posts\/9418\/revisions\/9441"}],"wp:featuredmedia":[{"embeddable":true,"href":"http:\/\/gradadigital.com\/home\/wp-json\/wp\/v2\/media\/9419"}],"wp:attachment":[{"href":"http:\/\/gradadigital.com\/home\/wp-json\/wp\/v2\/media?parent=9418"}],"wp:term":[{"taxonomy":"category","embeddable":true,"href":"http:\/\/gradadigital.com\/home\/wp-json\/wp\/v2\/categories?post=9418"},{"taxonomy":"post_tag","embeddable":true,"href":"http:\/\/gradadigital.com\/home\/wp-json\/wp\/v2\/tags?post=9418"}],"curies":[{"name":"wp","href":"https:\/\/api.w.org\/{rel}","templated":true}]}}