{"id":9087,"date":"2014-02-14T16:24:28","date_gmt":"2014-02-14T20:54:28","guid":{"rendered":"http:\/\/gradadigital.com\/home\/?p=9087"},"modified":"2014-02-16T13:32:38","modified_gmt":"2014-02-16T18:02:38","slug":"las-lesiones-perjudicaron-a-guarino-y-no-seguira-en-el-caracas","status":"publish","type":"post","link":"http:\/\/gradadigital.com\/home\/las-lesiones-perjudicaron-a-guarino-y-no-seguira-en-el-caracas\/","title":{"rendered":"Las lesiones perjudicaron a Guarino y no seguir\u00e1 en el Caracas"},"content":{"rendered":"<p style=\"text-align: center;\"><img loading=\"lazy\" decoding=\"async\" class=\"alignnone size-full wp-image-4045\" alt=\"javier_guarino_caracas_carabobo_25082013\" src=\"http:\/\/gradadigital.com\/home\/wp-content\/uploads\/2013\/08\/javier_guarino_caracas_carabobo_25082013.jpg\" width=\"596\" height=\"346\" srcset=\"http:\/\/gradadigital.com\/home\/wp-content\/uploads\/2013\/08\/javier_guarino_caracas_carabobo_25082013.jpg 596w, http:\/\/gradadigital.com\/home\/wp-content\/uploads\/2013\/08\/javier_guarino_caracas_carabobo_25082013-300x174.jpg 300w\" sizes=\"auto, (max-width: 596px) 100vw, 596px\" \/><\/p>\n<p style=\"text-align: justify;\"><strong>Prensa Caracas FC. &#8211;<\/strong> El uruguayo Javier Guarino no seguir\u00e1 en las filas del Caracas F\u00fatbol Club luego de acordar con la directiva la rescisi\u00f3n de su contrato, que lo manten\u00eda atado a la instituci\u00f3n hasta el pr\u00f3ximo 31 de mayo.<\/p>\n<p style=\"text-align: justify;\">Las lesiones fueron el principal enemigo del delantero charr\u00faa, quien el pasado domingo regres\u00f3 a los entrenamientos con la plantilla del primer equipo, pero dos d\u00edas despu\u00e9s volvi\u00f3 a resentirse. Esto, aunado a asuntos familiares, llev\u00f3 a ambas partes a finiquitar la relaci\u00f3n contractual.<\/p>\n<p style=\"text-align: justify;\">Durante el primer semestre, Guarino particip\u00f3 en 11 cotejos como titular y se hizo presente con las redes en 3 ocasiones, hasta que apareci\u00f3 el desgarro que lo alej\u00f3 del terreno de juego y que ha impedido que vuelva a la acci\u00f3n.<\/p>\n<p style=\"text-align: justify;\">De parte de la directiva, jugadores y cuerpo t\u00e9cnico le agradecemos su entrega y aporte para el club, dese\u00e1ndole lo mejor en los pr\u00f3ximos retos que llegar\u00e1n dados a su calidad como profesional y como ser humano.<\/p>\n","protected":false},"excerpt":{"rendered":"<p>Prensa Caracas FC. &#8211; El uruguayo Javier Guarino no seguir\u00e1 en las filas del Caracas F\u00fatbol Club luego de acordar con la directiva la rescisi\u00f3n de su contrato, que lo manten\u00eda atado a la instituci\u00f3n hasta el pr\u00f3ximo 31 de mayo. Las lesiones fueron el principal enemigo del delantero charr\u00faa, quien el pasado domingo regres\u00f3 &#8230;<\/p>\n","protected":false},"author":4,"featured_media":4045,"comment_status":"closed","ping_status":"closed","sticky":false,"template":"","format":"standard","meta":{"footnotes":""},"categories":[9,5,31],"tags":[],"class_list":["post-9087","post","type-post","status-publish","format-standard","has-post-thumbnail","hentry","category-caracas-fc","category-futbol-nacional","category-primera-division"],"_links":{"self":[{"href":"http:\/\/gradadigital.com\/home\/wp-json\/wp\/v2\/posts\/9087","targetHints":{"allow":["GET"]}}],"collection":[{"href":"http:\/\/gradadigital.com\/home\/wp-json\/wp\/v2\/posts"}],"about":[{"href":"http:\/\/gradadigital.com\/home\/wp-json\/wp\/v2\/types\/post"}],"author":[{"embeddable":true,"href":"http:\/\/gradadigital.com\/home\/wp-json\/wp\/v2\/users\/4"}],"replies":[{"embeddable":true,"href":"http:\/\/gradadigital.com\/home\/wp-json\/wp\/v2\/comments?post=9087"}],"version-history":[{"count":3,"href":"http:\/\/gradadigital.com\/home\/wp-json\/wp\/v2\/posts\/9087\/revisions"}],"predecessor-version":[{"id":9100,"href":"http:\/\/gradadigital.com\/home\/wp-json\/wp\/v2\/posts\/9087\/revisions\/9100"}],"wp:featuredmedia":[{"embeddable":true,"href":"http:\/\/gradadigital.com\/home\/wp-json\/wp\/v2\/media\/4045"}],"wp:attachment":[{"href":"http:\/\/gradadigital.com\/home\/wp-json\/wp\/v2\/media?parent=9087"}],"wp:term":[{"taxonomy":"category","embeddable":true,"href":"http:\/\/gradadigital.com\/home\/wp-json\/wp\/v2\/categories?post=9087"},{"taxonomy":"post_tag","embeddable":true,"href":"http:\/\/gradadigital.com\/home\/wp-json\/wp\/v2\/tags?post=9087"}],"curies":[{"name":"wp","href":"https:\/\/api.w.org\/{rel}","templated":true}]}}