{"id":8987,"date":"2014-02-12T10:24:22","date_gmt":"2014-02-12T14:54:22","guid":{"rendered":"http:\/\/gradadigital.com\/home\/?p=8987"},"modified":"2014-02-14T00:22:06","modified_gmt":"2014-02-14T04:52:06","slug":"la-copa-america-de-chile-2015-ya-tiene-fecha","status":"publish","type":"post","link":"http:\/\/gradadigital.com\/home\/la-copa-america-de-chile-2015-ya-tiene-fecha\/","title":{"rendered":"La Copa Am\u00e9rica de Chile 2015 ya tiene fecha"},"content":{"rendered":"<p style=\"text-align: center;\"><img loading=\"lazy\" decoding=\"async\" class=\"alignnone size-full wp-image-4650\" alt=\"aficionado_chile_venezuela_06092013\" src=\"http:\/\/gradadigital.com\/home\/wp-content\/uploads\/2013\/09\/aficionado_chile_venezuela_06092013.jpg\" width=\"596\" height=\"346\" srcset=\"http:\/\/gradadigital.com\/home\/wp-content\/uploads\/2013\/09\/aficionado_chile_venezuela_06092013.jpg 596w, http:\/\/gradadigital.com\/home\/wp-content\/uploads\/2013\/09\/aficionado_chile_venezuela_06092013-300x174.jpg 300w\" sizes=\"auto, (max-width: 596px) 100vw, 596px\" \/><\/p>\n<p style=\"text-align: justify;\"><strong>Prensa CONMEBOL. &#8211;<\/strong> La Copa Am\u00e9rica Chile 2015, se disputar\u00e1 del 11 de junio al 4 de julio del a\u00f1o pr\u00f3ximo. Es la decisi\u00f3n adoptada por las autoridades de la CONMEBOL, reunidas el martes 11 de febrero en la Casa del F\u00fatbol Sudamericano, bajo la presidencia del Sr. Eugenio Figueredo.<\/p>\n<p style=\"text-align: justify;\">Una impecable exposici\u00f3n de las tareas realizadas y lo que queda por hacer, expuso el Sr. Sergio Jadue, Presidente de la Federaci\u00f3n de F\u00fatbol de Chile y Vice-presidente de la CONMEBOL, sobre los trabajos que est\u00e1 encarando Chile en relaci\u00f3n a la competici\u00f3n m\u00e1s importante, a nivel de selecciones, que tiene Sudam\u00e9rica.<\/p>\n<p style=\"text-align: justify;\">En su exposici\u00f3n, el dirigente relat\u00f3 todos los pormenores de la organizaci\u00f3n y que, como tantas veces, su pa\u00eds honrar\u00e1 el compromiso asumido para prestigiar la tradici\u00f3n sudamericana. El Sr. Jadue anunci\u00f3 las ocho ciudades que ser\u00e1n sedes del torneo m\u00e1s antiguo en el mundo: Antofagasta, Valpara\u00edso, La Serena, Vi\u00f1a del Mar, Concepci\u00f3n, Temuco, Rancagua y la capital, Santiago de Chile.<\/p>\n<p style=\"text-align: justify;\"><strong>Congreso en San Pablo<\/strong><br \/>\nEl 64\u00b0 Congreso Ordinario de la Confederaci\u00f3n Sudamericana de F\u00fatbol, se llevar\u00e1 a cabo el 8 de junio del presente a\u00f1o, con motivo del Centenario de la fundaci\u00f3n de la Confederaci\u00f3n Brasile\u00f1a de F\u00fatbol, en la ciudad de San Pablo, a pocos d\u00edas de la puesta en marcha del Campeonato Mundial de la FIFA.<\/p>\n<p style=\"text-align: justify;\">El c\u00f3nclave, es el m\u00e1ximo evento institucional, donde el Presidente Eugenio Figueredo, har\u00e1 un relatorio de todas las actividades cumplidas bajo su administraci\u00f3n. En ese sentido la m\u00e1xima instancia del futbol Sudamericano, aprob\u00f3 el nuevo estatuto vigente desde el 1 de agosto del a\u00f1o 2013, conjunto de leyes, cuya orientaci\u00f3n tiende a la modernidad y consolidaci\u00f3n institucional. La m\u00e1s resaltante, en ese sentido, es la promulgaci\u00f3n de las tres vicepresidencias que ejercen los Sres: Juan \u00c1ngel Napout, Luis Bedoya y Sergio Jadue, en ese orden. Y el nombramiento del Sr. Carlos Ch\u00e1vez Land\u00edvar, como nuevo tesorero de la entidad.<\/p>\n<p style=\"text-align: justify;\"><strong>Sub-15<br \/>\n<\/strong>Otro tema debatido en la reuni\u00f3n fue el Campeonato Sudamericano de la categor\u00eda Sub-15, el \u00fanico torneo oficial de una Confederaci\u00f3n, que tiene el prop\u00f3sito de insertarse en la cadena de formaci\u00f3n integral del futuro futbolista. A prop\u00f3sito, se resolvi\u00f3 que el torneo se dispute en forma rotatoria, por orden alfab\u00e9tico.<\/p>\n<p style=\"text-align: justify;\">Otra determinaci\u00f3n es la eliminatoria del futbol-playa. La Federaci\u00f3n Ecuatoriana de Futbol, asumi\u00f3 su organizaci\u00f3n, en vista al mundial de Portugal 2015 de la FIFA. El certamen tendr\u00e1 por marco la ciudad de Manta, Ecuador.<\/p>\n","protected":false},"excerpt":{"rendered":"<p>Prensa CONMEBOL. &#8211; La Copa Am\u00e9rica Chile 2015, se disputar\u00e1 del 11 de junio al 4 de julio del a\u00f1o pr\u00f3ximo. Es la decisi\u00f3n adoptada por las autoridades de la CONMEBOL, reunidas el martes 11 de febrero en la Casa del F\u00fatbol Sudamericano, bajo la presidencia del Sr. Eugenio Figueredo. Una impecable exposici\u00f3n de las &#8230;<\/p>\n","protected":false},"author":4,"featured_media":4650,"comment_status":"closed","ping_status":"closed","sticky":false,"template":"","format":"standard","meta":{"footnotes":""},"categories":[42,36,35,40,3],"tags":[],"class_list":["post-8987","post","type-post","status-publish","format-standard","has-post-thumbnail","hentry","category-copa-america","category-internacional","category-otras-categorias","category-seleccion-nacional-mayores","category-seleccion-nacional"],"_links":{"self":[{"href":"http:\/\/gradadigital.com\/home\/wp-json\/wp\/v2\/posts\/8987","targetHints":{"allow":["GET"]}}],"collection":[{"href":"http:\/\/gradadigital.com\/home\/wp-json\/wp\/v2\/posts"}],"about":[{"href":"http:\/\/gradadigital.com\/home\/wp-json\/wp\/v2\/types\/post"}],"author":[{"embeddable":true,"href":"http:\/\/gradadigital.com\/home\/wp-json\/wp\/v2\/users\/4"}],"replies":[{"embeddable":true,"href":"http:\/\/gradadigital.com\/home\/wp-json\/wp\/v2\/comments?post=8987"}],"version-history":[{"count":3,"href":"http:\/\/gradadigital.com\/home\/wp-json\/wp\/v2\/posts\/8987\/revisions"}],"predecessor-version":[{"id":9066,"href":"http:\/\/gradadigital.com\/home\/wp-json\/wp\/v2\/posts\/8987\/revisions\/9066"}],"wp:featuredmedia":[{"embeddable":true,"href":"http:\/\/gradadigital.com\/home\/wp-json\/wp\/v2\/media\/4650"}],"wp:attachment":[{"href":"http:\/\/gradadigital.com\/home\/wp-json\/wp\/v2\/media?parent=8987"}],"wp:term":[{"taxonomy":"category","embeddable":true,"href":"http:\/\/gradadigital.com\/home\/wp-json\/wp\/v2\/categories?post=8987"},{"taxonomy":"post_tag","embeddable":true,"href":"http:\/\/gradadigital.com\/home\/wp-json\/wp\/v2\/tags?post=8987"}],"curies":[{"name":"wp","href":"https:\/\/api.w.org\/{rel}","templated":true}]}}