{"id":8856,"date":"2014-02-09T22:44:47","date_gmt":"2014-02-10T03:14:47","guid":{"rendered":"http:\/\/gradadigital.com\/home\/?p=8856"},"modified":"2014-02-10T09:47:39","modified_gmt":"2014-02-10T14:17:39","slug":"fotos-el-campeon-de-america-esta-en-barinas","status":"publish","type":"post","link":"http:\/\/gradadigital.com\/home\/fotos-el-campeon-de-america-esta-en-barinas\/","title":{"rendered":"+FOTOS | El campe\u00f3n de Am\u00e9rica est\u00e1 en Barinas"},"content":{"rendered":"<p style=\"text-align: center;\"><img loading=\"lazy\" decoding=\"async\" class=\"alignnone size-full wp-image-8876\" alt=\"ronaldinho_mineiro_entrenamiento_barinas_09022014\" src=\"http:\/\/gradadigital.com\/home\/wp-content\/uploads\/2014\/02\/ronaldinho_mineiro_entrenamiento_barinas_09022014.jpg\" width=\"596\" height=\"346\" srcset=\"http:\/\/gradadigital.com\/home\/wp-content\/uploads\/2014\/02\/ronaldinho_mineiro_entrenamiento_barinas_09022014.jpg 596w, http:\/\/gradadigital.com\/home\/wp-content\/uploads\/2014\/02\/ronaldinho_mineiro_entrenamiento_barinas_09022014-300x174.jpg 300w\" sizes=\"auto, (max-width: 596px) 100vw, 596px\" \/><\/p>\n<p style=\"text-align: justify;\"><strong>Freddy Bautista, Barinas. &#8211;<\/strong> El Atl\u00e9tico Mineiro, ya instalado en suelo barin\u00e9s, realiz\u00f3 este domingo a las 5:00 pm su primera sesi\u00f3n de entrenamientos en la cancha del Fuerte Tavacare.<\/p>\n<p style=\"text-align: justify;\">Entre las figuras destacadas estuvo el internacional, Ronaldinho Ga\u00facho, quien lleg\u00f3 acompa\u00f1ado de\u00a0dos guardaespaldas y al finalizar el entrenamiento comparti\u00f3 con los asistentes que se ubicaban en la tribuna, donde los salud\u00f3 y firm\u00f3 un par de aut\u00f3grafos.<\/p>\n<p style=\"text-align: justify;\">Cabe destacar que la presencia del conjunto brasile\u00f1o en tierras llaneras se debe al encuentro que protagonizar\u00e1n el campe\u00f3n de am\u00e9rica (Atl\u00e9tico Mineiro) y el campe\u00f3n de Venezuela (Zamora FC), quienes medir\u00e1n fuerza este martes desde las 7:45 pm en el engramado del Agust\u00edn Tovar \u00abLa Carolina\u00bb, en partido correspondiente a la primera jornada del Grupo 4 de la Copa Libertadores 2014.<\/p>\n<p style=\"text-align: center;\"><strong>FOTOS<\/strong><br \/>\n<img loading=\"lazy\" decoding=\"async\" class=\"alignnone size-full wp-image-8877\" alt=\"ronaldinho_mineiro_entrenamiento_barinas_09022014_3\" src=\"http:\/\/gradadigital.com\/home\/wp-content\/uploads\/2014\/02\/ronaldinho_mineiro_entrenamiento_barinas_09022014_3.jpg\" width=\"596\" height=\"346\" srcset=\"http:\/\/gradadigital.com\/home\/wp-content\/uploads\/2014\/02\/ronaldinho_mineiro_entrenamiento_barinas_09022014_3.jpg 596w, http:\/\/gradadigital.com\/home\/wp-content\/uploads\/2014\/02\/ronaldinho_mineiro_entrenamiento_barinas_09022014_3-300x174.jpg 300w\" sizes=\"auto, (max-width: 596px) 100vw, 596px\" \/><\/p>\n<p style=\"text-align: center;\"><img loading=\"lazy\" decoding=\"async\" class=\"alignnone size-full wp-image-8878\" alt=\"victor_leandro_atletico_mineiro_barinas_entrenamiento_09022014\" src=\"http:\/\/gradadigital.com\/home\/wp-content\/uploads\/2014\/02\/victor_leandro_atletico_mineiro_barinas_entrenamiento_09022014.jpg\" width=\"596\" height=\"346\" srcset=\"http:\/\/gradadigital.com\/home\/wp-content\/uploads\/2014\/02\/victor_leandro_atletico_mineiro_barinas_entrenamiento_09022014.jpg 596w, http:\/\/gradadigital.com\/home\/wp-content\/uploads\/2014\/02\/victor_leandro_atletico_mineiro_barinas_entrenamiento_09022014-300x174.jpg 300w\" sizes=\"auto, (max-width: 596px) 100vw, 596px\" \/><\/p>\n<p style=\"text-align: center;\"><img loading=\"lazy\" decoding=\"async\" class=\"alignnone size-full wp-image-8880\" alt=\"ronaldinho_mineiro_entrenamiento_barinas_09022014_2\" src=\"http:\/\/gradadigital.com\/home\/wp-content\/uploads\/2014\/02\/ronaldinho_mineiro_entrenamiento_barinas_09022014_2.jpg\" width=\"596\" height=\"346\" srcset=\"http:\/\/gradadigital.com\/home\/wp-content\/uploads\/2014\/02\/ronaldinho_mineiro_entrenamiento_barinas_09022014_2.jpg 596w, http:\/\/gradadigital.com\/home\/wp-content\/uploads\/2014\/02\/ronaldinho_mineiro_entrenamiento_barinas_09022014_2-300x174.jpg 300w\" sizes=\"auto, (max-width: 596px) 100vw, 596px\" \/><\/p>\n<p style=\"text-align: center;\"><img loading=\"lazy\" decoding=\"async\" class=\"alignnone size-full wp-image-8879\" alt=\"atletico_mineiro_barinas_entrenamiento_09022014_2\" src=\"http:\/\/gradadigital.com\/home\/wp-content\/uploads\/2014\/02\/atletico_mineiro_barinas_entrenamiento_09022014_2.jpg\" width=\"596\" height=\"346\" srcset=\"http:\/\/gradadigital.com\/home\/wp-content\/uploads\/2014\/02\/atletico_mineiro_barinas_entrenamiento_09022014_2.jpg 596w, http:\/\/gradadigital.com\/home\/wp-content\/uploads\/2014\/02\/atletico_mineiro_barinas_entrenamiento_09022014_2-300x174.jpg 300w\" sizes=\"auto, (max-width: 596px) 100vw, 596px\" \/><\/p>\n<p style=\"text-align: center;\"><img loading=\"lazy\" decoding=\"async\" class=\"alignnone size-full wp-image-8881\" alt=\"atletico_mineiro_barinas_entrenamiento_09022014\" src=\"http:\/\/gradadigital.com\/home\/wp-content\/uploads\/2014\/02\/atletico_mineiro_barinas_entrenamiento_09022014.jpg\" width=\"596\" height=\"346\" srcset=\"http:\/\/gradadigital.com\/home\/wp-content\/uploads\/2014\/02\/atletico_mineiro_barinas_entrenamiento_09022014.jpg 596w, http:\/\/gradadigital.com\/home\/wp-content\/uploads\/2014\/02\/atletico_mineiro_barinas_entrenamiento_09022014-300x174.jpg 300w\" sizes=\"auto, (max-width: 596px) 100vw, 596px\" \/><\/p>\n","protected":false},"excerpt":{"rendered":"<p>Freddy Bautista, Barinas. &#8211; El Atl\u00e9tico Mineiro, ya instalado en suelo barin\u00e9s, realiz\u00f3 este domingo a las 5:00 pm su primera sesi\u00f3n de entrenamientos en la cancha del Fuerte Tavacare. Entre las figuras destacadas estuvo el internacional, Ronaldinho Ga\u00facho, quien lleg\u00f3 acompa\u00f1ado de\u00a0dos guardaespaldas y al finalizar el entrenamiento comparti\u00f3 con los asistentes que se &#8230;<\/p>\n","protected":false},"author":4,"featured_media":8880,"comment_status":"closed","ping_status":"closed","sticky":false,"template":"","format":"standard","meta":{"footnotes":""},"categories":[43,37,36],"tags":[],"class_list":["post-8856","post","type-post","status-publish","format-standard","has-post-thumbnail","hentry","category-fotos","category-copa-libertadores","category-internacional"],"_links":{"self":[{"href":"http:\/\/gradadigital.com\/home\/wp-json\/wp\/v2\/posts\/8856","targetHints":{"allow":["GET"]}}],"collection":[{"href":"http:\/\/gradadigital.com\/home\/wp-json\/wp\/v2\/posts"}],"about":[{"href":"http:\/\/gradadigital.com\/home\/wp-json\/wp\/v2\/types\/post"}],"author":[{"embeddable":true,"href":"http:\/\/gradadigital.com\/home\/wp-json\/wp\/v2\/users\/4"}],"replies":[{"embeddable":true,"href":"http:\/\/gradadigital.com\/home\/wp-json\/wp\/v2\/comments?post=8856"}],"version-history":[{"count":4,"href":"http:\/\/gradadigital.com\/home\/wp-json\/wp\/v2\/posts\/8856\/revisions"}],"predecessor-version":[{"id":8906,"href":"http:\/\/gradadigital.com\/home\/wp-json\/wp\/v2\/posts\/8856\/revisions\/8906"}],"wp:featuredmedia":[{"embeddable":true,"href":"http:\/\/gradadigital.com\/home\/wp-json\/wp\/v2\/media\/8880"}],"wp:attachment":[{"href":"http:\/\/gradadigital.com\/home\/wp-json\/wp\/v2\/media?parent=8856"}],"wp:term":[{"taxonomy":"category","embeddable":true,"href":"http:\/\/gradadigital.com\/home\/wp-json\/wp\/v2\/categories?post=8856"},{"taxonomy":"post_tag","embeddable":true,"href":"http:\/\/gradadigital.com\/home\/wp-json\/wp\/v2\/tags?post=8856"}],"curies":[{"name":"wp","href":"https:\/\/api.w.org\/{rel}","templated":true}]}}