{"id":8355,"date":"2014-01-31T04:26:09","date_gmt":"2014-01-31T08:56:09","guid":{"rendered":"http:\/\/gradadigital.com\/home\/?p=8355"},"modified":"2014-01-31T08:52:11","modified_gmt":"2014-01-31T13:22:11","slug":"video-sarago-lo-normal-es-que-clasifique-lanus-y-nosotros-quedemos-eliminados","status":"publish","type":"post","link":"http:\/\/gradadigital.com\/home\/video-sarago-lo-normal-es-que-clasifique-lanus-y-nosotros-quedemos-eliminados\/","title":{"rendered":"VIDEO | Sarag\u00f3: \u00abLo normal es que clasifique Lan\u00fas y nosotros quedemos eliminados\u00bb"},"content":{"rendered":"<p style=\"text-align: center;\"><iframe loading=\"lazy\" width=\"682\" height=\"348\" src=\"http:\/\/www.youtube.com\/embed\/0sZGLAkBKaM?rel=0\" frameborder=\"0\" allowfullscreen><\/iframe>\n<p style=\"text-align: justify;\"><strong>GradaDigital.com &#8211;<\/strong> Finalizado el encuentro con derrota para el Caracas FC (0-2) al recibir a Lan\u00fas, el estratega capitalino, Eduardo Sarag\u00f3, fue contundente en su apreciaci\u00f3n sobre lo que fue el desarrollo del encuentro, en donde detall\u00f3 las razones de los cambios realizados, y se hizo responsable por lo que present\u00f3 el equipo: <strong>\u00abOtero no ten\u00eda que haber jugador\u00bb<\/strong>, expres\u00f3.<\/p>\n<p style=\"text-align: justify;\"><strong>\u00abEl encuentro fue parejo. El campe\u00f3n de Sudam\u00e9rica nos gan\u00f3 con un tiro de esquina que nosotros regalamos, y un penal que no fue\u00bb<\/strong>, dijo el estratega cuestionando el arbitraje del peruano\u00a0V\u00edctor Carrillo. Adem\u00e1s, consider\u00f3 que quienes ingresaron en el segundo tiempo fueron m\u00e1s efectivos que los cambiados, teniendo desde su perspectiva a Wuiswell Isea como el m\u00e1s destacado, lo que le preocupa al saber que el resto del equipo tiene m\u00e1s d\u00edas de trabajo. <strong>\u00abFue el mejor de la cancha. Nosotros carecemos de un jugador as\u00ed, que entregue opciones para anotar\u00bb<\/strong>, sotuvo.<\/p>\n<p style=\"text-align: justify;\">R\u00f3mulo Otero fue cambiado en el segundo tiempo, lo que para Sarag\u00f3 tuvo su justificaci\u00f3n. <strong>\u00abEn los \u00faltimos partidos no viene jugando bien y es mi responsabilidad. Perdi\u00f3 14 balones en 40 minutos, pero el culpable soy yo que lo puse a jugar\u00bb<\/strong>.<\/p>\n<p style=\"text-align: justify;\">Sarag\u00f3 guarda una esperanza para el encuentro de vuelta, pero indic\u00f3 que <strong>\u00ablo l\u00f3gico es que Lan\u00fas clasifique y nosotros quedemos eliminados\u00bb<\/strong>. El t\u00e9cnico considera que deber\u00e1 analizar el rendimiento del equipo y ajustar.<strong> \u00abEsto no es una caimanera o PlayStation que se dribla a todos, esto es f\u00fatbol profesional de alta competencia\u00bb<\/strong>. <strong><em>\u00a1Mira toda la rueda de prensa del estratega del Caracas FC!<\/em><\/strong><\/p>\n","protected":false},"excerpt":{"rendered":"<p>GradaDigital.com &#8211; Finalizado el encuentro con derrota para el Caracas FC (0-2) al recibir a Lan\u00fas, el estratega capitalino, Eduardo Sarag\u00f3, fue contundente en su apreciaci\u00f3n sobre lo que fue el desarrollo del encuentro, en donde detall\u00f3 las razones de los cambios realizados, y se hizo responsable por lo que present\u00f3 el equipo: \u00abOtero no &#8230;<\/p>\n","protected":false},"author":4,"featured_media":8356,"comment_status":"closed","ping_status":"closed","sticky":false,"template":"","format":"standard","meta":{"footnotes":""},"categories":[27,9,37,5,36],"tags":[],"class_list":["post-8355","post","type-post","status-publish","format-standard","has-post-thumbnail","hentry","category-video","category-caracas-fc","category-copa-libertadores","category-futbol-nacional","category-internacional"],"_links":{"self":[{"href":"http:\/\/gradadigital.com\/home\/wp-json\/wp\/v2\/posts\/8355","targetHints":{"allow":["GET"]}}],"collection":[{"href":"http:\/\/gradadigital.com\/home\/wp-json\/wp\/v2\/posts"}],"about":[{"href":"http:\/\/gradadigital.com\/home\/wp-json\/wp\/v2\/types\/post"}],"author":[{"embeddable":true,"href":"http:\/\/gradadigital.com\/home\/wp-json\/wp\/v2\/users\/4"}],"replies":[{"embeddable":true,"href":"http:\/\/gradadigital.com\/home\/wp-json\/wp\/v2\/comments?post=8355"}],"version-history":[{"count":3,"href":"http:\/\/gradadigital.com\/home\/wp-json\/wp\/v2\/posts\/8355\/revisions"}],"predecessor-version":[{"id":8365,"href":"http:\/\/gradadigital.com\/home\/wp-json\/wp\/v2\/posts\/8355\/revisions\/8365"}],"wp:featuredmedia":[{"embeddable":true,"href":"http:\/\/gradadigital.com\/home\/wp-json\/wp\/v2\/media\/8356"}],"wp:attachment":[{"href":"http:\/\/gradadigital.com\/home\/wp-json\/wp\/v2\/media?parent=8355"}],"wp:term":[{"taxonomy":"category","embeddable":true,"href":"http:\/\/gradadigital.com\/home\/wp-json\/wp\/v2\/categories?post=8355"},{"taxonomy":"post_tag","embeddable":true,"href":"http:\/\/gradadigital.com\/home\/wp-json\/wp\/v2\/tags?post=8355"}],"curies":[{"name":"wp","href":"https:\/\/api.w.org\/{rel}","templated":true}]}}