{"id":8322,"date":"2014-01-30T05:30:56","date_gmt":"2014-01-30T10:00:56","guid":{"rendered":"http:\/\/gradadigital.com\/home\/?p=8322"},"modified":"2014-01-30T05:30:56","modified_gmt":"2014-01-30T10:00:56","slug":"noche-de-copa-libertadores-en-caracas","status":"publish","type":"post","link":"http:\/\/gradadigital.com\/home\/noche-de-copa-libertadores-en-caracas\/","title":{"rendered":"Noche de Copa Libertadores en Caracas"},"content":{"rendered":"<p style=\"text-align: center;\"><img loading=\"lazy\" decoding=\"async\" class=\"alignnone size-full wp-image-8323\" alt=\"aficion_caracas_gremio_2009_archivo\" src=\"http:\/\/gradadigital.com\/home\/wp-content\/uploads\/2014\/01\/aficion_caracas_gremio_2009_archivo.jpg\" width=\"596\" height=\"346\" srcset=\"http:\/\/gradadigital.com\/home\/wp-content\/uploads\/2014\/01\/aficion_caracas_gremio_2009_archivo.jpg 596w, http:\/\/gradadigital.com\/home\/wp-content\/uploads\/2014\/01\/aficion_caracas_gremio_2009_archivo-300x174.jpg 300w\" sizes=\"auto, (max-width: 596px) 100vw, 596px\" \/><\/p>\n<p style=\"text-align: justify;\"><strong>Mariann Garc\u00eda.-<\/strong> Este jueves 30 de enero, a las 8:45 de la noche, vuelve la fiesta de la Copa Libertadores a la capital de Venezuela. El Caracas F\u00fatbol Club recibir\u00e1 en el estadio Ol\u00edmpico de UCV a Lan\u00fas de Argentina. Los dirigidos por Eduardo Sarag\u00f3 deber\u00e1n jugarse la vida en esta llave de ciento ochenta minutos para poder ingresar al grupo 3 que est\u00e1 conformado por Cerro Porte\u00f1o (Paraguay), O&#8217;Higgins (Chile) y Deportivo Cali (Colombia).<\/p>\n<p style=\"text-align: justify;\">El conjunto venezolano luchar\u00e1 en la primera fase de la competici\u00f3n continental ante el actual campe\u00f3n de la Copa Sudamericana. El contrincante es complejo, pero los \u00abAvile\u00f1os\u00bb no se amilanan y creen que est\u00e1n listos para afrontar este reto. <strong>\u00abSon un equipo con mucha experiencia que tiene jugadores de jerarqu\u00eda y ser\u00e1 un rival complicado. Sabemos a lo que nos vamos a enfrentar, pero nosotros tenemos lo nuestro para poder lastimarlos y ganar el partido\u00bb<\/strong>, coment\u00f3 el argentino Roberto Tucker, quien tendr\u00e1 que enfrentar a sus paisanos.<\/p>\n<p style=\"text-align: justify;\">As\u00ed mismo, el acompa\u00f1ante del defensor central, Andr\u00e9s S\u00e1nchez destac\u00f3 que si bien ellos tienen pergaminos, el Caracas estar\u00e1 de local y contar\u00e1 con su gente: <strong>\u00abCaracas en su cancha siempre se hace fuerte de local y m\u00e1s en Copa Libertadores. Creo que debemos sacar ventaja de conocer nuestro terreno de juego, aprovechar nuestra gente r\u00e1pida que tenemos adelante, y hacer un buen partido en la defensa\u00bb.<\/strong><\/p>\n<p style=\"text-align: justify;\">Para los de la Cota 905 ya se ha hecho costumbre estar presente en este tipo de eventos. Son una plantilla muy joven; sin embargo, muchos de ellos ya han tenido la oportunidad de vivirla. El capit\u00e1n de los \u00abRojos\u00bb, Alain Baroja lo asume con mucha responsabilidad y apunta que: <strong>\u00abSabemos lo que es una competici\u00f3n internacional y una Copa Libertadores para nosotros, tenemos ese reto de conseguir ese pase a la fase de grupo. Vamos con mucha ilusi\u00f3n y con la propuesta de nosotros ante un gran rival\u00bb.<\/strong><\/p>\n<p style=\"text-align: justify;\">En una llave de ida y vuelta es fundamental anticiparse en los primeros noventa minutos y eso lo saben muy bien los jugadores del Caracas, quienes resaltan que el resultado perfecto es ganar. <strong>\u00abLa idea es que no nos convierta, pero lo fundamental ser\u00e1 ganar este primer encuentro ac\u00e1 en casa\u00bb<\/strong>, resalt\u00f3 Tucker, uno de los encargados de defender y despejar cualquier peligro. El capit\u00e1n de la instituci\u00f3n tambi\u00e9n apoy\u00f3 esta idea, pues es parte del objetivo que deben cumplir este jueves: <strong>\u00abEs important\u00edsimo sacar un resultado favorable, no podemos recibir goles. Hay que defendernos muy bien y aprovechar las oportunidades\u00bb.<\/strong><\/p>\n<p style=\"text-align: justify;\"><strong>\u201cEs un equipo muy ordenado, en sus tres volantes est\u00e1 la clave del orden t\u00e1ctico, le da mucha salida y una rigidez y solidez defensiva muy buena\u201d<\/strong>, describi\u00f3 el mediocampista Ricardo Andreutti a los dirigidos por Guillermo Barros Schelotto. Luego de haber observado vario partidos de Lan\u00fas Baroja agrega que: \u201cDe mitad de cancha para arriba son jugadores muy verticales y de cara al arco son mortales\u201d, tomando en cuenta que deber\u00e1n estar concentrados porque <strong>\u201ca este nivel los errores uno los paga caro\u201d.<\/strong><\/p>\n<p style=\"text-align: justify;\">Las estad\u00edsticas est\u00e1n para romperlas y superarlas. El conjunto criollo tiene en su espalda la mala racha de los equipos venezolanos en la primera fase de este torneo, donde no han podido trascender cuando luchan en esta condici\u00f3n. <strong>\u201cTenemos ese maleficio de la fase previa que no se da, pero nosotros tenemos la ilusi\u00f3n y debemos jugarlo, e una llave de ciento ochenta minutos y tenemos noventa en casa que son claves\u201d<\/strong>, refut\u00f3 Alain. Con respecto a los n\u00fameros contra el \u201cGranate\u201d, tienen una victoria y un empate, la \u00fanica vez que se enfrentaron fue en la edici\u00f3n de la Copa Libertadores 2009. <strong>\u201cEs verdad que a\u00f1os atr\u00e1s vinieron y le ganamos, yo creo que eso queda en el pasado, ahora ellos tienen un gran plantel y hay que enfrentarlos de gran manera\u201d<\/strong>, remat\u00f3 Baroja, quien en aquella \u00e9poca le toc\u00f3 ver ese compromiso desde la tribuna. De aquella camada s\u00f3lo repite en cancha por los criollos el delantero Emilio Renter\u00eda, recordando que ese a\u00f1o ha sido, hasta los momentos, la mejor participaci\u00f3n del club venezolano en esta competici\u00f3n al llegar a cuartos de finales y caer con Gremio de Brasil.<\/p>\n<p style=\"text-align: justify;\">Con la mesa servida y a s\u00f3lo horas del pitazo inicial Andr\u00e9s S\u00e1nchez le asegura a su afici\u00f3n que: <strong>\u00abVamos a salir a ganar el partido, trataremos de hacer la mayor cantidad de goles para ir all\u00e1 (Argentina) con una buena ventaja y la esperanza de trascender\u00bb.<\/strong><\/p>\n<p style=\"text-align: justify;\"><strong>Posibles alineaciones:<br \/>\n<\/strong>Caracas FC: Baroja; Carabal\u00ed, Tucker, S\u00e1nchez, Quijada; Morales, Andreutti; Otero, Isea; Renteria y Far\u00edas.<br \/>\nLan\u00fas: Maches\u00edn; Araujo, Goltz, Izquierdoz, Vel\u00e1zquez; Gonz\u00e1lez, Somoza; Ayala, Acosta; Silva y Ben\u00edtez.<\/p>\n<p style=\"text-align: justify;\">\u00c1rbitro: Victor Hugo Carrillo (Per\u00fa)<br \/>\nHora: 8:45 p.m.<br \/>\nEstadio: Ol\u00edmpico UCV<\/p>\n","protected":false},"excerpt":{"rendered":"<p>Mariann Garc\u00eda.- Este jueves 30 de enero, a las 8:45 de la noche, vuelve la fiesta de la Copa Libertadores a la capital de Venezuela. El Caracas F\u00fatbol Club recibir\u00e1 en el estadio Ol\u00edmpico de UCV a Lan\u00fas de Argentina. Los dirigidos por Eduardo Sarag\u00f3 deber\u00e1n jugarse la vida en esta llave de ciento ochenta &#8230;<\/p>\n","protected":false},"author":4,"featured_media":8323,"comment_status":"closed","ping_status":"closed","sticky":false,"template":"","format":"standard","meta":{"footnotes":""},"categories":[9,37,5,36],"tags":[],"class_list":["post-8322","post","type-post","status-publish","format-standard","has-post-thumbnail","hentry","category-caracas-fc","category-copa-libertadores","category-futbol-nacional","category-internacional"],"_links":{"self":[{"href":"http:\/\/gradadigital.com\/home\/wp-json\/wp\/v2\/posts\/8322","targetHints":{"allow":["GET"]}}],"collection":[{"href":"http:\/\/gradadigital.com\/home\/wp-json\/wp\/v2\/posts"}],"about":[{"href":"http:\/\/gradadigital.com\/home\/wp-json\/wp\/v2\/types\/post"}],"author":[{"embeddable":true,"href":"http:\/\/gradadigital.com\/home\/wp-json\/wp\/v2\/users\/4"}],"replies":[{"embeddable":true,"href":"http:\/\/gradadigital.com\/home\/wp-json\/wp\/v2\/comments?post=8322"}],"version-history":[{"count":2,"href":"http:\/\/gradadigital.com\/home\/wp-json\/wp\/v2\/posts\/8322\/revisions"}],"predecessor-version":[{"id":8325,"href":"http:\/\/gradadigital.com\/home\/wp-json\/wp\/v2\/posts\/8322\/revisions\/8325"}],"wp:featuredmedia":[{"embeddable":true,"href":"http:\/\/gradadigital.com\/home\/wp-json\/wp\/v2\/media\/8323"}],"wp:attachment":[{"href":"http:\/\/gradadigital.com\/home\/wp-json\/wp\/v2\/media?parent=8322"}],"wp:term":[{"taxonomy":"category","embeddable":true,"href":"http:\/\/gradadigital.com\/home\/wp-json\/wp\/v2\/categories?post=8322"},{"taxonomy":"post_tag","embeddable":true,"href":"http:\/\/gradadigital.com\/home\/wp-json\/wp\/v2\/tags?post=8322"}],"curies":[{"name":"wp","href":"https:\/\/api.w.org\/{rel}","templated":true}]}}