{"id":8269,"date":"2014-01-26T21:27:38","date_gmt":"2014-01-27T01:57:38","guid":{"rendered":"http:\/\/gradadigital.com\/home\/?p=8269"},"modified":"2014-01-26T21:28:03","modified_gmt":"2014-01-27T01:58:03","slug":"el-deportivo-lara-mando-ante-zamora","status":"publish","type":"post","link":"http:\/\/gradadigital.com\/home\/el-deportivo-lara-mando-ante-zamora\/","title":{"rendered":"El Deportivo Lara mand\u00f3 ante Zamora"},"content":{"rendered":"<p style=\"text-align: center;\"><img loading=\"lazy\" decoding=\"async\" class=\"alignnone size-full wp-image-8270\" alt=\"joel_caceres_cdlara_zamora_26012014\" src=\"http:\/\/gradadigital.com\/home\/wp-content\/uploads\/2014\/01\/joel_caceres_cdlara_zamora_26012014.jpg\" width=\"596\" height=\"346\" srcset=\"http:\/\/gradadigital.com\/home\/wp-content\/uploads\/2014\/01\/joel_caceres_cdlara_zamora_26012014.jpg 596w, http:\/\/gradadigital.com\/home\/wp-content\/uploads\/2014\/01\/joel_caceres_cdlara_zamora_26012014-300x174.jpg 300w\" sizes=\"auto, (max-width: 596px) 100vw, 596px\" \/><\/p>\n<p style=\"text-align: justify;\"><strong>Lcdo. Tomy Arguelles &#8211;<\/strong>\u00a0El Deportivo Lara derrot\u00f3 al Zamora FC 1-0 con gol anotado por Joel C\u00e1ceres al minuto\u00a036\u00b4 de la primera mitad, en duelo correspondiente a la fecha 3 del clausura 2014\u00a0efectuado en el estadio Metropolitano de Cabudare.<\/p>\n<p style=\"text-align: justify;\">Muy parejo estuvo la primera mitad con dos equipos bien parados en su esquema\u00a0t\u00e1ctico, ambos oncenos estuvieron plantados en 1-4-2-3-1. Los crepusculares repitieron\u00a0el mismo once que en Puerto La Cruz a excepci\u00f3n de Jos\u00e9 Manuel Rey quien no estuvo\u00a0en la convocatoria ya que se encuentra sancionado por un solo partido por parte del\u00a0Consejo de Honor de la Federaci\u00f3n Venezolana de F\u00fatbol.<\/p>\n<p style=\"text-align: justify;\">No era del todo sencillo llegar al \u00faltimo cuarto creando juego pasando el bal\u00f3n l\u00ednea\u00a0por l\u00ednea. Incluso, la primera llegada clara fue por un pase en largo de Carlos Javier\u00a0L\u00f3pez desde su l\u00ednea que logr\u00f3 ganar la espalda de Jos\u00e9 Marrufo y V\u00edctor P\u00e9rez se fue\u00a0en mano a mano con Alan Liebeskind aunque con poco \u00e1ngulo y el guardavallas sac\u00f3 la\u00a0mejor parte. Dicha jugada se present\u00f3 en la fracci\u00f3n 5\u00b4.<\/p>\n<p style=\"text-align: justify;\">El partido, por momentos, cay\u00f3 en imprecisiones y de esa forma el rojinegro casi anota\u00a0el primer tanto del partido. En el minuto 9\u00b4, la zaga del Zamora no pudo despejar de\u00a0cabeza al borde de su propia \u00e1rea y Edgar P\u00e9rez Greco gan\u00f3 la posici\u00f3n aunque su\u00a0disparo fue muy suave a las manos del meta Alexis Angulo.<\/p>\n<p style=\"text-align: justify;\">Al 24\u00b4, de nuevo el Zamora fall\u00f3 en un pase en su propio campo de parte de Arles\u00a0Flores y Hern\u00e1n Zanni aprovech\u00f3 para irse en mano a mano con el \u00faltimo defensor y su\u00a0disparo de zurda la impact\u00f3 en el horizontal.<\/p>\n<p style=\"text-align: justify;\">El Deportivo Lara buscaba sumar muchas piezas en el ataque pero el cuadro visitante\u00a0se replegaba r\u00e1pidamente y evitaba que el local tuviese superioridad num\u00e9rica en \u00e1rea\u00a0contraria. No obstante, en partidos as\u00ed, buenos son los tiros libres y al 36\u00b4 iban a anotar\u00a0el primer tanto del partido. Miguel Mea Vitali cobr\u00f3 un tiro libre por la banda derecha al\u00a0primer palo y Joel C\u00e1ceres de cabeza puso el 1-0.<\/p>\n<p style=\"text-align: justify;\">En los \u00faltimos minutos, el Depor aument\u00f3 su volumen de ataque y al 40\u00b4 Edgar P\u00e9rez\u00a0Greco al borde del \u00e1rea habilit\u00f3 a Hern\u00e1n Zanni quien dentro del \u00e1rea recibi\u00f3 infracci\u00f3n\u00a0de Lu\u00eds Ovalles, sin embargo, Alexis Angulo tap\u00f3 el disparo de Miguel Mea Vitali quien le\u00a0peg\u00f3 con potencia al palo derecho. M\u00e9rito del portero.<\/p>\n<p style=\"text-align: justify;\">En el agregado, Zamora tendr\u00eda su llegada de peligro. Era el 45+1\u00b4, cuando de tiro de\u00a0esquina de V\u00edctor P\u00e9rez, Jonathan Espa\u00f1a cabece\u00f3 en el coraz\u00f3n del \u00e1rea y se fue por\u00a0arriba del horizontal.<\/p>\n<p style=\"text-align: justify;\">Para la segunda mitad, Noel Sanvicente cambi\u00f3 su esquema a un 4-2-2-2 luego de\u00a0que minutos despu\u00e9s de que iniciara el complemento, hizo ingresar a Pierre Plucchino\u00a0(Delantero) por el enganche V\u00edctor P\u00e9rez. Al 47\u00b4, Alan Liebeskind tuvo una estirada\u00a0espectacular para evitar el empate. El extremo por derecha, Ynmer Gonz\u00e1lez, prob\u00f3 al\u00a0borde del \u00e1rea de zurda y el portero larense se estir\u00f3 al \u00e1ngulo superior derecho para\u00a0enviar al c\u00f3rner.<\/p>\n<p style=\"text-align: justify;\">Miguel Mea Vitali y Vicente Suanno buscaban generar salida de 2\/4 de cancha\u00a0intentando hacer pases entre l\u00edneas a espaldas de los dos volantes cinco del Zamora\u00a0FC. Al 54\u00b4 se les dio una jugada con estas caracter\u00edsticas. Hern\u00e1n Zanni envi\u00f3 un pase\u00a0en profundidad a Heiber D\u00edaz quien recibi\u00f3 dentro del \u00e1rea y por la izquierda, centr\u00f3\u00a0a P\u00e9rez Greco quien de zurda la envi\u00f3 por encima. Se llevaba las manos a la cara el\u00a0el cuadro que dirige Rafael Dudamel, a punto estuvo de colocar el segundo gol en la\u00a0t\u00e1ctica fija. Era el minuto 56\u00b4, cuando en un tiro libre desde unos cuarenta metros\u00a0Miguel Vitali se la pas\u00f3 rasante a P\u00e9rez Greco quien no pudo hacer el control orientado\u00a0y tuvo que retroceder a Oswaldo Chaurant quien de zurda la envi\u00f3 cerca del horizontal.<\/p>\n<p style=\"text-align: justify;\">El Deportivo Lara, tambi\u00e9n con su cambio de Trujillo por Chaurant, cambi\u00f3 su m\u00f3dulo\u00a0t\u00e1ctico a un 4-2-2-2 quedando igual ambos equipos en cuanto al esquema se refiere.<\/p>\n<p style=\"text-align: justify;\">Para los de \u201cChita\u201d, no les era f\u00e1cil llegar sin que fuera en t\u00e1ctica fija y al 65\u00b4\u00a0nuevamente Alan Liebeskind iba a realizar una magistral intervenci\u00f3n. Lu\u00eds Ovalles\u00a0cobr\u00f3 un tiro libre escorado hacia su izquierda y Alan Liebeskind in extremis salv\u00f3 hacia\u00a0su palo siniestro. Gran partido para el jugador que viste el dorsal n\u00famero 30.<\/p>\n<p style=\"text-align: justify;\">En vista de que Vicente Suanno ya ten\u00eda amarilla desde la primera mitad, Dudamel\u00a0lo sac\u00f3 al 71\u00b4 y le dio ingreso a Juan Colina quien mantuvo a raya junto con Miguel\u00a0Mea Vitali a los volantes ofensivos del Zamora m\u00e1s all\u00e1 de algunos embates del\u00a0blanquinegro. Posteriormente, al minuto 86\u00b4, entr\u00f3 Johan Arrieche por un Hern\u00e1n Zanni\u00a0quien estaba ya desgastado por todo el recorrido acumulado.<\/p>\n<p style=\"text-align: justify;\">De contra, al 90+5\u00b4, cuando Zamora sumaba muchos elementos en \u00e1rea rival en\u00a0b\u00fasqueda del empate, Juan Colina recibi\u00f3 dentro del \u00e1rea y quiso habilitar al segundo\u00a0palo a Edgar P\u00e9rez Greco, sin embargo, se desvi\u00f3 en un defensor y le qued\u00f3 en el\u00a0punto penal a Heiber D\u00edaz quien no pudo concretar porque su disparo impact\u00f3 en\u00a0un defensor del Zamora. No hubo tiempo para m\u00e1s y el Depor sum\u00f3 tres puntos\u00a0importantes que lo atornilla en la tercera casilla a tan solo dos unidades de los l\u00edderes\u00a0Tucanes y Deportivo T\u00e1chira.<\/p>\n<p style=\"text-align: justify;\">El pr\u00f3ximo compromiso del Deportivo Lara ser\u00e1 ante el T\u00e1chira en San Crist\u00f3bal el\u00a0domingo 2 de febrero.<\/p>\n<div style=\"text-align: center;\"><iframe loading=\"lazy\" src=\"http:\/\/gradadigital.com\/datafactory\/html\/venezuela\/ficha189550.html\" height=\"1194\" width=\"700\" frameborder=\"0\" marginwidth=\"0\" marginheight=\"0\" scrolling=\"no\"><\/iframe><\/div>\n","protected":false},"excerpt":{"rendered":"<p>Lcdo. Tomy Arguelles &#8211;\u00a0El Deportivo Lara derrot\u00f3 al Zamora FC 1-0 con gol anotado por Joel C\u00e1ceres al minuto\u00a036\u00b4 de la primera mitad, en duelo correspondiente a la fecha 3 del clausura 2014\u00a0efectuado en el estadio Metropolitano de Cabudare. Muy parejo estuvo la primera mitad con dos equipos bien parados en su esquema\u00a0t\u00e1ctico, ambos oncenos &#8230;<\/p>\n","protected":false},"author":4,"featured_media":8270,"comment_status":"closed","ping_status":"closed","sticky":false,"template":"","format":"standard","meta":{"footnotes":""},"categories":[8,5,31,21],"tags":[],"class_list":["post-8269","post","type-post","status-publish","format-standard","has-post-thumbnail","hentry","category-cd-lara","category-futbol-nacional","category-primera-division","category-zamora-fc"],"_links":{"self":[{"href":"http:\/\/gradadigital.com\/home\/wp-json\/wp\/v2\/posts\/8269","targetHints":{"allow":["GET"]}}],"collection":[{"href":"http:\/\/gradadigital.com\/home\/wp-json\/wp\/v2\/posts"}],"about":[{"href":"http:\/\/gradadigital.com\/home\/wp-json\/wp\/v2\/types\/post"}],"author":[{"embeddable":true,"href":"http:\/\/gradadigital.com\/home\/wp-json\/wp\/v2\/users\/4"}],"replies":[{"embeddable":true,"href":"http:\/\/gradadigital.com\/home\/wp-json\/wp\/v2\/comments?post=8269"}],"version-history":[{"count":2,"href":"http:\/\/gradadigital.com\/home\/wp-json\/wp\/v2\/posts\/8269\/revisions"}],"predecessor-version":[{"id":8272,"href":"http:\/\/gradadigital.com\/home\/wp-json\/wp\/v2\/posts\/8269\/revisions\/8272"}],"wp:featuredmedia":[{"embeddable":true,"href":"http:\/\/gradadigital.com\/home\/wp-json\/wp\/v2\/media\/8270"}],"wp:attachment":[{"href":"http:\/\/gradadigital.com\/home\/wp-json\/wp\/v2\/media?parent=8269"}],"wp:term":[{"taxonomy":"category","embeddable":true,"href":"http:\/\/gradadigital.com\/home\/wp-json\/wp\/v2\/categories?post=8269"},{"taxonomy":"post_tag","embeddable":true,"href":"http:\/\/gradadigital.com\/home\/wp-json\/wp\/v2\/tags?post=8269"}],"curies":[{"name":"wp","href":"https:\/\/api.w.org\/{rel}","templated":true}]}}