{"id":7825,"date":"2014-01-12T22:01:50","date_gmt":"2014-01-13T02:31:50","guid":{"rendered":"http:\/\/gradadigital.com\/home\/?p=7825"},"modified":"2014-01-13T23:19:58","modified_gmt":"2014-01-14T03:49:58","slug":"aragua-fue-contundente-y-derroto-a-estudiantes-en-merida","status":"publish","type":"post","link":"http:\/\/gradadigital.com\/home\/aragua-fue-contundente-y-derroto-a-estudiantes-en-merida\/","title":{"rendered":"+VIDEO\/FOTOS | Aragua fue contundente y derrot\u00f3 a Estudiantes en M\u00e9rida"},"content":{"rendered":"<p style=\"text-align: center;\"><iframe loading=\"lazy\" width=\"682\" height=\"348\" src=\"http:\/\/www.youtube.com\/embed\/vTlNzQl1xmc?rel=0\" frameborder=\"0\" allowfullscreen><\/iframe>\n<em>El cuadro arag\u00fce\u00f1o acab\u00f3 con una racha negativa de casi cuatro a\u00f1os sin derrotar a su rival acad\u00e9mico como visitantes en la ciudad de M\u00e9rida<\/em><\/p>\n<p style=\"text-align: justify;\"><strong>Miguel Andr\u00e9s Santana, Prensa Aragua FC. &#8211;<\/strong> \u00a1Misi\u00f3n cumplida! Con un tanto de N\u00e9stor Bareiro y otro de Gustavo Rojas, Aragua F\u00fatbol Club, que viaj\u00f3 a M\u00e9rida con el objetivo de sumar tres puntos en su primera confrontaci\u00f3n del Torneo Clausura 2014, venci\u00f3 0-2 al cuadro acad\u00e9mico en el estadio Metropolitano de la ciudad andina, donde los pupilos de \u00c1ngel Ra\u00fal Cavalleri se apoyaron en contundencia e inteligencia para acabar con una racha de casi cuatro a\u00f1os sin ganar en suelo meride\u00f1o, donde hab\u00edan sonre\u00eddo por \u00faltima vez el 11 de abril de 2010, tambi\u00e9n por pizarra de 0-2.<\/p>\n<p style=\"text-align: justify;\">Apenas iniciando el partido, sin cumplirse ni siquiera el primer minuto del duelo, Gean Carlos Mart\u00ednez comenz\u00f3 a demostrar por qu\u00e9 la directiva del elenco arag\u00fce\u00f1o contrat\u00f3 sus servicios para el reci\u00e9n nacido certamen, cuando el portero, con una atajada de calidad, evit\u00f3 que John Fern\u00e1ndez adelantase a los locales en jugada a la ofensiva. \u00abArepa\u00bb, como le conocen al cancerbero venezolano, volvi\u00f3 a aparecer en la fracci\u00f3n cinco, cuando lanz\u00e1ndose al centro de su marco detuvo un tiro libre cobrado por Omar Labrador.<\/p>\n<p style=\"text-align: justify;\">Con el combinado meride\u00f1o atacando frecuentemente por ambas bandas, los hombres de Cavalleri exhibieron una muestra de velocidad combinada con buena definici\u00f3n. \u00c1ngel Far\u00eda, lateral derecho \u00abaurirrojo\u00bb, escap\u00f3 por su sector y apuntando su mirada al arco \u00abrojiblanco\u00bb, centr\u00f3 en direcci\u00f3n a N\u00e9stor Bareiro, quien de cabeza venci\u00f3 al portero Alejandro Araque para decretar el 0-1, alcanzando su primer tanto del actual campeonato.<\/p>\n<p style=\"text-align: justify;\">Desde la larga distancia, Gustavo Rojas prob\u00f3 en repetidas oportunidades en b\u00fasqueda de anotar. El zuliano, de buen partido en tierras andinas, dispar\u00f3 dos veces antes de la finalizaci\u00f3n del primer acto, pero ambos remates pasaron por encima de la valla meride\u00f1a, por lo que el trabajado 0-1 fue suficiente para que ambas oncenas se fueran al descanso.<\/p>\n<p style=\"text-align: justify;\">La segunda mitad comenz\u00f3 de forma id\u00e9ntica como termin\u00f3 el primer per\u00edodo: Aragua, de forma inteligente, no dejaba que su contrincante de turno hilvanase jugadas en direcci\u00f3n al arco custodiado por Mart\u00ednez, cortando los circuitos de juegos en zona media con el aporte tanto de Luis Felipe Char\u00e1 como del juvenil Pedro \u00abPilinky\u00bb Vald\u00e9s, ambos volantes.<\/p>\n<p style=\"text-align: justify;\">Siempre fiel a su estilo y ganando por m\u00ednima diferencia, el entrenador Cavalleri dio ingreso a Orlando Peraza para la segunda parte en detrimento de Jes\u00fas Lugo, buscando as\u00ed que el mediocampista aportase toda su experiencia en la retenci\u00f3n del bal\u00f3n, para de esta manera restar intensidad en lo que al ataque meride\u00f1o se refiere, cosa que logr\u00f3.<\/p>\n<p style=\"text-align: justify;\">Cumplida la primera hora del encuentro cay\u00f3 el segundo gol. Marcos Aguirre, por el sector derecho, envi\u00f3 un centro que el artillero Bareiro conect\u00f3 de cabeza y en el que Alejandro Araque, cancerbero oponente, dej\u00f3 un rebote que Gustavo Rojas aprovech\u00f3 para marcar el 0-2, conquistando as\u00ed una diana que ven\u00eda buscando desde que inici\u00f3 la confrontaci\u00f3n.<\/p>\n<p style=\"text-align: justify;\">El pitazo final se produjo sin modificaci\u00f3n en el marcador, por lo cual los hombres que visten de amarillo y rojo pasan la p\u00e1gina para enfocarse de lleno en Mineros de Guayana, escuadra campeona del pa\u00eds a la cual recibir\u00e1n el s\u00e1bado 18 en el estadio Ol\u00edmpico Hermanos Ghersi P\u00e1ez de Maracay a las siete de la noche por la segunda victoria seguida.<\/p>\n<p style=\"text-align: center;\"><strong>FOTOS<br \/>\n<img decoding=\"async\" alt=\"http:\/\/gradadigital.com\/home\/wp-content\/uploads\/2014\/01\/estudiantes_aragua_torneo_clausura_12012014_1.jpg\" src=\"http:\/\/gradadigital.com\/home\/wp-content\/uploads\/2014\/01\/estudiantes_aragua_torneo_clausura_12012014_1.jpg\" \/><br \/>\n<\/strong><\/p>\n<p style=\"text-align: center;\"><img decoding=\"async\" alt=\"http:\/\/gradadigital.com\/home\/wp-content\/uploads\/2014\/01\/estudiantes_aragua_torneo_clausura_12012014.jpg\" src=\"http:\/\/gradadigital.com\/home\/wp-content\/uploads\/2014\/01\/estudiantes_aragua_torneo_clausura_12012014.jpg\" \/><\/p>\n<p style=\"text-align: center;\"><img decoding=\"async\" alt=\"http:\/\/gradadigital.com\/home\/wp-content\/uploads\/2014\/01\/estudiantes_aragua_once_titular_torneo_clausura_12012014.jpg\" src=\"http:\/\/gradadigital.com\/home\/wp-content\/uploads\/2014\/01\/estudiantes_aragua_once_titular_torneo_clausura_12012014.jpg\" \/><\/p>\n<p style=\"text-align: center;\">\n<div style=\"text-align: center;\"><iframe loading=\"lazy\" src=\"http:\/\/gradadigital.com\/datafactory\/html\/venezuela\/ficha189536.html\" height=\"1194\" width=\"700\" frameborder=\"0\" marginwidth=\"0\" marginheight=\"0\" scrolling=\"no\"><\/iframe><\/div>\n","protected":false},"excerpt":{"rendered":"<p>El cuadro arag\u00fce\u00f1o acab\u00f3 con una racha negativa de casi cuatro a\u00f1os sin derrotar a su rival acad\u00e9mico como visitantes en la ciudad de M\u00e9rida Miguel Andr\u00e9s Santana, Prensa Aragua FC. &#8211; \u00a1Misi\u00f3n cumplida! Con un tanto de N\u00e9stor Bareiro y otro de Gustavo Rojas, Aragua F\u00fatbol Club, que viaj\u00f3 a M\u00e9rida con el objetivo &#8230;<\/p>\n","protected":false},"author":3,"featured_media":7807,"comment_status":"closed","ping_status":"closed","sticky":false,"template":"","format":"standard","meta":{"footnotes":""},"categories":[43,27,6,13,5,31],"tags":[],"class_list":["post-7825","post","type-post","status-publish","format-standard","has-post-thumbnail","hentry","category-fotos","category-video","category-aragua-fc","category-estudiantes-de-merida","category-futbol-nacional","category-primera-division"],"_links":{"self":[{"href":"http:\/\/gradadigital.com\/home\/wp-json\/wp\/v2\/posts\/7825","targetHints":{"allow":["GET"]}}],"collection":[{"href":"http:\/\/gradadigital.com\/home\/wp-json\/wp\/v2\/posts"}],"about":[{"href":"http:\/\/gradadigital.com\/home\/wp-json\/wp\/v2\/types\/post"}],"author":[{"embeddable":true,"href":"http:\/\/gradadigital.com\/home\/wp-json\/wp\/v2\/users\/3"}],"replies":[{"embeddable":true,"href":"http:\/\/gradadigital.com\/home\/wp-json\/wp\/v2\/comments?post=7825"}],"version-history":[{"count":7,"href":"http:\/\/gradadigital.com\/home\/wp-json\/wp\/v2\/posts\/7825\/revisions"}],"predecessor-version":[{"id":7938,"href":"http:\/\/gradadigital.com\/home\/wp-json\/wp\/v2\/posts\/7825\/revisions\/7938"}],"wp:featuredmedia":[{"embeddable":true,"href":"http:\/\/gradadigital.com\/home\/wp-json\/wp\/v2\/media\/7807"}],"wp:attachment":[{"href":"http:\/\/gradadigital.com\/home\/wp-json\/wp\/v2\/media?parent=7825"}],"wp:term":[{"taxonomy":"category","embeddable":true,"href":"http:\/\/gradadigital.com\/home\/wp-json\/wp\/v2\/categories?post=7825"},{"taxonomy":"post_tag","embeddable":true,"href":"http:\/\/gradadigital.com\/home\/wp-json\/wp\/v2\/tags?post=7825"}],"curies":[{"name":"wp","href":"https:\/\/api.w.org\/{rel}","templated":true}]}}