{"id":7439,"date":"2013-12-30T21:51:44","date_gmt":"2013-12-31T02:21:44","guid":{"rendered":"http:\/\/gradadigital.com\/home\/?p=7439"},"modified":"2013-12-30T21:53:53","modified_gmt":"2013-12-31T02:23:53","slug":"video-emilio-renteria-respira-la-libertadores-la-meta-es-repetir-lo-que-sucedio-en-el-2009","status":"publish","type":"post","link":"http:\/\/gradadigital.com\/home\/video-emilio-renteria-respira-la-libertadores-la-meta-es-repetir-lo-que-sucedio-en-el-2009\/","title":{"rendered":"+VIDEO | Emilio Renter\u00eda respira la Libertadores: \u201cLa meta es repetir lo que sucedi\u00f3 en el 2009\u201d"},"content":{"rendered":"<p style=\"text-align: center;\"><iframe loading=\"lazy\" width=\"682\" height=\"348\" src=\"http:\/\/www.youtube.com\/embed\/e3fI_eS97vE?rel=0\" frameborder=\"0\" allowfullscreen><\/iframe>\n<p style=\"text-align: justify;\"><span style=\"line-height: 1.5em;\"><strong>Miguel Vallenilla &#8211;<\/strong> La instituci\u00f3n capitalina, el Caracas FC, sum\u00f3 claves refuerzos de cara al torneo clausura y la Copa Libertadores, entre los cuales destaca el regreso de Emilio Renter\u00eda, de pasado exitoso con el \u201cRojo\u201d.<\/span><\/p>\n<p style=\"text-align: justify;\"><strong>\u201cEstoy contento por seguir jugando al f\u00fatbol que es lo que m\u00e1s me gusta. Un agradecimiento al club que quiera que vuelva, y que te tenga ese cari\u00f1o. Vengo al Caracas para ser campe\u00f3n\u201d<\/strong>, expres\u00f3 el delantero, que disput\u00f3 el torneo apertura con el Carabobo FC.<\/p>\n<p style=\"text-align: justify;\"><strong>\u201cCarabobo me atendi\u00f3 muy bien, buenos compa\u00f1eros, buen club. Nos fue muy bien en la temporada, y estuvimos peleando el torneo\u201d<\/strong>, destac\u00f3 Renter\u00eda sobre su reciente pasado. Al consultarle sobre el respeto que mostr\u00f3 a la instituci\u00f3n \u201cRoja\u201d cuando le convirti\u00f3 dos goles en el triunfo del \u201cGranate\u201d, cree que no influy\u00f3 en su vuelta. <strong>\u201cCreo que si me llegan las cosas es por mis actuaciones, pero s\u00ed le tengo un respeto al Caracas FC y a su afici\u00f3n\u201d<\/strong>. Adem\u00e1s prosigui\u00f3 con sus \u00a0agradecimiento para su ex club. <strong>\u201cRespetar\u00e9 al Carabobo, me atendi\u00f3 bien, con buena afici\u00f3n que est\u00e1 creciendo\u201d<\/strong>.<\/p>\n<p style=\"text-align: justify;\">Por ahora, se adapta a esta nueva experiencia con el conjunto caraque\u00f1o, y asegur\u00f3 recibir el apoyo de Eduardo Sarag\u00f3. <strong>\u201cLo \u00fanico que debo conocer es lo que quiere el entrenador en la cancha\u201d<\/strong>. El resto es ganar el Clausura y avanzar en la Copa Libertadores. <strong>\u201cEl objetivo es buscar repetir lo que sucedi\u00f3 a\u00f1os atr\u00e1s\u201d<\/strong>, en relaci\u00f3n a la recordada Copa Libertadores 2009, donde \u00e9l junto al resto de sus compa\u00f1eros, lograron que el Caracas llegara hasta cuartos de final. El rival ser\u00e1 el Lan\u00fas, por lo que expresa que <strong>\u201ces el campe\u00f3n de Am\u00e9rica, pero el Caracas tambi\u00e9n est\u00e1 creciendo. Dentro de la cancha se le puede ganar\u201d<\/strong>, finaliz\u00f3.<\/p>\n","protected":false},"excerpt":{"rendered":"<p>Miguel Vallenilla &#8211; La instituci\u00f3n capitalina, el Caracas FC, sum\u00f3 claves refuerzos de cara al torneo clausura y la Copa Libertadores, entre los cuales destaca el regreso de Emilio Renter\u00eda, de pasado exitoso con el \u201cRojo\u201d. \u201cEstoy contento por seguir jugando al f\u00fatbol que es lo que m\u00e1s me gusta. Un agradecimiento al club que &#8230;<\/p>\n","protected":false},"author":4,"featured_media":7374,"comment_status":"closed","ping_status":"closed","sticky":false,"template":"","format":"standard","meta":{"footnotes":""},"categories":[27,9,37,5,31],"tags":[],"class_list":["post-7439","post","type-post","status-publish","format-standard","has-post-thumbnail","hentry","category-video","category-caracas-fc","category-copa-libertadores","category-futbol-nacional","category-primera-division"],"_links":{"self":[{"href":"http:\/\/gradadigital.com\/home\/wp-json\/wp\/v2\/posts\/7439","targetHints":{"allow":["GET"]}}],"collection":[{"href":"http:\/\/gradadigital.com\/home\/wp-json\/wp\/v2\/posts"}],"about":[{"href":"http:\/\/gradadigital.com\/home\/wp-json\/wp\/v2\/types\/post"}],"author":[{"embeddable":true,"href":"http:\/\/gradadigital.com\/home\/wp-json\/wp\/v2\/users\/4"}],"replies":[{"embeddable":true,"href":"http:\/\/gradadigital.com\/home\/wp-json\/wp\/v2\/comments?post=7439"}],"version-history":[{"count":3,"href":"http:\/\/gradadigital.com\/home\/wp-json\/wp\/v2\/posts\/7439\/revisions"}],"predecessor-version":[{"id":7442,"href":"http:\/\/gradadigital.com\/home\/wp-json\/wp\/v2\/posts\/7439\/revisions\/7442"}],"wp:featuredmedia":[{"embeddable":true,"href":"http:\/\/gradadigital.com\/home\/wp-json\/wp\/v2\/media\/7374"}],"wp:attachment":[{"href":"http:\/\/gradadigital.com\/home\/wp-json\/wp\/v2\/media?parent=7439"}],"wp:term":[{"taxonomy":"category","embeddable":true,"href":"http:\/\/gradadigital.com\/home\/wp-json\/wp\/v2\/categories?post=7439"},{"taxonomy":"post_tag","embeddable":true,"href":"http:\/\/gradadigital.com\/home\/wp-json\/wp\/v2\/tags?post=7439"}],"curies":[{"name":"wp","href":"https:\/\/api.w.org\/{rel}","templated":true}]}}