{"id":7437,"date":"2013-12-30T20:21:50","date_gmt":"2013-12-31T00:51:50","guid":{"rendered":"http:\/\/gradadigital.com\/home\/?p=7437"},"modified":"2013-12-30T20:21:50","modified_gmt":"2013-12-31T00:51:50","slug":"javier-lopez-reforzara-al-zamora","status":"publish","type":"post","link":"http:\/\/gradadigital.com\/home\/javier-lopez-reforzara-al-zamora\/","title":{"rendered":"Javier L\u00f3pez reforzar\u00e1 al Zamora"},"content":{"rendered":"<p style=\"text-align: center;\"><img loading=\"lazy\" decoding=\"async\" class=\"alignnone size-full wp-image-2181\" alt=\"javier_lopez_juan_falcon_zamora_anzoategui_final_19052013\" src=\"http:\/\/gradadigital.com\/home\/wp-content\/uploads\/2013\/07\/javier_lopez_juan_falcon_zamora_anzoategui_final_19052013.jpg\" width=\"596\" height=\"346\" srcset=\"http:\/\/gradadigital.com\/home\/wp-content\/uploads\/2013\/07\/javier_lopez_juan_falcon_zamora_anzoategui_final_19052013.jpg 596w, http:\/\/gradadigital.com\/home\/wp-content\/uploads\/2013\/07\/javier_lopez_juan_falcon_zamora_anzoategui_final_19052013-300x174.jpg 300w\" sizes=\"auto, (max-width: 596px) 100vw, 596px\" \/><\/p>\n<p style=\"text-align: justify;\"><span style=\"line-height: 1.5em;\"><strong>GradaDigital.com &#8211;<\/strong> El defensor argentino, Javier L\u00f3pez, volver\u00e1 a Venezuela para defender los colores del Zamora FC en la Copa Libertadores y Torneo Clausura, y pese a que la noticia no ha sido oficializada por la directiva, s\u00ed ha sido confirmada por integrantes del cuerpo t\u00e9cnico zamorano, que valora la llegada del rosarino.<\/span><\/p>\n<p style=\"text-align: justify;\">L\u00f3pez, quien tambi\u00e9n ha asegurado su incorporaci\u00f3n al equipo de Sanvicente, viene de jugar con San Mart\u00edn de Tucum\u00e1n. Antes tuvo un exitoso paso con Deportivo Anzo\u00e1tegui, con quien curiosamente cayera ante el Zamora en la \u00faltima final del f\u00fatbol venezolano. Adem\u00e1s visti\u00f3 los colores de Estudiantes de M\u00e9rida y Deportivo Italia. Actualmente el \u201cCabez\u00f3n\u201d cuenta con 33 a\u00f1os de edad.<\/p>\n","protected":false},"excerpt":{"rendered":"<p>GradaDigital.com &#8211; El defensor argentino, Javier L\u00f3pez, volver\u00e1 a Venezuela para defender los colores del Zamora FC en la Copa Libertadores y Torneo Clausura, y pese a que la noticia no ha sido oficializada por la directiva, s\u00ed ha sido confirmada por integrantes del cuerpo t\u00e9cnico zamorano, que valora la llegada del rosarino. L\u00f3pez, quien &#8230;<\/p>\n","protected":false},"author":4,"featured_media":2181,"comment_status":"closed","ping_status":"closed","sticky":false,"template":"","format":"standard","meta":{"footnotes":""},"categories":[37,5,31,21],"tags":[],"class_list":["post-7437","post","type-post","status-publish","format-standard","has-post-thumbnail","hentry","category-copa-libertadores","category-futbol-nacional","category-primera-division","category-zamora-fc"],"_links":{"self":[{"href":"http:\/\/gradadigital.com\/home\/wp-json\/wp\/v2\/posts\/7437","targetHints":{"allow":["GET"]}}],"collection":[{"href":"http:\/\/gradadigital.com\/home\/wp-json\/wp\/v2\/posts"}],"about":[{"href":"http:\/\/gradadigital.com\/home\/wp-json\/wp\/v2\/types\/post"}],"author":[{"embeddable":true,"href":"http:\/\/gradadigital.com\/home\/wp-json\/wp\/v2\/users\/4"}],"replies":[{"embeddable":true,"href":"http:\/\/gradadigital.com\/home\/wp-json\/wp\/v2\/comments?post=7437"}],"version-history":[{"count":1,"href":"http:\/\/gradadigital.com\/home\/wp-json\/wp\/v2\/posts\/7437\/revisions"}],"predecessor-version":[{"id":7438,"href":"http:\/\/gradadigital.com\/home\/wp-json\/wp\/v2\/posts\/7437\/revisions\/7438"}],"wp:featuredmedia":[{"embeddable":true,"href":"http:\/\/gradadigital.com\/home\/wp-json\/wp\/v2\/media\/2181"}],"wp:attachment":[{"href":"http:\/\/gradadigital.com\/home\/wp-json\/wp\/v2\/media?parent=7437"}],"wp:term":[{"taxonomy":"category","embeddable":true,"href":"http:\/\/gradadigital.com\/home\/wp-json\/wp\/v2\/categories?post=7437"},{"taxonomy":"post_tag","embeddable":true,"href":"http:\/\/gradadigital.com\/home\/wp-json\/wp\/v2\/tags?post=7437"}],"curies":[{"name":"wp","href":"https:\/\/api.w.org\/{rel}","templated":true}]}}