{"id":7415,"date":"2013-12-29T13:35:58","date_gmt":"2013-12-29T18:05:58","guid":{"rendered":"http:\/\/gradadigital.com\/home\/?p=7415"},"modified":"2013-12-29T19:25:38","modified_gmt":"2013-12-29T23:55:38","slug":"daniel-fables-vengo-a-un-club-que-ha-crecido-a-pasos-gigantescos","status":"publish","type":"post","link":"http:\/\/gradadigital.com\/home\/daniel-fables-vengo-a-un-club-que-ha-crecido-a-pasos-gigantescos\/","title":{"rendered":"Daniel Febles: \u00abVengo a un club que ha crecido a pasos gigantescos\u00bb"},"content":{"rendered":"<p style=\"text-align: center;\"><img loading=\"lazy\" decoding=\"async\" class=\"alignnone size-full wp-image-7416\" alt=\"daniel_febles_atlvenezuela_29122013\" src=\"http:\/\/gradadigital.com\/home\/wp-content\/uploads\/2013\/12\/daniel_febles_atlvenezuela_29122013.jpg\" width=\"596\" height=\"346\" srcset=\"http:\/\/gradadigital.com\/home\/wp-content\/uploads\/2013\/12\/daniel_febles_atlvenezuela_29122013.jpg 596w, http:\/\/gradadigital.com\/home\/wp-content\/uploads\/2013\/12\/daniel_febles_atlvenezuela_29122013-300x174.jpg 300w\" sizes=\"auto, (max-width: 596px) 100vw, 596px\" \/><\/p>\n<p style=\"text-align: justify;\"><b>PRENSA ATL\u00c9TICO VENEZUELA CF &#8211;\u00a0<\/b>No hay quien est\u00e9 vinculado al mundo del f\u00fatbol en Venezuela que el apellido Febles no le conmueva los tu\u00e9tanos. Los m\u00e1s viejos echan atr\u00e1s la memoria y recuerdan a aquel portentoso y melenudo delantero de garra, luchador y corajudo, corriendo por todos los campos del pa\u00eds. Los m\u00e1s j\u00f3venes tienen la imagen fresca de ese gran t\u00e9cnico bonach\u00f3n, amable, cari\u00f1oso con los ni\u00f1os y muy servicial. A\u00fan despu\u00e9s de fallecido, todos quieren a Pedro Febles.<\/p>\n<p style=\"text-align: justify;\">Pedro es uno de los m\u00e1s grandes \u00eddolos que ha tenido nuestro f\u00fatbol dentro y fuera de la cancha. Su nombre siempre ser\u00e1 s\u00edmbolo de grandeza y a partir de hoy, el mito que cubre su linaje, se viste de azul. Daniel, su hijo, atacante tambi\u00e9n como su padre, orgullo de la familia Febles Arg\u00fcelles, es nuevo jugador de Atl\u00e9tico Venezuela.<\/p>\n<p style=\"text-align: justify;\"><b>Polifuncionalidad ofensiva<br \/>\n<\/b>El atacante proveniente de Caracas F.C, fue traspasado y adquirido en propiedad por el cuadro nacional, firmando contrato hasta mayo de 2016. Caraque\u00f1o de nacimiento, debut\u00f3 en el f\u00fatbol profesional con la camiseta del equipo capitalino, del cual form\u00f3 parte de sus categor\u00edas inferiores hasta llegar al primer plantel. Con un periplo en Aragua F.C. a pr\u00e9stamo, Daniel Febles defiende desde hoy el tercer club en su corta carrera.<\/p>\n<p style=\"text-align: justify;\">Internacional juvenil con la Selecci\u00f3n Vinotinto, Febles es un delantero que puede adecuarse a cualquier funci\u00f3n de ataque e incluso adaptarse a la posici\u00f3n de volante ofensivo. Sabe que Atl\u00e9tico Venezuela necesita de su aporte y asume el reto:\u00a0<b>\u201cEs muy importante el inter\u00e9s que mostr\u00f3 el Atl\u00e9tico Venezuela en mi desde un principio. Eso te motiva y te incentiva para alcanzar cosas importantes\u201d<\/b>, asegura.<\/p>\n<p style=\"text-align: justify;\"><b>\u201cEs un paso grande en mi carrera. Siempre pertenec\u00ed al Caracas y este es mi segundo equipo en Venezuela con el que tengo contrato, por lo que es un reto muy grande\u201d<\/b>, revela el mayor de los Febles, quien encara con madurez esta nueva etapa:\u00a0<b>\u201cEstas decisiones uno las toma para el crecimiento personal y el beneficio propio\u201d<\/b>, indica.<\/p>\n<p style=\"text-align: justify;\">La progresi\u00f3n deportivo e institucional alcanzada por Atl\u00e9tico Venezuela, la presencia de jugadores con mucha experiencia\u00a0 y el inter\u00e9s mostrado por sus directivos en la contrataci\u00f3n, son las razones que coadyuvaron en su decisi\u00f3n de unirse a la causa nacional.\u00a0<b>\u201cVengo a un club que ha crecido a pasos gigantescos y los resultados lo est\u00e1n avalando. Tengo muy buenos amigos ac\u00e1, de gran trayectoria y con los que ya compart\u00ed alguna vez como Cristian (C\u00e1sseres), Turbo (H\u00e9ctor Gonz\u00e1lez) y que tienen todav\u00eda mucho por mostrar en el f\u00fatbol\u201d<\/b>, revel\u00f3.<\/p>\n<p style=\"text-align: justify;\"><b>\u201cVengo a nutrirme de tanta experiencia que hay aqu\u00ed y aportar con mi granito al Atl\u00e9tico\u201d<\/b>, finaliz\u00f3 el flamante fichaje, que se incorporar\u00e1 de inmediato a los entrenamientos que realiza el plantel de Jos\u00e9 Hern\u00e1ndez.<\/p>\n<p style=\"text-align: justify;\"><b>FICHA T\u00c9CNICA:<br \/>\n<\/b><b>Nombre:\u00a0<\/b>Daniel Ricardo Febles Arg\u00fcelles<br \/>\n<b>Lugar y fecha de nacimiento:<\/b>\u00a0Caracas, 8 de febrero de 1991<br \/>\n<b>Posici\u00f3n en el campo:\u00a0<\/b>Atacante<br \/>\n<b>Trayectoria profesional:<\/b>\u00a0Divisiones inferiores de Caracas F.C. (2007-2010), Caracas F.C. (2010- 2011, 2012-2013), Aragua F.C. (Clausura 2012).<\/p>\n","protected":false},"excerpt":{"rendered":"<p>PRENSA ATL\u00c9TICO VENEZUELA CF &#8211;\u00a0No hay quien est\u00e9 vinculado al mundo del f\u00fatbol en Venezuela que el apellido Febles no le conmueva los tu\u00e9tanos. Los m\u00e1s viejos echan atr\u00e1s la memoria y recuerdan a aquel portentoso y melenudo delantero de garra, luchador y corajudo, corriendo por todos los campos del pa\u00eds. Los m\u00e1s j\u00f3venes tienen &#8230;<\/p>\n","protected":false},"author":4,"featured_media":7416,"comment_status":"closed","ping_status":"closed","sticky":false,"template":"","format":"standard","meta":{"footnotes":""},"categories":[7,5,31],"tags":[],"class_list":["post-7415","post","type-post","status-publish","format-standard","has-post-thumbnail","hentry","category-atletico-venezuela","category-futbol-nacional","category-primera-division"],"_links":{"self":[{"href":"http:\/\/gradadigital.com\/home\/wp-json\/wp\/v2\/posts\/7415","targetHints":{"allow":["GET"]}}],"collection":[{"href":"http:\/\/gradadigital.com\/home\/wp-json\/wp\/v2\/posts"}],"about":[{"href":"http:\/\/gradadigital.com\/home\/wp-json\/wp\/v2\/types\/post"}],"author":[{"embeddable":true,"href":"http:\/\/gradadigital.com\/home\/wp-json\/wp\/v2\/users\/4"}],"replies":[{"embeddable":true,"href":"http:\/\/gradadigital.com\/home\/wp-json\/wp\/v2\/comments?post=7415"}],"version-history":[{"count":4,"href":"http:\/\/gradadigital.com\/home\/wp-json\/wp\/v2\/posts\/7415\/revisions"}],"predecessor-version":[{"id":7434,"href":"http:\/\/gradadigital.com\/home\/wp-json\/wp\/v2\/posts\/7415\/revisions\/7434"}],"wp:featuredmedia":[{"embeddable":true,"href":"http:\/\/gradadigital.com\/home\/wp-json\/wp\/v2\/media\/7416"}],"wp:attachment":[{"href":"http:\/\/gradadigital.com\/home\/wp-json\/wp\/v2\/media?parent=7415"}],"wp:term":[{"taxonomy":"category","embeddable":true,"href":"http:\/\/gradadigital.com\/home\/wp-json\/wp\/v2\/categories?post=7415"},{"taxonomy":"post_tag","embeddable":true,"href":"http:\/\/gradadigital.com\/home\/wp-json\/wp\/v2\/tags?post=7415"}],"curies":[{"name":"wp","href":"https:\/\/api.w.org\/{rel}","templated":true}]}}