{"id":7345,"date":"2013-12-26T21:14:28","date_gmt":"2013-12-27T01:44:28","guid":{"rendered":"http:\/\/gradadigital.com\/home\/?p=7345"},"modified":"2013-12-27T18:22:42","modified_gmt":"2013-12-27T22:52:42","slug":"fotos-carabobo-inicio-entrenamientos-de-cara-al-clausura","status":"publish","type":"post","link":"http:\/\/gradadigital.com\/home\/fotos-carabobo-inicio-entrenamientos-de-cara-al-clausura\/","title":{"rendered":"+FOTOS | Carabobo inici\u00f3 entrenamientos de cara al Clausura"},"content":{"rendered":"<p style=\"text-align: center;\"><img decoding=\"async\" alt=\"http:\/\/gradadigital.com\/home\/wp-content\/uploads\/2013\/12\/carabobo_jugadores_entrenamiento_26122013.jpg\" src=\"http:\/\/gradadigital.com\/home\/wp-content\/uploads\/2013\/12\/carabobo_jugadores_entrenamiento_26122013.jpg\" \/><br \/>\n<em>Un total de 27 jugadores se incorporaron en la primera sesi\u00f3n de entrenamiento<\/em><\/p>\n<p style=\"text-align: justify;\"><strong>Rub\u00e9n Al\u00ed Coronel, Prensa Carabobo FC. &#8211;<\/strong> Con la incorporaci\u00f3n de 27 jugadores, entre caras nuevas y conocidas, Carabobo FC inici\u00f3 sus entrenamientos de cara al Torneo Clausura 2014, que comienza el s\u00e1bado 11 de enero, aunque la divisa \u00abgranate\u00bb arrancar\u00e1 su andar un d\u00eda despu\u00e9s cuando visite a Llaneros de Guanare, en el estadio \u00abRafael Calles Pinto\u00bb.<\/p>\n<p style=\"text-align: justify;\">Los dirigidos por Jhonny Ferreira se reencontraron con el gramado artificial del Polideportivo \u00abMisael Delgado\u00bb de Valencia, donde realizaron trabajos de activaci\u00f3n, fuerza e intermitentes.<\/p>\n<p style=\"text-align: justify;\">La principal novedad fue la incorporaci\u00f3n del mediocampista de recuperaci\u00f3n Carlos \u00abMono\u00bb Su\u00e1rez, quien oficializ\u00f3 su llegada a la \u00abvinotinto regional\u00bb el 21 de diciembre y cinco d\u00edas despu\u00e9s realiz\u00f3 su primer entrenamiento bajo el mando de Ferreira, siendo \u00e9ste el \u00fanico fichaje nuevo anunciado hasta los momentos por la directiva carabobe\u00f1a.<\/p>\n<p style=\"text-align: center;\"><img decoding=\"async\" alt=\"http:\/\/gradadigital.com\/home\/wp-content\/uploads\/2013\/12\/cristian_novoa_carlos_suarez_entrenamiento_carabobo_26122013.jpg\" src=\"http:\/\/gradadigital.com\/home\/wp-content\/uploads\/2013\/12\/cristian_novoa_carlos_suarez_entrenamiento_carabobo_26122013.jpg\" \/><\/p>\n<p style=\"text-align: justify;\"><strong>\u00abExiste una cantidad de jugadores que recibimos que van a comenzar un proceso de iniciaci\u00f3n al trabajo para el Torneo Clausura, que est\u00e1 muy pronto, pero tambi\u00e9n hay futbolistas que est\u00e1n de permiso hasta el d\u00eda 2 de enero, por la cantidad de minutos que sumaron en el Apertura\u00bb<\/strong>, anunci\u00f3 Ferreira.<\/p>\n<p style=\"text-align: justify;\">Cristian \u00abChispa\u00bb Novoa, Leopoldo Jim\u00e9nez, Javier Garc\u00eda y Luis Roberto \u00abChicho\u00bb Seijas comandaron este primer grupo que dio inicio a la preparaci\u00f3n, en el que se pudieron observar caras nuevas, la mayor\u00eda de jugadores que vienen de ver acci\u00f3n en el Carabobo FC \u00abB\u00bb, que disput\u00f3 el Apertura 2013 de Tercera Divisi\u00f3n. <strong>\u00abTenemos un equipo filial con una gran cantidad de j\u00f3venes que queremos ir subiendo y acerc\u00e1ndolo a los puestos del primer equipo\u00bb<\/strong>, acot\u00f3 Ferreira.<\/p>\n<p style=\"text-align: justify;\">Este viernes Carabobo FC continuar\u00e1 con sus trabajos a doble turno, 7:00 am y 4:00 pm, misma rutina que realizar\u00e1 hasta el domingo 29, para luego el lunes 30 efectuar s\u00f3lo la sesi\u00f3n matutina. Posteriormente realizar\u00e1 la pausa de fin de a\u00f1o y retomar\u00e1 las pr\u00e1cticas el jueves 2 de enero del 2014, a 10 d\u00edas de su primer compromiso en el Clausura, en el cual buscar\u00e1 emular o superar los 30 puntos y el quinto lugar logrado en el Torneo Apertura 2013.<\/p>\n<p style=\"text-align: justify;\">Sobre las labores que efectuar\u00e1n en los d\u00edas previos a la competencia, el estratega afirm\u00f3 que <strong>\u00abes una continuidad del trabajo, estamos tratando de poner a los jugadores a punto\u00bb<\/strong>.<\/p>\n<p style=\"text-align: justify;\">Tambi\u00e9n destac\u00f3 que <strong>\u00abera importante parar unos d\u00edas, la planificaci\u00f3n era descansar 10 d\u00edas y ahora darle una continuidad a la forma, idea y modelo, porque desde el primer momento fuimos muy claros en nuestro discurso, porque que quer\u00edamos un equipo joven, din\u00e1mico, r\u00e1pido, que presionara, que manejara transiciones defensa \u2013 ataque y ataque \u2013 defensa con mucha facilidad, y ese discurso se vio plasmado en el terreno de juego, pero nos falt\u00f3 jerarqu\u00eda para resolver partidos cuando estuvimos en la cima y es algo que estamos abocados a desarrollar y trabajar para este Torneo Clausura\u00bb<\/strong>.<\/p>\n<p><strong>\u00c1LVARO M\u00c1RQUEZ DE BAJA<\/strong><br \/>\nAsimismo, el t\u00e9cnico anunci\u00f3 que el defensor central uruguayo \u00c1lvaro M\u00e1rquez no continuar\u00e1 con la divisa industrial. <strong>\u00abM\u00e1rquez es claro que no va a continuar en el plantel y estamos a la b\u00fasqueda de un defensor central; ya tenemos varias carpetas en mano y estamos por tomar la decisi\u00f3n de ese central extranjero que vamos a incorporar al equipo\u00bb<\/strong>, declar\u00f3.<\/p>\n<p style=\"text-align: justify;\">Sobre las altas y las bajas, el estratega explic\u00f3 que <strong>\u00aben diciembre se abre la posibilidad de poder hacer algunas modificaciones en pro de que este Carabobo siga siendo un equipo exitoso y que pelee en la parte alta de tabla, no podemos conformarnos con lo hecho en el Apertura, m\u00e1s bien tenemos que buscar superarlo y por qu\u00e9 no pelear el t\u00edtulo y los cupos a competencias internacionales, eso es prioritario para nosotros y para Rafael Lacava tambi\u00e9n, por eso queremos armar un equipo que pelee y que este Apertura que pas\u00f3 no quede como el mejor torneo de la historia para el club con nada m\u00e1s un quinto lugar y 30 puntos, por eso queremos apostar m\u00e1s arriba y estamos so\u00f1ando armar un equipo con el que podamos luchar el Torneo Clausura. Esta ciudad se merece que el equipo est\u00e9 en competencias internacionales y porqu\u00e9 no dar la vuelta ol\u00edmpica\u00bb<\/strong>.<\/p>\n<p style=\"text-align: justify;\">Sobre el caso del tambi\u00e9n charr\u00faa Pablo Olivera, col\u00edder goleador del Apertura 2013, dijo: <strong>\u00abLa intenci\u00f3n es que Olivera contin\u00fae, es nuestro plan A y B, pero va a depender de una serie de propuestas que tiene el jugador\u00bb<\/strong>.<\/p>\n<p style=\"text-align: justify;\">Aclar\u00f3 que <strong>\u00ablos contratos son hasta mayo, pero se abre el mercado de fichaje en diciembre y por eso un jugador puede ir de un club a otro\u00bb<\/strong>.<\/p>\n<p style=\"text-align: justify;\">Asimismo, afirm\u00f3 que <strong>\u00abestamos trabajando para tratar de acertar en los jugadores extranjeros y con un par de criollos m\u00e1s que queremos incorporar para reforzar al equipo\u00bb<\/strong>.<\/p>\n","protected":false},"excerpt":{"rendered":"<p>Un total de 27 jugadores se incorporaron en la primera sesi\u00f3n de entrenamiento Rub\u00e9n Al\u00ed Coronel, Prensa Carabobo FC. &#8211; Con la incorporaci\u00f3n de 27 jugadores, entre caras nuevas y conocidas, Carabobo FC inici\u00f3 sus entrenamientos de cara al Torneo Clausura 2014, que comienza el s\u00e1bado 11 de enero, aunque la divisa \u00abgranate\u00bb arrancar\u00e1 su &#8230;<\/p>\n","protected":false},"author":3,"featured_media":7347,"comment_status":"closed","ping_status":"closed","sticky":false,"template":"","format":"standard","meta":{"footnotes":""},"categories":[43,29,5,31],"tags":[],"class_list":["post-7345","post","type-post","status-publish","format-standard","has-post-thumbnail","hentry","category-fotos","category-carabobo-fc","category-futbol-nacional","category-primera-division"],"_links":{"self":[{"href":"http:\/\/gradadigital.com\/home\/wp-json\/wp\/v2\/posts\/7345","targetHints":{"allow":["GET"]}}],"collection":[{"href":"http:\/\/gradadigital.com\/home\/wp-json\/wp\/v2\/posts"}],"about":[{"href":"http:\/\/gradadigital.com\/home\/wp-json\/wp\/v2\/types\/post"}],"author":[{"embeddable":true,"href":"http:\/\/gradadigital.com\/home\/wp-json\/wp\/v2\/users\/3"}],"replies":[{"embeddable":true,"href":"http:\/\/gradadigital.com\/home\/wp-json\/wp\/v2\/comments?post=7345"}],"version-history":[{"count":2,"href":"http:\/\/gradadigital.com\/home\/wp-json\/wp\/v2\/posts\/7345\/revisions"}],"predecessor-version":[{"id":7350,"href":"http:\/\/gradadigital.com\/home\/wp-json\/wp\/v2\/posts\/7345\/revisions\/7350"}],"wp:featuredmedia":[{"embeddable":true,"href":"http:\/\/gradadigital.com\/home\/wp-json\/wp\/v2\/media\/7347"}],"wp:attachment":[{"href":"http:\/\/gradadigital.com\/home\/wp-json\/wp\/v2\/media?parent=7345"}],"wp:term":[{"taxonomy":"category","embeddable":true,"href":"http:\/\/gradadigital.com\/home\/wp-json\/wp\/v2\/categories?post=7345"},{"taxonomy":"post_tag","embeddable":true,"href":"http:\/\/gradadigital.com\/home\/wp-json\/wp\/v2\/tags?post=7345"}],"curies":[{"name":"wp","href":"https:\/\/api.w.org\/{rel}","templated":true}]}}