{"id":7261,"date":"2013-12-23T18:38:41","date_gmt":"2013-12-23T23:08:41","guid":{"rendered":"http:\/\/gradadigital.com\/home\/?p=7261"},"modified":"2013-12-24T03:51:14","modified_gmt":"2013-12-24T08:21:14","slug":"deportivo-petare-finalizo-primera-etapa-de-su-pretemporada","status":"publish","type":"post","link":"http:\/\/gradadigital.com\/home\/deportivo-petare-finalizo-primera-etapa-de-su-pretemporada\/","title":{"rendered":"Deportivo Petare finaliz\u00f3 primera etapa de su pretemporada"},"content":{"rendered":"<p style=\"text-align: center;\"><img decoding=\"async\" alt=\"http:\/\/gradadigital.com\/home\/wp-content\/uploads\/2013\/10\/saul_08022011.jpg\" src=\"http:\/\/gradadigital.com\/home\/wp-content\/uploads\/2013\/10\/saul_08022011.jpg\" \/><\/p>\n<p style=\"text-align: justify;\"><strong>Rodolfo Rutilo, Prensa Deportivo Petare. &#8211;<\/strong> El Deportivo Petare finaliz\u00f3 este domingo la primera etapa de su pretemporada, que inici\u00f3 dos d\u00edas despu\u00e9s de culminado el Torneo Apertura, cuando el conjunto parroquial le gan\u00f3 dos goles por cero a Estudiantes de M\u00e9rida en condici\u00f3n de visitante.<\/p>\n<p style=\"text-align: justify;\">El martes 17 de diciembre dio inicio de la pretemporada y el director t\u00e9cnico Sa\u00fal Maldonado, acompa\u00f1ado por su asistente Alberto Fros y su preparador f\u00edsico Jes\u00fas Gil, elaboraron un plan de trabajo de seis d\u00edas continuos a doble turno, elevando las cargas progresivamente para que el grupo vaya consiguiendo el tope f\u00edsico.<\/p>\n<p style=\"text-align: justify;\">La segunda etapa de la pretemporada continuar\u00e1 a partir del 2 de enero, ya que se le dio unos d\u00edas de descanso a los jugadores a partir de hoy, con trabajos espec\u00edficos asignados para mantenerse f\u00edsicamente hasta el retorno el pr\u00f3ximo a\u00f1o. El \u00abprofe\u00bb Sa\u00fal Maldonado aprovech\u00f3 el descanso para hacer un balance de lo que fue el 2013, desde su llegada al banquillo parroquial.<\/p>\n<p style=\"text-align: justify;\"><strong>\u00abFueron siete semanas de trabajo, positivos en cuanto al trabajo y la actitud, ya tienen la idea muy clara que era uno de los objetivos de estas seis, siete semanas que pudimos compartir con ellos, ya en enero lo que tenemos que hacer es repasar los conceptos y ya preparar cada partido, ese era uno de los objetivos que ten\u00eda la prioridad, que el jugador entendiera, tanto el trabajo como la idea futbol\u00edstica y creo que ah\u00ed fue muy positivo y muy evolutivo los avances\u00bb<\/strong>, reflexion\u00f3.<\/p>\n<p style=\"text-align: justify;\">En cuanto al cierre que tuvo el equipo en M\u00e9rida, para Maldonado fue <strong>\u00abBueno, porque vi el equipo que queremos, tanto en el primer tiempo como en el segundo, una deuda que ten\u00edamos pendientes y la pudimos pagar de muy buena manera y eso me dej\u00f3 la sensaci\u00f3n de que el equipo agarr\u00f3 la forma, agarr\u00f3 la idea. El torneo termin\u00f3, pero de haber seguido tres o cuatro partidos m\u00e1s estoy seguro que el crecimiento futbol\u00edstico iba a venir en aumento y ahora queremos ver el mismo crecimiento futbol\u00edstico a partir del 12 de enero\u00bb<\/strong>, dijo.<\/p>\n<p style=\"text-align: justify;\">Sobre la pretemporada el director t\u00e9cnico se mostr\u00f3 satisfecho con lo realizado hasta el momento. <strong>\u00abEl trabajo de esta semana fue excelente, hay que felicitar a los muchachos, tuvieron seis trabajos cardiovasculares, combinados en las tardes con trabajos de fuerza, porque la idea era cargar f\u00edsicamente al equipo esta semana, para que descargaran esta semana, pero compartiendo con su familia, en su sitio de origen y ya cuando regresen el 2 de enero la parte f\u00edsica va a estar muy bien y ya apuntar a los trabajos t\u00e9cnicos, t\u00e1cticos, afinando detalles para que lleguen bien al d\u00eda 12 que estamos seguros que as\u00ed va hacer\u00bb<\/strong>.<\/p>\n<p style=\"text-align: justify;\">Dentro de los objetivos del cuerpo t\u00e9cnico y los jugadores para el pr\u00f3ximo semestre est\u00e1 meterse en la pelea por un torneo internacional. <strong>\u00abYa para el torneo que viene hay que apuntar entrar al octagonal y a trav\u00e9s del octagonal, ver la posibilidad en 4 partidos en llaves de ida y vuelta de llegar a la Copa Sudamericana, pienso que tenemos posibilidades de lograrlo, tenemos un buen grupo de jugadores que trabajan, un cuerpo t\u00e9cnico que se preocupan porque lleguen bien a cada partido, un personal en la oficina que hace su trabajo de hormiguita para que a nosotros no nos falte nada, entonces estamos reuniendo todos los ingredientes para tener y apuntarle a un semestres exitoso\u00bb<\/strong>.<\/p>\n<p style=\"text-align: justify;\">Para finalizar el t\u00e9cnico parroquial aprovech\u00f3 para mandarle un mensaje a los fan\u00e1ticos del equipo azul. <strong>\u00abA los fan\u00e1ticos que crean en este proyecto, en este equipo, que se lleven la convicci\u00f3n de que se estamos haciendo todos los esfuerzos para que el Petare tenga un buen semestre y ojal\u00e1 as\u00ed sea y en Mayo podamos celebrar todos\u00bb<\/strong>.<\/p>\n","protected":false},"excerpt":{"rendered":"<p>Rodolfo Rutilo, Prensa Deportivo Petare. &#8211; El Deportivo Petare finaliz\u00f3 este domingo la primera etapa de su pretemporada, que inici\u00f3 dos d\u00edas despu\u00e9s de culminado el Torneo Apertura, cuando el conjunto parroquial le gan\u00f3 dos goles por cero a Estudiantes de M\u00e9rida en condici\u00f3n de visitante. El martes 17 de diciembre dio inicio de la &#8230;<\/p>\n","protected":false},"author":3,"featured_media":6272,"comment_status":"closed","ping_status":"closed","sticky":false,"template":"","format":"standard","meta":{"footnotes":""},"categories":[23,5,31],"tags":[],"class_list":["post-7261","post","type-post","status-publish","format-standard","has-post-thumbnail","hentry","category-deportivo-petare","category-futbol-nacional","category-primera-division"],"_links":{"self":[{"href":"http:\/\/gradadigital.com\/home\/wp-json\/wp\/v2\/posts\/7261","targetHints":{"allow":["GET"]}}],"collection":[{"href":"http:\/\/gradadigital.com\/home\/wp-json\/wp\/v2\/posts"}],"about":[{"href":"http:\/\/gradadigital.com\/home\/wp-json\/wp\/v2\/types\/post"}],"author":[{"embeddable":true,"href":"http:\/\/gradadigital.com\/home\/wp-json\/wp\/v2\/users\/3"}],"replies":[{"embeddable":true,"href":"http:\/\/gradadigital.com\/home\/wp-json\/wp\/v2\/comments?post=7261"}],"version-history":[{"count":2,"href":"http:\/\/gradadigital.com\/home\/wp-json\/wp\/v2\/posts\/7261\/revisions"}],"predecessor-version":[{"id":7263,"href":"http:\/\/gradadigital.com\/home\/wp-json\/wp\/v2\/posts\/7261\/revisions\/7263"}],"wp:featuredmedia":[{"embeddable":true,"href":"http:\/\/gradadigital.com\/home\/wp-json\/wp\/v2\/media\/6272"}],"wp:attachment":[{"href":"http:\/\/gradadigital.com\/home\/wp-json\/wp\/v2\/media?parent=7261"}],"wp:term":[{"taxonomy":"category","embeddable":true,"href":"http:\/\/gradadigital.com\/home\/wp-json\/wp\/v2\/categories?post=7261"},{"taxonomy":"post_tag","embeddable":true,"href":"http:\/\/gradadigital.com\/home\/wp-json\/wp\/v2\/tags?post=7261"}],"curies":[{"name":"wp","href":"https:\/\/api.w.org\/{rel}","templated":true}]}}