{"id":7254,"date":"2013-12-23T18:44:17","date_gmt":"2013-12-23T23:14:17","guid":{"rendered":"http:\/\/gradadigital.com\/home\/?p=7254"},"modified":"2013-12-27T05:41:12","modified_gmt":"2013-12-27T10:11:12","slug":"aquiles-ocanto-se-marcho-a-brasil","status":"publish","type":"post","link":"http:\/\/gradadigital.com\/home\/aquiles-ocanto-se-marcho-a-brasil\/","title":{"rendered":"Aquiles Ocanto se march\u00f3 a Brasil"},"content":{"rendered":"<p style=\"text-align: center;\"><img decoding=\"async\" alt=\"http:\/\/gradadigital.com\/home\/wp-content\/uploads\/2013\/08\/aquiles_ocanto_cdlara_tachira_31082013.jpg\" src=\"http:\/\/gradadigital.com\/home\/wp-content\/uploads\/2013\/08\/aquiles_ocanto_cdlara_tachira_31082013.jpg\" \/><\/p>\n<p style=\"text-align: justify;\"><strong>Ram\u00f3n Medina, Prensa Deportivo Lara. &#8211;<\/strong> Pocos futbolistas en el balompi\u00e9 moderno se convierten en jugadores \u00abmarca\u00bb por la gran tentaci\u00f3n que existe en la actualidad de abandonar los clubes por una u otras razones, son pocos los futbolistas que defienden muchos a\u00f1os unos colores, y por ello, si hay que hablar de uno de esos elementos en el Deportivo Lara, ese es el larense Aquiles Ocanto.<\/p>\n<p style=\"text-align: justify;\">El delantero de la plantilla rojinegra, Aquiles David Ocanto, ser\u00e1 nuevo jugador del Esporte Clube Juventude de la Serie D del f\u00fatbol brasile\u00f1o, luego de un acuerdo entre la Junta Directiva quien siempre ha mantenido la filosof\u00eda de no frenar las oportunidades de los venezolanos en el exterior y el mismo jugador.<\/p>\n<p style=\"text-align: justify;\">Ocanto quien visti\u00f3 la camiseta de Guaros FC y Deportivo Lara por siete a\u00f1os, partir\u00e1 el 26 de este mes a suelo amaz\u00f3nico para convertirse en un nuevo jugador venezolano en el f\u00fatbol extranjero y ser\u00e1 la tercera vez que un rojinegro prueba en otros horizontes, as\u00ed como lo hizo Marlon Fern\u00e1ndez (CD Antofagasta) en Chile y Jes\u00fas G\u00f3mez (Delfines del Carmen) en M\u00e9xico.<\/p>\n<p style=\"text-align: justify;\">Antes de despedirse de sus compa\u00f1eros en uno de los entrenamientos de la plantilla, el de La Carucie\u00f1a habl\u00f3 con la Coordinaci\u00f3n de Medios sobre su nuevo reto como futbolista fuera de las fronteras. <strong>\u00abEs una experiencia m\u00e1s, voy al f\u00fatbol brasile\u00f1o, as\u00ed sea de una categor\u00eda u otra voy mentalizado para ir a dar lo mejor de mi y poder aspirar a un f\u00fatbol mucho mejor en el futuro, todo depende de mi\u00bb<\/strong>, apunt\u00f3 quien tambi\u00e9n prob\u00f3 en el Pachuca mexicano.<\/p>\n<p style=\"text-align: justify;\">\u00bfCu\u00e1les han sido las razones para tomar este camino hacia Brasil? <strong>\u00abYo siempre comentaba que si alg\u00fan d\u00eda me ir\u00eda del Deportivo Lara que sea en el extranjero, ac\u00e1 hubo ofertas de cuatro equipos, pero mi decisi\u00f3n siempre hab\u00eda sido esa, irme para afuera y eso fue lo que decid\u00ed junto a mi familia, he tomado la mejor decisi\u00f3n\u00bb<\/strong>.<\/p>\n<p style=\"text-align: justify;\">Para nadie es un secreto que el amante del Break Dance, ha tenido una identidad de juego clara, ser revulsivo para su equipo, desequilibrante frente a sus rivales, de buen dribbling, velocidad y amante de encarar al arco, juego que se encontrar\u00e1 en el pa\u00eds gigante de Sudam\u00e9rica. <strong>\u00abEl f\u00fatbol brasile\u00f1o es de mucho encarar, me gusta mucho as\u00ed, la bicicleta, encarar, las fintas, yo creo que los profes all\u00e1 les puede gustar mi f\u00fatbol y as\u00ed espero para que pueda irme mucho mejor\u00bb<\/strong>.<\/p>\n<p style=\"text-align: justify;\">El jugador larense con mayor participaci\u00f3n continental con el Deportivo Lara acumulando un total de 470 minutos en dos Copas Sudamericanas y una Copa Libertadores, cree que ha aprendido mucho en suelo nacional. <strong>\u00abMe llevo muchas cosas, he podido conseguir tres t\u00edtulos como aprendizaje, no solo en el absoluto en la Primera Divisi\u00f3n, he podido ganar el campeonato nacional Sub-20 y uno de Segunda Divisi\u00f3n, eso sumado a jugar Copa Libertadores y Copa Sudamericana, creo que tengo el talento para jugar afuera y es lo que quiero demostrar\u00bb<\/strong>.<\/p>\n<p style=\"text-align: justify;\">Abordado sobre cual ser\u00eda su principal correcci\u00f3n como jugador para mejorar frente a este nuevo reto que se le presenta, coment\u00f3. <strong>\u00abLo \u00fanico que quisiera exigirme es poder tener m\u00e1s tranquilidad a la hora de definir, debo trabajar m\u00e1s duro, tengo el f\u00fatbol para jugar donde yo quiera, pero eso queda a mentalidad de cada uno, trabajar duro para que Dios ayude\u00bb<\/strong>.<\/p>\n<p style=\"text-align: justify;\">\u00bfExiste nostalgia en elegir cual ha sido tu mejor momento ac\u00e1? <strong>\u00abSi tengo tristeza, pero soy bastante profesional, he tomado una decisi\u00f3n y espero que haya sido la mejor, todos han sido grandes momentos para mi, siempre que me puse la camiseta corr\u00eda para que el equipo ganara, las copas internacionales que he podido disputar, todo ha sido importante, mi sue\u00f1o es poder llegar a Europa y espero poder hacerlo\u00bb<\/strong>.<\/p>\n<p style=\"text-align: justify;\">Sobre si conoce algo de su nuevo destino y cuales serian sus objetivos a inmediato plazo, expres\u00f3. <strong>\u00abDebemos ir a ganar todo, tener buenas participaciones en las copas que participara el equipo, hay algunas donde juegas ante equipos de primera divisi\u00f3n, si estamos solidos podemos hacer buen papel, no conozco mucho pero si s\u00e9 que constantemente pelean arriba en su categor\u00eda\u00bb<\/strong>.<\/p>\n<p style=\"text-align: justify;\">Por \u00faltimo quiso despedirse de la hinchada rojinegra que lo vio crecer como jugador en las diferentes categor\u00edas del balompi\u00e9 criollo. <strong>\u00abLe doy gracias a los fan\u00e1ticos que me apoyaron y a los que no, esta es una decisi\u00f3n tomada con mi familia, he jugado 7 a\u00f1os ac\u00e1 en Lara y le doy gracias a todos por lo bueno que me dieron, espero sea lo mejor para mi, espero tambi\u00e9n tener siempre las puertas abiertas del Deportivo Lara\u00bb<\/strong>.<\/p>\n<p style=\"text-align: justify;\">El \u00abChino\u00bb dejar\u00e1 en el Deportivo Lara n\u00fameros importantes para el equipo y para su repertorio personal. El delantero es el tercer jugador con mayor cantidad de goles (20) en la historia del equipo, detr\u00e1s de Zamir Valoyes con 25 y Rafael Castellin con 27.<\/p>\n<p style=\"text-align: justify;\">Adem\u00e1s, se convierte en el \u00fanico larense vistiendo una casaca de un equipo en Lara, con mayor cantidad de minutos jugados en torneos CONMEBOL, un total de 470 entre dos Copas Sudamericanas (2010 y 2012) y la reciente Copa Libertadores 2013. En la Copa Sudamericana 2010 logr\u00f3 anotar siendo el \u00fanico guaro en hacerlo en competiciones de esta confederaci\u00f3n.<\/p>\n<p style=\"text-align: justify;\"><strong>FICHA T\u00c9CNICA:<\/strong><br \/>\n<strong>Nombre Completo:<\/strong> Aquiles David Ocanto Querales.<br \/>\n<strong>Posici\u00f3n:<\/strong> Mediocampista \/ Delantero.<br \/>\n<strong>Fecha de Nacimiento:<\/strong> 18 de noviembre de 1988.<br \/>\n<strong>Lugar de Nacimiento:<\/strong> Barquisimeto (Lara).<br \/>\n<strong>Estatura:<\/strong> 1.81 Mts.<br \/>\n<strong>Peso:<\/strong> 72 Kg.<\/p>\n<p style=\"text-align: justify;\"><strong>N\u00daMEROS DE POR VIDA CON EL DEPORTIVO LARA (TORNEOS APERTURA Y CLAUSURA)<br \/>\nMinutos jugados:<\/strong> 6960<br \/>\n<strong>Partidos jugados:<\/strong> 111<br \/>\n<strong>Partidos iniciados:<\/strong> 75<br \/>\n<strong>Tarjetas amarillas:<\/strong> 13<br \/>\n<strong>Tarjetas rojas:<\/strong> 2<br \/>\n<strong>Goles:<\/strong> 20<\/p>\n<p style=\"text-align: justify;\"><strong>PARTICIPACIONES CONTINENTALES<br \/>\n<\/strong>Copa Sudamericana 2010 (180 minutos jugados y 1 gol)<br \/>\nCopa Sudamericana 2012 (90 minutos jugados)<br \/>\nCopa Libertadores 2013 (200 minutos jugados)<\/p>\n","protected":false},"excerpt":{"rendered":"<p>Ram\u00f3n Medina, Prensa Deportivo Lara. &#8211; Pocos futbolistas en el balompi\u00e9 moderno se convierten en jugadores \u00abmarca\u00bb por la gran tentaci\u00f3n que existe en la actualidad de abandonar los clubes por una u otras razones, son pocos los futbolistas que defienden muchos a\u00f1os unos colores, y por ello, si hay que hablar de uno de &#8230;<\/p>\n","protected":false},"author":3,"featured_media":4277,"comment_status":"closed","ping_status":"closed","sticky":false,"template":"","format":"standard","meta":{"footnotes":""},"categories":[8,5,36,4,31],"tags":[],"class_list":["post-7254","post","type-post","status-publish","format-standard","has-post-thumbnail","hentry","category-cd-lara","category-futbol-nacional","category-internacional","category-legionarios","category-primera-division"],"_links":{"self":[{"href":"http:\/\/gradadigital.com\/home\/wp-json\/wp\/v2\/posts\/7254","targetHints":{"allow":["GET"]}}],"collection":[{"href":"http:\/\/gradadigital.com\/home\/wp-json\/wp\/v2\/posts"}],"about":[{"href":"http:\/\/gradadigital.com\/home\/wp-json\/wp\/v2\/types\/post"}],"author":[{"embeddable":true,"href":"http:\/\/gradadigital.com\/home\/wp-json\/wp\/v2\/users\/3"}],"replies":[{"embeddable":true,"href":"http:\/\/gradadigital.com\/home\/wp-json\/wp\/v2\/comments?post=7254"}],"version-history":[{"count":2,"href":"http:\/\/gradadigital.com\/home\/wp-json\/wp\/v2\/posts\/7254\/revisions"}],"predecessor-version":[{"id":7317,"href":"http:\/\/gradadigital.com\/home\/wp-json\/wp\/v2\/posts\/7254\/revisions\/7317"}],"wp:featuredmedia":[{"embeddable":true,"href":"http:\/\/gradadigital.com\/home\/wp-json\/wp\/v2\/media\/4277"}],"wp:attachment":[{"href":"http:\/\/gradadigital.com\/home\/wp-json\/wp\/v2\/media?parent=7254"}],"wp:term":[{"taxonomy":"category","embeddable":true,"href":"http:\/\/gradadigital.com\/home\/wp-json\/wp\/v2\/categories?post=7254"},{"taxonomy":"post_tag","embeddable":true,"href":"http:\/\/gradadigital.com\/home\/wp-json\/wp\/v2\/tags?post=7254"}],"curies":[{"name":"wp","href":"https:\/\/api.w.org\/{rel}","templated":true}]}}