{"id":7161,"date":"2013-12-18T16:44:25","date_gmt":"2013-12-18T21:14:25","guid":{"rendered":"http:\/\/gradadigital.com\/home\/?p=7161"},"modified":"2013-12-19T00:20:01","modified_gmt":"2013-12-19T04:50:01","slug":"gerzon-chacon-le-dijo-adios-al-aragua-fc","status":"publish","type":"post","link":"http:\/\/gradadigital.com\/home\/gerzon-chacon-le-dijo-adios-al-aragua-fc\/","title":{"rendered":"Gerzon Chac\u00f3n le dijo adi\u00f3s al Aragua FC"},"content":{"rendered":"<p style=\"text-align: center;\"><img decoding=\"async\" alt=\"http:\/\/gradadigital.com\/home\/wp-content\/uploads\/2013\/12\/gerzon_chacon_apertura_aragua_tachira_15122013.jpg\" src=\"http:\/\/gradadigital.com\/home\/wp-content\/uploads\/2013\/12\/gerzon_chacon_apertura_aragua_tachira_15122013.jpg\" \/><br \/>\n<em>El experimentado lateral derecho de amplio recorrido en el F\u00fatbol Nacional finaliz\u00f3 su v\u00ednculo contractual con la instituci\u00f3n arag\u00fce\u00f1a<\/em><\/p>\n<p style=\"text-align: justify;\"><strong>Miguel Andr\u00e9s Santana, Prensa Aragua FC. &#8211;<\/strong> Por vencimiento de contrato y tras no llegar a un acuerdo econ\u00f3mico con la directiva, el lateral derecho Gerzon Chac\u00f3n no seguir\u00e1 formando parte del Aragua F\u00fatbol Club de cara al venidero Torneo Apertura 2013, convirti\u00e9ndose as\u00ed en la tercera baja oficial del equipo, luego que en d\u00edas pasados, la Junta Directiva, presidida por el general Douglas Ballesteros, diera a conocer que los jugadores Javier Villafraz y Franco Fasciana tampoco continuar\u00e1n en el equipo.<\/p>\n<p style=\"text-align: justify;\">Con 33 a\u00f1os de edad y amplia experiencia al m\u00e1ximo nivel del balompi\u00e9 criollo, el oriundo de San Crist\u00f3bal jug\u00f3 en 40 de los 46 partidos disputados por el elenco arag\u00fce\u00f1o mientras visti\u00f3 la franela \u201caurirroja\u201d a lo largo de un a\u00f1o, demostrando ser un profesional que siempre tuvo una conducta intachable tanto dentro como fuera de cualquier escenario deportivo del F\u00fatbol Nacional.<\/p>\n<p style=\"text-align: justify;\">Su rapidez por la banda derecha y oportunas apariciones ofensivas en dicho sector lo convirtieron en uno de los jugadores m\u00e1s regulares que form\u00f3 parte de la plantilla arag\u00fce\u00f1a a lo largo de los \u00faltimos meses, en los que vio acci\u00f3n en un total de 3531 minutos sumando dos campeonatos, una Liguilla Pre-Sudamericana y Copa Venezuela, competiciones que disput\u00f3 con los arag\u00fce\u00f1os.<\/p>\n<p style=\"text-align: justify;\"><strong>\u00abQuiero agradecerle a toda la gente del Aragua F\u00fatbol Club por lo vivido a lo largo de un a\u00f1o en esta instituci\u00f3n. Les deseo lo mejor\u201d<\/strong>, escribi\u00f3 Chac\u00f3n a trav\u00e9s de su cuenta de Twitter luego de despedirse de sus ex compa\u00f1eros una vez finaliz\u00f3 la pr\u00e1ctica del pasado martes en el estadio Hermanos Ghersi P\u00e1ez. En dicha red social, Gerzon agreg\u00f3 que <strong>\u00abpor lo pronto volver\u00e9 a San Crist\u00f3bal para compartir con mi familia y amigos, esperando a ver qu\u00e9 nos trae el futuro y cu\u00e1l ser\u00e1 el lugar donde estar\u00e9 el pr\u00f3ximo campeonato\u00bb<\/strong>.<\/p>\n<p style=\"text-align: justify;\">Por demostrar ser un profesional de grandes valores, toda la familia que compone al Aragua F\u00fatbol Club desea lo mejor para Gerzon Chac\u00f3n en cualquiera que sea su pr\u00f3ximo reto, agradeci\u00e9ndole as\u00ed por todo lo aportado.<\/p>\n","protected":false},"excerpt":{"rendered":"<p>El experimentado lateral derecho de amplio recorrido en el F\u00fatbol Nacional finaliz\u00f3 su v\u00ednculo contractual con la instituci\u00f3n arag\u00fce\u00f1a Miguel Andr\u00e9s Santana, Prensa Aragua FC. &#8211; Por vencimiento de contrato y tras no llegar a un acuerdo econ\u00f3mico con la directiva, el lateral derecho Gerzon Chac\u00f3n no seguir\u00e1 formando parte del Aragua F\u00fatbol Club de &#8230;<\/p>\n","protected":false},"author":3,"featured_media":7023,"comment_status":"closed","ping_status":"closed","sticky":false,"template":"","format":"standard","meta":{"footnotes":""},"categories":[6,5,31],"tags":[],"class_list":["post-7161","post","type-post","status-publish","format-standard","has-post-thumbnail","hentry","category-aragua-fc","category-futbol-nacional","category-primera-division"],"_links":{"self":[{"href":"http:\/\/gradadigital.com\/home\/wp-json\/wp\/v2\/posts\/7161","targetHints":{"allow":["GET"]}}],"collection":[{"href":"http:\/\/gradadigital.com\/home\/wp-json\/wp\/v2\/posts"}],"about":[{"href":"http:\/\/gradadigital.com\/home\/wp-json\/wp\/v2\/types\/post"}],"author":[{"embeddable":true,"href":"http:\/\/gradadigital.com\/home\/wp-json\/wp\/v2\/users\/3"}],"replies":[{"embeddable":true,"href":"http:\/\/gradadigital.com\/home\/wp-json\/wp\/v2\/comments?post=7161"}],"version-history":[{"count":2,"href":"http:\/\/gradadigital.com\/home\/wp-json\/wp\/v2\/posts\/7161\/revisions"}],"predecessor-version":[{"id":7163,"href":"http:\/\/gradadigital.com\/home\/wp-json\/wp\/v2\/posts\/7161\/revisions\/7163"}],"wp:featuredmedia":[{"embeddable":true,"href":"http:\/\/gradadigital.com\/home\/wp-json\/wp\/v2\/media\/7023"}],"wp:attachment":[{"href":"http:\/\/gradadigital.com\/home\/wp-json\/wp\/v2\/media?parent=7161"}],"wp:term":[{"taxonomy":"category","embeddable":true,"href":"http:\/\/gradadigital.com\/home\/wp-json\/wp\/v2\/categories?post=7161"},{"taxonomy":"post_tag","embeddable":true,"href":"http:\/\/gradadigital.com\/home\/wp-json\/wp\/v2\/tags?post=7161"}],"curies":[{"name":"wp","href":"https:\/\/api.w.org\/{rel}","templated":true}]}}