{"id":6942,"date":"2013-12-12T18:45:32","date_gmt":"2013-12-12T23:15:32","guid":{"rendered":"http:\/\/gradadigital.com\/home\/?p=6942"},"modified":"2013-12-12T18:45:32","modified_gmt":"2013-12-12T23:15:32","slug":"video-salomon-rondon-anoto-su-sexto-gol-en-la-europa-league","status":"publish","type":"post","link":"http:\/\/gradadigital.com\/home\/video-salomon-rondon-anoto-su-sexto-gol-en-la-europa-league\/","title":{"rendered":"VIDEO | Salom\u00f3n Rond\u00f3n anot\u00f3 su sexto gol en la Europa League"},"content":{"rendered":"<p style=\"text-align: center;\"><iframe loading=\"lazy\" width=\"682\" height=\"348\" src=\"http:\/\/www.youtube.com\/embed\/iuqP29kPSOA?rel=0\" frameborder=\"0\" allowfullscreen><\/iframe>\n<p><b>Goles de Jos\u00e9 Salom\u00f3n Rond\u00f3n\u00a0<\/b><b>con el\u00a0Rubin Kazan <\/b><b>esta temporada:<\/b><\/p>\n<table border=\"0\">\n<tbody>\n<tr>\n<td style=\"text-align: center;\"><b>Fecha<\/b><\/td>\n<td style=\"text-align: center;\"><b>Competici\u00f3n<\/b><\/td>\n<td style=\"text-align: center;\"><b>Jornada<\/b><\/td>\n<td><\/td>\n<td style=\"text-align: center;\"><b>Partido<\/b><\/td>\n<td><\/td>\n<td style=\"text-align: center;\"><b>Goles<\/b><\/td>\n<\/tr>\n<tr>\n<td style=\"text-align: center;\">18\/07\/2013<br \/>\n21\/07\/2013<br \/>\n01\/08\/2013<br \/>\n22\/08\/2013<br \/>\n01\/09\/2013<br \/>\n19\/09\/2013<br \/>\n22\/09\/2013<br \/>\n02\/12\/2013<br \/>\n12\/12\/2013<\/td>\n<td style=\"text-align: center;\">UEFA Europa League<br \/>\nPremier League de Rusia<br \/>\nUEFA Europa League<br \/>\nUEFA Europa League<br \/>\nPremier League de Rusia<br \/>\nUEFA Europa League<br \/>\nPremier League de Rusia<br \/>\nPremier League de Rusia<br \/>\nUEFA Europa League<\/td>\n<td style=\"text-align: center;\">2da Ronda (Ida)<br \/>\n2<br \/>\n3ra Ronda (Ida)<br \/>\nPlayOff (Ida)<br \/>\n7<br \/>\nFase de Grupos<br \/>\n9<br \/>\n18<br \/>\nFase de Grupos<\/td>\n<td style=\"text-align: right;\"><a href=\"http:\/\/gradadigital.com\/home\/video-salomon-rondon-inicio-con-gol-la-europa-league\/\" target=\"_blank\">FK Jagodina<\/a><br \/>\n<a href=\"http:\/\/gradadigital.com\/home\/video-salomon-rondon-imbatible-gol-para-darle-el-triunfo-a-su-equipo\/\" target=\"_blank\">Rubin Kazan<\/a><br \/>\n<a href=\"http:\/\/gradadigital.com\/home\/video-salomon-logro-gran-definicion-para-nuevo-gol-en-la-europa-league\/\" target=\"_blank\">Randers FC<\/a><br \/>\n<a href=\"http:\/\/gradadigital.com\/home\/video-salomon-regateo-al-portero-y-concreto-golazo-en-europa-league\/\" target=\"_blank\">Molde FK<\/a><br \/>\n<a href=\"http:\/\/gradadigital.com\/home\/video-salomon-rondon-logro-hat-trick-en-rusia\/\" target=\"_blank\">Ural<br \/>\n<\/a><a href=\"http:\/\/gradadigital.com\/home\/video-salomon-rondon-nuevamente-marco-en-europa-mira-el-video\/\" target=\"_blank\">NK Maribor<br \/>\n<\/a><a href=\"http:\/\/gradadigital.com\/home\/video-salomon-rondon-nuevamente-marco-y-salio-por-lesion\/\" target=\"_blank\">Rubin Kazan<br \/>\n<\/a>Rubin Kazan<br \/>\nZulte Waregem<\/td>\n<td style=\"text-align: center;\"><a href=\"http:\/\/gradadigital.com\/home\/video-salomon-rondon-inicio-con-gol-la-europa-league\/\" target=\"_blank\">2-3<\/a><br \/>\n<a href=\"http:\/\/gradadigital.com\/home\/video-salomon-rondon-imbatible-gol-para-darle-el-triunfo-a-su-equipo\/\" target=\"_blank\">2-1<\/a><br \/>\n<a href=\"http:\/\/gradadigital.com\/home\/video-salomon-logro-gran-definicion-para-nuevo-gol-en-la-europa-league\/\" target=\"_blank\">1-2<\/a><br \/>\n<a href=\"http:\/\/gradadigital.com\/home\/video-salomon-regateo-al-portero-y-concreto-golazo-en-europa-league\/\" target=\"_blank\">0-2<\/a><br \/>\n<a href=\"http:\/\/gradadigital.com\/home\/video-salomon-rondon-logro-hat-trick-en-rusia\/\" target=\"_blank\">0-3<\/a><br \/>\n<a href=\"http:\/\/gradadigital.com\/home\/video-salomon-rondon-nuevamente-marco-en-europa-mira-el-video\/\" target=\"_blank\">2-5<\/a><br \/>\n<a href=\"http:\/\/gradadigital.com\/home\/video-salomon-rondon-nuevamente-marco-y-salio-por-lesion\/\" target=\"_blank\">1-2<\/a><br \/>\n3-0<br \/>\n0-2<\/td>\n<td style=\"text-align: left;\"><a href=\"http:\/\/gradadigital.com\/home\/video-salomon-rondon-inicio-con-gol-la-europa-league\/\" target=\"_blank\">Rubin Kazan<\/a><br \/>\n<a href=\"http:\/\/gradadigital.com\/home\/video-salomon-rondon-imbatible-gol-para-darle-el-triunfo-a-su-equipo\/\" target=\"_blank\">Zenit<\/a><br \/>\n<a href=\"http:\/\/gradadigital.com\/home\/video-salomon-logro-gran-definicion-para-nuevo-gol-en-la-europa-league\/\" target=\"_blank\">Rubin Kazan<\/a><br \/>\n<a href=\"http:\/\/gradadigital.com\/home\/video-salomon-regateo-al-portero-y-concreto-golazo-en-europa-league\/\" target=\"_blank\">Rubin Kazan<\/a><br \/>\n<a href=\"http:\/\/gradadigital.com\/home\/video-salomon-rondon-logro-hat-trick-en-rusia\/\" target=\"_blank\">Rubin Kazan<\/a><br \/>\n<a href=\"http:\/\/gradadigital.com\/home\/video-salomon-rondon-nuevamente-marco-en-europa-mira-el-video\/\" target=\"_blank\">Rubin Kazan<br \/>\n<\/a><a href=\"http:\/\/gradadigital.com\/home\/video-salomon-rondon-nuevamente-marco-y-salio-por-lesion\/\" target=\"_blank\">Tom Tomsk<\/a><br \/>\nAmkar Perm<br \/>\nRubin Kazan<\/td>\n<td style=\"text-align: center;\"><strong><a href=\"http:\/\/gradadigital.com\/home\/video-salomon-rondon-inicio-con-gol-la-europa-league\/\" target=\"_blank\">1<\/a><\/strong><br \/>\n<strong> <a href=\"http:\/\/gradadigital.com\/home\/video-salomon-rondon-imbatible-gol-para-darle-el-triunfo-a-su-equipo\/\" target=\"_blank\">1<\/a><\/strong><br \/>\n<strong> <a href=\"http:\/\/gradadigital.com\/home\/video-salomon-logro-gran-definicion-para-nuevo-gol-en-la-europa-league\/\" target=\"_blank\">1<\/a><\/strong><br \/>\n<strong> <a href=\"http:\/\/gradadigital.com\/home\/video-salomon-regateo-al-portero-y-concreto-golazo-en-europa-league\/\" target=\"_blank\">2<\/a><\/strong><br \/>\n<strong> <a href=\"http:\/\/gradadigital.com\/home\/video-salomon-rondon-logro-hat-trick-en-rusia\/\" target=\"_blank\">3<\/a><\/strong><b><br \/>\n<a href=\"http:\/\/gradadigital.com\/home\/video-salomon-rondon-nuevamente-marco-en-europa-mira-el-video\/\" target=\"_blank\">1<br \/>\n<\/a><a href=\"http:\/\/gradadigital.com\/home\/video-salomon-rondon-nuevamente-marco-y-salio-por-lesion\/\" target=\"_blank\">1<br \/>\n<\/a>1<br \/>\n1<br \/>\n<\/b><\/td>\n<\/tr>\n<\/tbody>\n<\/table>\n<p><em>Haciendo \u00abClick\u00bb sobre el resultado del partido podr\u00e1 ver los dem\u00e1s goles del vinotinto.<\/em><\/p>\n","protected":false},"excerpt":{"rendered":"<p>Goles de Jos\u00e9 Salom\u00f3n Rond\u00f3n\u00a0con el\u00a0Rubin Kazan esta temporada: Fecha Competici\u00f3n Jornada Partido Goles 18\/07\/2013 21\/07\/2013 01\/08\/2013 22\/08\/2013 01\/09\/2013 19\/09\/2013 22\/09\/2013 02\/12\/2013 12\/12\/2013 UEFA Europa League Premier League de Rusia UEFA Europa League UEFA Europa League Premier League de Rusia UEFA Europa League Premier League de Rusia Premier League de Rusia UEFA Europa League 2da &#8230;<\/p>\n","protected":false},"author":3,"featured_media":6941,"comment_status":"closed","ping_status":"closed","sticky":false,"template":"","format":"standard","meta":{"footnotes":""},"categories":[27,36,4],"tags":[],"class_list":["post-6942","post","type-post","status-publish","format-standard","has-post-thumbnail","hentry","category-video","category-internacional","category-legionarios"],"_links":{"self":[{"href":"http:\/\/gradadigital.com\/home\/wp-json\/wp\/v2\/posts\/6942","targetHints":{"allow":["GET"]}}],"collection":[{"href":"http:\/\/gradadigital.com\/home\/wp-json\/wp\/v2\/posts"}],"about":[{"href":"http:\/\/gradadigital.com\/home\/wp-json\/wp\/v2\/types\/post"}],"author":[{"embeddable":true,"href":"http:\/\/gradadigital.com\/home\/wp-json\/wp\/v2\/users\/3"}],"replies":[{"embeddable":true,"href":"http:\/\/gradadigital.com\/home\/wp-json\/wp\/v2\/comments?post=6942"}],"version-history":[{"count":4,"href":"http:\/\/gradadigital.com\/home\/wp-json\/wp\/v2\/posts\/6942\/revisions"}],"predecessor-version":[{"id":6946,"href":"http:\/\/gradadigital.com\/home\/wp-json\/wp\/v2\/posts\/6942\/revisions\/6946"}],"wp:featuredmedia":[{"embeddable":true,"href":"http:\/\/gradadigital.com\/home\/wp-json\/wp\/v2\/media\/6941"}],"wp:attachment":[{"href":"http:\/\/gradadigital.com\/home\/wp-json\/wp\/v2\/media?parent=6942"}],"wp:term":[{"taxonomy":"category","embeddable":true,"href":"http:\/\/gradadigital.com\/home\/wp-json\/wp\/v2\/categories?post=6942"},{"taxonomy":"post_tag","embeddable":true,"href":"http:\/\/gradadigital.com\/home\/wp-json\/wp\/v2\/tags?post=6942"}],"curies":[{"name":"wp","href":"https:\/\/api.w.org\/{rel}","templated":true}]}}