{"id":6866,"date":"2013-12-07T15:58:02","date_gmt":"2013-12-07T20:28:02","guid":{"rendered":"http:\/\/gradadigital.com\/home\/?p=6866"},"modified":"2013-12-07T15:58:02","modified_gmt":"2013-12-07T20:28:02","slug":"en-vivo-presentacion-oficial-de-cesar-farias-como-dt-de-xolos-de-tijuana","status":"publish","type":"post","link":"http:\/\/gradadigital.com\/home\/en-vivo-presentacion-oficial-de-cesar-farias-como-dt-de-xolos-de-tijuana\/","title":{"rendered":"EN VIVO | Presentaci\u00f3n OFICIAL de C\u00e9sar Far\u00edas como DT de Xolos de Tijuana"},"content":{"rendered":"<p><iframe loading=\"lazy\" style=\"border: 0px none transparent;\" src=\"http:\/\/www.ustream.tv\/embed\/16472209?v=3&amp;wmode=direct\" height=\"416\" width=\"682\" frameborder=\"0\" scrolling=\"no\"><\/iframe><\/p>\n<p><a style=\"padding: 2px 0px 4px; width: 400px; background: #ffffff; display: block; color: #000000; font-weight: normal; font-size: 10px; text-decoration: underline; text-align: center;\" href=\"http:\/\/www.ustream.tv\/\" target=\"_blank\">Live streaming video by Ustream<\/a><\/p>\n<p><strong>GradaDigital.com &#8211; <\/strong>Rueda de Prensa de la presentaci\u00f3n OFICIAL de C\u00e9sar Far\u00edas, como nuevo estratega de los Xolos de Tijuana de M\u00e9xico.<\/p>\n","protected":false},"excerpt":{"rendered":"<p>Live streaming video by Ustream GradaDigital.com &#8211; Rueda de Prensa de la presentaci\u00f3n OFICIAL de C\u00e9sar Far\u00edas, como nuevo estratega de los Xolos de Tijuana de M\u00e9xico.<\/p>\n","protected":false},"author":4,"featured_media":6820,"comment_status":"closed","ping_status":"closed","sticky":false,"template":"","format":"standard","meta":{"footnotes":""},"categories":[27,36,4],"tags":[],"class_list":["post-6866","post","type-post","status-publish","format-standard","has-post-thumbnail","hentry","category-video","category-internacional","category-legionarios"],"_links":{"self":[{"href":"http:\/\/gradadigital.com\/home\/wp-json\/wp\/v2\/posts\/6866","targetHints":{"allow":["GET"]}}],"collection":[{"href":"http:\/\/gradadigital.com\/home\/wp-json\/wp\/v2\/posts"}],"about":[{"href":"http:\/\/gradadigital.com\/home\/wp-json\/wp\/v2\/types\/post"}],"author":[{"embeddable":true,"href":"http:\/\/gradadigital.com\/home\/wp-json\/wp\/v2\/users\/4"}],"replies":[{"embeddable":true,"href":"http:\/\/gradadigital.com\/home\/wp-json\/wp\/v2\/comments?post=6866"}],"version-history":[{"count":1,"href":"http:\/\/gradadigital.com\/home\/wp-json\/wp\/v2\/posts\/6866\/revisions"}],"predecessor-version":[{"id":6867,"href":"http:\/\/gradadigital.com\/home\/wp-json\/wp\/v2\/posts\/6866\/revisions\/6867"}],"wp:featuredmedia":[{"embeddable":true,"href":"http:\/\/gradadigital.com\/home\/wp-json\/wp\/v2\/media\/6820"}],"wp:attachment":[{"href":"http:\/\/gradadigital.com\/home\/wp-json\/wp\/v2\/media?parent=6866"}],"wp:term":[{"taxonomy":"category","embeddable":true,"href":"http:\/\/gradadigital.com\/home\/wp-json\/wp\/v2\/categories?post=6866"},{"taxonomy":"post_tag","embeddable":true,"href":"http:\/\/gradadigital.com\/home\/wp-json\/wp\/v2\/tags?post=6866"}],"curies":[{"name":"wp","href":"https:\/\/api.w.org\/{rel}","templated":true}]}}