{"id":6858,"date":"2013-12-06T19:16:10","date_gmt":"2013-12-06T23:46:10","guid":{"rendered":"http:\/\/gradadigital.com\/home\/?p=6858"},"modified":"2013-12-06T19:16:10","modified_gmt":"2013-12-06T23:46:10","slug":"video-las-declaraciones-de-los-jugadores-del-caracas-fc-tras-el-titulo","status":"publish","type":"post","link":"http:\/\/gradadigital.com\/home\/video-las-declaraciones-de-los-jugadores-del-caracas-fc-tras-el-titulo\/","title":{"rendered":"VIDEO | Las declaraciones de los jugadores del Caracas FC tras el t\u00edtulo"},"content":{"rendered":"<p style=\"text-align: center;\"><iframe loading=\"lazy\" width=\"682\" height=\"348\" src=\"http:\/\/www.youtube.com\/embed\/7jcXAgGC1uM?rel=0\" frameborder=\"0\" allowfullscreen><\/iframe>\n<p style=\"text-align: justify;\"><strong>GradaDigital.com &#8211;<\/strong> Tras la consagraci\u00f3n del Caracas F\u00fatbol Club por la Copa Venezuela ante el Deportivo T\u00e1chira, jugadores del plantel \u00abRojo\u00bb compartieron con Grada Digital sus opiniones sobre el encuentro, la satisfacci\u00f3n del t\u00edtulo, y c\u00f3mo vivieron este momento. C\u00e9sar \u00abM\u00e1gico\u00bb Gonz\u00e1lez, Eduardo Sarag\u00f3, Edder Far\u00edas, R\u00f3mulo Otero, Roberto Tucker, Ricardo Andreutti y Andr\u00e9s S\u00e1nchez, concedieron sus palabras. <strong>\u00a1Mira el video!<\/strong><\/p>\n","protected":false},"excerpt":{"rendered":"<p>GradaDigital.com &#8211; Tras la consagraci\u00f3n del Caracas F\u00fatbol Club por la Copa Venezuela ante el Deportivo T\u00e1chira, jugadores del plantel \u00abRojo\u00bb compartieron con Grada Digital sus opiniones sobre el encuentro, la satisfacci\u00f3n del t\u00edtulo, y c\u00f3mo vivieron este momento. C\u00e9sar \u00abM\u00e1gico\u00bb Gonz\u00e1lez, Eduardo Sarag\u00f3, Edder Far\u00edas, R\u00f3mulo Otero, Roberto Tucker, Ricardo Andreutti y Andr\u00e9s S\u00e1nchez, &#8230;<\/p>\n","protected":false},"author":4,"featured_media":6826,"comment_status":"closed","ping_status":"closed","sticky":false,"template":"","format":"standard","meta":{"footnotes":""},"categories":[27,9,34],"tags":[],"class_list":["post-6858","post","type-post","status-publish","format-standard","has-post-thumbnail","hentry","category-video","category-caracas-fc","category-copa-venezuela"],"_links":{"self":[{"href":"http:\/\/gradadigital.com\/home\/wp-json\/wp\/v2\/posts\/6858","targetHints":{"allow":["GET"]}}],"collection":[{"href":"http:\/\/gradadigital.com\/home\/wp-json\/wp\/v2\/posts"}],"about":[{"href":"http:\/\/gradadigital.com\/home\/wp-json\/wp\/v2\/types\/post"}],"author":[{"embeddable":true,"href":"http:\/\/gradadigital.com\/home\/wp-json\/wp\/v2\/users\/4"}],"replies":[{"embeddable":true,"href":"http:\/\/gradadigital.com\/home\/wp-json\/wp\/v2\/comments?post=6858"}],"version-history":[{"count":1,"href":"http:\/\/gradadigital.com\/home\/wp-json\/wp\/v2\/posts\/6858\/revisions"}],"predecessor-version":[{"id":6859,"href":"http:\/\/gradadigital.com\/home\/wp-json\/wp\/v2\/posts\/6858\/revisions\/6859"}],"wp:featuredmedia":[{"embeddable":true,"href":"http:\/\/gradadigital.com\/home\/wp-json\/wp\/v2\/media\/6826"}],"wp:attachment":[{"href":"http:\/\/gradadigital.com\/home\/wp-json\/wp\/v2\/media?parent=6858"}],"wp:term":[{"taxonomy":"category","embeddable":true,"href":"http:\/\/gradadigital.com\/home\/wp-json\/wp\/v2\/categories?post=6858"},{"taxonomy":"post_tag","embeddable":true,"href":"http:\/\/gradadigital.com\/home\/wp-json\/wp\/v2\/tags?post=6858"}],"curies":[{"name":"wp","href":"https:\/\/api.w.org\/{rel}","templated":true}]}}