{"id":6472,"date":"2013-11-12T13:17:06","date_gmt":"2013-11-12T17:47:06","guid":{"rendered":"http:\/\/gradadigital.com\/home\/?p=6472"},"modified":"2013-11-12T13:17:06","modified_gmt":"2013-11-12T17:47:06","slug":"el-encuentro-de-vuelta-por-la-final-de-copa-venezuela-tiene-nueva-fecha","status":"publish","type":"post","link":"http:\/\/gradadigital.com\/home\/el-encuentro-de-vuelta-por-la-final-de-copa-venezuela-tiene-nueva-fecha\/","title":{"rendered":"El encuentro de vuelta por la final de Copa Venezuela tiene nueva fecha"},"content":{"rendered":"<p style=\"text-align: center;\"><img loading=\"lazy\" decoding=\"async\" class=\"alignnone size-full wp-image-6473\" alt=\"recibimiento_caracas_tachira_olimpico_06052012\" src=\"http:\/\/gradadigital.com\/home\/wp-content\/uploads\/2013\/11\/recibimiento_caracas_tachira_olimpico_06052012.jpg\" width=\"596\" height=\"346\" srcset=\"http:\/\/gradadigital.com\/home\/wp-content\/uploads\/2013\/11\/recibimiento_caracas_tachira_olimpico_06052012.jpg 596w, http:\/\/gradadigital.com\/home\/wp-content\/uploads\/2013\/11\/recibimiento_caracas_tachira_olimpico_06052012-300x174.jpg 300w\" sizes=\"auto, (max-width: 596px) 100vw, 596px\" \/><\/p>\n<p style=\"text-align: justify;\"><strong>GradaDigital.com &#8211;<\/strong> El Departamento de prensa del Caracas FC, inform\u00f3 en horas de la tarde que el encuentro de la vuelta por la gran final de la Copa Venezuela entre \u00abRojos\u00bb y \u00abAurinegros\u00bb, tendr\u00e1 una nueva fecha que ser\u00e1 el jueves 5 de diciembre.<\/p>\n<p style=\"text-align: justify;\">Los motivos se debieron a que la fecha original (4 de diciembre), se efectuar\u00e1 el encuentro entre Leones del Caracas y Navegantes del Magallanes en el Estadio Universitario, por lo que se le otorg\u00f3 prioridad a los mecanismos de seguridad que requieren el cl\u00e1sico del f\u00fatbol nacional. La hora pautada ser\u00e1 a las 3:30 pm.<\/p>\n","protected":false},"excerpt":{"rendered":"<p>GradaDigital.com &#8211; El Departamento de prensa del Caracas FC, inform\u00f3 en horas de la tarde que el encuentro de la vuelta por la gran final de la Copa Venezuela entre \u00abRojos\u00bb y \u00abAurinegros\u00bb, tendr\u00e1 una nueva fecha que ser\u00e1 el jueves 5 de diciembre. Los motivos se debieron a que la fecha original (4 de &#8230;<\/p>\n","protected":false},"author":4,"featured_media":6473,"comment_status":"closed","ping_status":"closed","sticky":false,"template":"","format":"standard","meta":{"footnotes":""},"categories":[9,34,11,5],"tags":[],"class_list":["post-6472","post","type-post","status-publish","format-standard","has-post-thumbnail","hentry","category-caracas-fc","category-copa-venezuela","category-deportivo-tachira","category-futbol-nacional"],"_links":{"self":[{"href":"http:\/\/gradadigital.com\/home\/wp-json\/wp\/v2\/posts\/6472","targetHints":{"allow":["GET"]}}],"collection":[{"href":"http:\/\/gradadigital.com\/home\/wp-json\/wp\/v2\/posts"}],"about":[{"href":"http:\/\/gradadigital.com\/home\/wp-json\/wp\/v2\/types\/post"}],"author":[{"embeddable":true,"href":"http:\/\/gradadigital.com\/home\/wp-json\/wp\/v2\/users\/4"}],"replies":[{"embeddable":true,"href":"http:\/\/gradadigital.com\/home\/wp-json\/wp\/v2\/comments?post=6472"}],"version-history":[{"count":1,"href":"http:\/\/gradadigital.com\/home\/wp-json\/wp\/v2\/posts\/6472\/revisions"}],"predecessor-version":[{"id":6474,"href":"http:\/\/gradadigital.com\/home\/wp-json\/wp\/v2\/posts\/6472\/revisions\/6474"}],"wp:featuredmedia":[{"embeddable":true,"href":"http:\/\/gradadigital.com\/home\/wp-json\/wp\/v2\/media\/6473"}],"wp:attachment":[{"href":"http:\/\/gradadigital.com\/home\/wp-json\/wp\/v2\/media?parent=6472"}],"wp:term":[{"taxonomy":"category","embeddable":true,"href":"http:\/\/gradadigital.com\/home\/wp-json\/wp\/v2\/categories?post=6472"},{"taxonomy":"post_tag","embeddable":true,"href":"http:\/\/gradadigital.com\/home\/wp-json\/wp\/v2\/tags?post=6472"}],"curies":[{"name":"wp","href":"https:\/\/api.w.org\/{rel}","templated":true}]}}