{"id":6352,"date":"2013-11-05T18:15:49","date_gmt":"2013-11-05T22:45:49","guid":{"rendered":"http:\/\/gradadigital.com\/home\/?p=6352"},"modified":"2013-11-06T11:20:45","modified_gmt":"2013-11-06T15:50:45","slug":"lugo-y-febles-dos-hermanos-que-luchan-por-un-mismo-premio","status":"publish","type":"post","link":"http:\/\/gradadigital.com\/home\/lugo-y-febles-dos-hermanos-que-luchan-por-un-mismo-premio\/","title":{"rendered":"Lugo y Febles: dos \u201chermanos\u201d que luchan por un mismo premio"},"content":{"rendered":"<p style=\"text-align: center;\"><img loading=\"lazy\" decoding=\"async\" class=\"alignnone size-full wp-image-6354\" alt=\"aragua_caracas_20082012_2\" src=\"http:\/\/gradadigital.com\/home\/wp-content\/uploads\/2013\/11\/aragua_caracas_20082012_2.jpg\" width=\"596\" height=\"346\" srcset=\"http:\/\/gradadigital.com\/home\/wp-content\/uploads\/2013\/11\/aragua_caracas_20082012_2.jpg 596w, http:\/\/gradadigital.com\/home\/wp-content\/uploads\/2013\/11\/aragua_caracas_20082012_2-300x174.jpg 300w\" sizes=\"auto, (max-width: 596px) 100vw, 596px\" \/><\/p>\n<p style=\"text-align: justify;\"><b>Mariann Garc\u00eda.- <\/b>Tanto la vida como el f\u00fatbol dan muchas vueltas, el destino coloca trabas, pero tambi\u00e9n regala acompa\u00f1antes que te permiten superar momentos dif\u00edciles. Los apellidos Febles y Lugo no son ni parecidos,\u00a0 cada uno conforma una familia distinta, en lugares diferentes y con historias muy diversas.\u00a0 Daniel y Jes\u00fas son dos chamos que han vivido momentos duros y supieron apoyarse uno a otro, se consideran hermanos y por cuestiones del balompi\u00e9 les toca enfrentarse en un campo de juego, el objetivo es el mismo, s\u00f3lo que cada quien defiende un equipo distinto.<\/p>\n<p style=\"text-align: justify;\">Desde muy ni\u00f1os algo dec\u00eda que estos dos delanteros se la iban a llevar muy bien. Toda historia tiene su inicio y la de ellos comenz\u00f3 por intermedio de esa famosa pasi\u00f3n llamada f\u00fatbol. <b>\u201cNosotros hab\u00edamos compartido desde peque\u00f1os en selecciones distritales, \u00e9l con Aragua y yo con Distrito, tambi\u00e9n nos vimos en unos nacionales y as\u00ed fuimos. Juntos hicimos los m\u00f3dulos de la sub 17 y sub 20 con la Selecci\u00f3n Nacional, despu\u00e9s casualmente coincidimos con el Aragua. Las horas de concentraci\u00f3n te permiten conocer a las personas\u201d<\/b>, relat\u00f3 Daniel Febles sobre c\u00f3mo se conocieron \u00e9l y \u201cChuto\u201d.<\/p>\n<p style=\"text-align: center;\"><img loading=\"lazy\" decoding=\"async\" class=\"alignnone size-full wp-image-6353\" alt=\"daniel_febles_caracas_2013\" src=\"http:\/\/gradadigital.com\/home\/wp-content\/uploads\/2013\/11\/daniel_febles_caracas_2013.jpg\" width=\"596\" height=\"346\" srcset=\"http:\/\/gradadigital.com\/home\/wp-content\/uploads\/2013\/11\/daniel_febles_caracas_2013.jpg 596w, http:\/\/gradadigital.com\/home\/wp-content\/uploads\/2013\/11\/daniel_febles_caracas_2013-300x174.jpg 300w\" sizes=\"auto, (max-width: 596px) 100vw, 596px\" \/><\/p>\n<p style=\"text-align: justify;\">Una acci\u00f3n vale m\u00e1s que mil palabras, los gestos se convierten en detalles que quedan guardados en la memoria y tienen grandes significados para cada ser humano. El arag\u00fce\u00f1o Jes\u00fas Lugo adopt\u00f3 a un compa\u00f1ero de equipo por esa temporada; a pesar de que ya no juegan en el mismo club, los lazos de amistad quedaron para siempre. Al preguntarle por \u201cDany\u201d muestra una sonrisa en su rostro y comenta que: <b>\u201cCon Daniel tuve una gran amistad cuando estuvo jugando en el Aragua. Yo le dediqu\u00e9 varios goles al pap\u00e1 cuando falleci\u00f3, y esos fueron de gran factura para \u00e9l porque despu\u00e9s de eso se uni\u00f3 m\u00e1s\u201d<\/b>.<\/p>\n<p style=\"text-align: justify;\">El caraque\u00f1o recuerda perfectamente esos momentos en los que Lugo celebraba sus dianas con un mensaje especial para Pedro Febles, su padre. El tema es sensible para el goleador, su voz cambia cuando habla sobre esos momentos, pero nunca deja de agradecerle a su amigo por todo lo que hizo. <b>\u201c\u00c9l tuvo una racha en la que estaba marcando goles y se lo dedicaba a mi pap\u00e1, esas son cosas muy especiales que a uno no se le olvidan. Ahora que lo recuerdo hasta se me aguan los ojos porque son detalles que te ayudan a pasar los momentos dif\u00edciles. Chuto siempre estuvo ah\u00ed\u201d<\/b>, a\u00f1adi\u00f3 el ex \u201cAurirrojo\u201d.<\/p>\n<p style=\"text-align: center;\"><img loading=\"lazy\" decoding=\"async\" class=\"alignnone size-full wp-image-6356\" alt=\"daniel_febles_aragua_2012\" src=\"http:\/\/gradadigital.com\/home\/wp-content\/uploads\/2013\/11\/daniel_febles_aragua_2012.jpg\" width=\"596\" height=\"346\" srcset=\"http:\/\/gradadigital.com\/home\/wp-content\/uploads\/2013\/11\/daniel_febles_aragua_2012.jpg 596w, http:\/\/gradadigital.com\/home\/wp-content\/uploads\/2013\/11\/daniel_febles_aragua_2012-300x174.jpg 300w\" sizes=\"auto, (max-width: 596px) 100vw, 596px\" \/><\/p>\n<p style=\"text-align: justify;\">La palabra hermano se relaciona a un parentesco sangu\u00edneo, aunque estos dos futbolistas no lo tienen, sus vivencias han hecho que sientan llamarse de esta manera. Primero se fue al cielo el padre de Daniel, luego, lamentablemente, le toc\u00f3 a \u201cChuto\u201d vivir esa triste situaci\u00f3n, esas fueron cosas que los uni\u00f3 a ambos. <b>\u201cLo veo como un hermano, as\u00ed lo considero. A m\u00ed me toc\u00f3 pasar primero lo que el pas\u00f3 con su mam\u00e1. \u00c9l no tiene hermano mayor y yo siempre trat\u00e9 de ayudar en lo que se pudiera, aportando seg\u00fan la experiencia que a m\u00ed me toc\u00f3 vivir\u201d<\/b>, cont\u00f3 el delantero \u201cAvile\u00f1o\u201d sobre el sentimiento que de una u otra forma los une. No se llevan mucho tiempo en cuanto a edades se refiere, pero para el de Santa Cruz: <b>\u201cA \u00e9l lo considero m\u00e1s que un hermano, es como mi hermano mayor. Es una excelente persona dentro y fuera de la cancha\u201d.<\/b><\/p>\n<p style=\"text-align: justify;\">Este deporte tiene muchas curiosidades y casualidades, en esta ocasi\u00f3n cada uno defienden colores diferentes; sin embargo, en su espalda llevan el\u00a0 mismo dorsal n\u00famero 7. <b>\u201cCuriosidades del f\u00fatbol, nos toc\u00f3 compartir el mismo n\u00famero y tambi\u00e9n somos zurdos los dos, pero cada quien tiene sus caracter\u00edsticas\u201d<\/b>, expres\u00f3 Febles con respecto al tema. Al terminar el cotejo, sea cual sea el resultado, Jes\u00fas Lugo confes\u00f3 que: <b>\u201cLe voy a pedir intercambio de camisa\u201d<\/b>.<\/p>\n<p style=\"text-align: center;\"><img loading=\"lazy\" decoding=\"async\" class=\"alignnone size-full wp-image-6355\" alt=\"jesus_lugo_aragua_laguaira_2013\" src=\"http:\/\/gradadigital.com\/home\/wp-content\/uploads\/2013\/11\/jesus_lugo_aragua_laguaira_2013.jpg\" width=\"596\" height=\"346\" srcset=\"http:\/\/gradadigital.com\/home\/wp-content\/uploads\/2013\/11\/jesus_lugo_aragua_laguaira_2013.jpg 596w, http:\/\/gradadigital.com\/home\/wp-content\/uploads\/2013\/11\/jesus_lugo_aragua_laguaira_2013-300x174.jpg 300w\" sizes=\"auto, (max-width: 596px) 100vw, 596px\" \/><\/p>\n<p style=\"text-align: justify;\">Este mi\u00e9rcoles 6 de noviembre, desde que den el pitazo inicial hasta que se decrete el fin del partido ser\u00e1n \u201chermanos\u201d luchando por una misma causa. <b>\u201cOjal\u00e1 no pase, aunque si llegara a marcar alguien del Aragua que sea Chuto, eso s\u00ed, que el marque, pero que ganemos nosotros\u201d<\/b>, dijo entre risas el jugador que tienen arriba en el global al Caracas FC, quien luego de ese compromiso se le acerc\u00f3 al dirigido por Cavalleri para decirle <b>\u201cque ando volando, que siga as\u00ed porque en cualquier momento me llaman a la selecci\u00f3n\u201d<\/b>. \u00a0Con respecto a un resultado en la vuelta, anticipa que: <b>\u201cEn el de ida le toc\u00f3 a \u00e9l, aunque por ah\u00ed me podr\u00eda tocar a m\u00ed marcarles el mi\u00e9rcoles\u201d<\/b>. Su lucha es s\u00f3lo en el campo, m\u00e1s all\u00e1 de eso seguir\u00e1 una amistad, un aliento de lado y lado cuando el otro lo necesite.<\/p>\n","protected":false},"excerpt":{"rendered":"<p>Mariann Garc\u00eda.- Tanto la vida como el f\u00fatbol dan muchas vueltas, el destino coloca trabas, pero tambi\u00e9n regala acompa\u00f1antes que te permiten superar momentos dif\u00edciles. Los apellidos Febles y Lugo no son ni parecidos,\u00a0 cada uno conforma una familia distinta, en lugares diferentes y con historias muy diversas.\u00a0 Daniel y Jes\u00fas son dos chamos que &#8230;<\/p>\n","protected":false},"author":4,"featured_media":6353,"comment_status":"closed","ping_status":"closed","sticky":false,"template":"","format":"standard","meta":{"footnotes":""},"categories":[43,6,34,5,31],"tags":[],"class_list":["post-6352","post","type-post","status-publish","format-standard","has-post-thumbnail","hentry","category-fotos","category-aragua-fc","category-copa-venezuela","category-futbol-nacional","category-primera-division"],"_links":{"self":[{"href":"http:\/\/gradadigital.com\/home\/wp-json\/wp\/v2\/posts\/6352","targetHints":{"allow":["GET"]}}],"collection":[{"href":"http:\/\/gradadigital.com\/home\/wp-json\/wp\/v2\/posts"}],"about":[{"href":"http:\/\/gradadigital.com\/home\/wp-json\/wp\/v2\/types\/post"}],"author":[{"embeddable":true,"href":"http:\/\/gradadigital.com\/home\/wp-json\/wp\/v2\/users\/4"}],"replies":[{"embeddable":true,"href":"http:\/\/gradadigital.com\/home\/wp-json\/wp\/v2\/comments?post=6352"}],"version-history":[{"count":1,"href":"http:\/\/gradadigital.com\/home\/wp-json\/wp\/v2\/posts\/6352\/revisions"}],"predecessor-version":[{"id":6357,"href":"http:\/\/gradadigital.com\/home\/wp-json\/wp\/v2\/posts\/6352\/revisions\/6357"}],"wp:featuredmedia":[{"embeddable":true,"href":"http:\/\/gradadigital.com\/home\/wp-json\/wp\/v2\/media\/6353"}],"wp:attachment":[{"href":"http:\/\/gradadigital.com\/home\/wp-json\/wp\/v2\/media?parent=6352"}],"wp:term":[{"taxonomy":"category","embeddable":true,"href":"http:\/\/gradadigital.com\/home\/wp-json\/wp\/v2\/categories?post=6352"},{"taxonomy":"post_tag","embeddable":true,"href":"http:\/\/gradadigital.com\/home\/wp-json\/wp\/v2\/tags?post=6352"}],"curies":[{"name":"wp","href":"https:\/\/api.w.org\/{rel}","templated":true}]}}