{"id":6322,"date":"2013-11-03T20:44:54","date_gmt":"2013-11-04T01:14:54","guid":{"rendered":"http:\/\/gradadigital.com\/home\/?p=6322"},"modified":"2013-11-04T20:45:48","modified_gmt":"2013-11-05T01:15:48","slug":"carabobo-dejo-escapar-gran-oportunidad-en-el-olimpico","status":"publish","type":"post","link":"http:\/\/gradadigital.com\/home\/carabobo-dejo-escapar-gran-oportunidad-en-el-olimpico\/","title":{"rendered":"Carabobo dej\u00f3 escapar gran oportunidad en el Ol\u00edmpico"},"content":{"rendered":"<p style=\"text-align: center;\"><img loading=\"lazy\" decoding=\"async\" class=\"alignnone size-full wp-image-6324\" alt=\"cristian_novoa_petare_carabobo_03112013\" src=\"http:\/\/gradadigital.com\/home\/wp-content\/uploads\/2013\/11\/cristian_novoa_petare_carabobo_03112013.jpg\" width=\"596\" height=\"346\" srcset=\"http:\/\/gradadigital.com\/home\/wp-content\/uploads\/2013\/11\/cristian_novoa_petare_carabobo_03112013.jpg 596w, http:\/\/gradadigital.com\/home\/wp-content\/uploads\/2013\/11\/cristian_novoa_petare_carabobo_03112013-300x174.jpg 300w\" sizes=\"auto, (max-width: 596px) 100vw, 596px\" \/><\/p>\n<p style=\"text-align: justify;\"><strong>Rodolfo Rutilo,\u00a0<\/strong><strong>Prensa Deportivo Petare &#8211;\u00a0<\/strong>El Deportivo Petare empat\u00f3 a cero en condici\u00f3n de local, ante el Carabobo FC en el estadio Ol\u00edmpico, en lo que fue el debut del director t\u00e9cnico Sa\u00fal Maldonado en el banquillo parroquial, donde el partido se bas\u00f3 en los contragolpes de lado y lado, pero ninguno pudo capitalizar sus ocasiones de peligro.<\/p>\n<p style=\"text-align: justify;\">La primera ocasi\u00f3n del partido fue para los locales al minuto 7, por intermedio de un tiro libre, Armando Maita quiso probar a Morales de unos 25 metros, pero el disparo no fue con potencia. Al 27\u00b4, en un contragolpe del granate tuvo su oportunidad de llevar peligro por intermedio de Emilio Renter\u00eda que con pelota dominada lleg\u00f3 al borde del \u00e1rea parroquial, remat\u00f3, pero se fue rozando el poste derecho de Mart\u00ednez.<\/p>\n<p style=\"text-align: center;\"><a href=\"http:\/\/gradadigital.com\/home\/wp-content\/uploads\/2013\/11\/emilio_renteria_petare_carabobo_03112013.jpg\"><img loading=\"lazy\" decoding=\"async\" class=\"alignnone size-full wp-image-6323\" alt=\"emilio_renteria_petare_carabobo_03112013\" src=\"http:\/\/gradadigital.com\/home\/wp-content\/uploads\/2013\/11\/emilio_renteria_petare_carabobo_03112013.jpg\" width=\"596\" height=\"346\" srcset=\"http:\/\/gradadigital.com\/home\/wp-content\/uploads\/2013\/11\/emilio_renteria_petare_carabobo_03112013.jpg 596w, http:\/\/gradadigital.com\/home\/wp-content\/uploads\/2013\/11\/emilio_renteria_petare_carabobo_03112013-300x174.jpg 300w\" sizes=\"auto, (max-width: 596px) 100vw, 596px\" \/><\/a><\/p>\n<p style=\"text-align: justify;\">En la fracci\u00f3n 32, Carabobo FC tuvo la oportunidad m\u00e1s clara de la primera parte, con una ocasi\u00f3n de pelota parada al borde del \u00e1rea que cobr\u00f3 Luis Roberto Seijas que remat\u00f3 con vehemencia al segundo palo de Geancarlos Mart\u00ednez, pero el poste le dijo que no.<\/p>\n<p style=\"text-align: justify;\">En la etapa complementaria ambos equipos salieron en b\u00fasqueda del dominio del bal\u00f3n, pero fueron los locales quienes dominaron los primeros 20 minutos del segundo tiempo.<\/p>\n<p style=\"text-align: justify;\">Al 65\u00b4, contragolpe de los parroquiales por intermedio de Armando Maita, quien habilita a James Cabezas dentro del \u00e1rea, para dejarlo perfilado de cara al gol,Cabezas remat\u00f3 cruzado, pero se fue rozando el palo derecho de Morales.\u00a0 Dos minuto m\u00e1s tarde, contragolpe de Carabobo FC, Manuel Granados centr\u00f3 al segundo palo para Jean Bastidas, pero el juvenil no supo definir la ocasi\u00f3n de peligro.<\/p>\n<p style=\"text-align: justify;\">Los visitantes siguieron buscando el \u00e1rea rival con contragolpes como principal arma, al 77\u00b4 Christian Novoa lo intent\u00f3 fuera del \u00e1rea, pero Geancarlos Mart\u00ednez repeli\u00f3 el disparo para evitar el peligro. Al 79\u00b4, el reci\u00e9n ingresado Jorge Zambrana tuvo una oportunidad para abrir el marcador con un remate dentro del \u00e1rea, cruzado, pero el remate se fue rozando el palo izquierdo de Mart\u00ednez.<\/p>\n<p style=\"text-align: justify;\">Sobre el final del partido, los visitantes arrimaron a los locales en su \u00e1rea, pero la defensiva parroquial siempre estuvo muy atenta para no cometer errores y mantener el resultado, final del partido empate a cero en el Ol\u00edmpico.<\/p>\n<p style=\"text-align: justify;\"><strong>Ficha T\u00e9cnica<\/strong>:<br \/>\n<strong>Deportivo Petare FC (0):\u00a0<\/strong>Geancarlo Mart\u00ednez, Alejandro Valldeperas, Juan P\u00e9ndola, Jhon Palacios, Frank Padilla (*), Guillermo Banquuez, Luis Mart\u00ednez, Roberto Carlos Bol\u00edvar (J. Romo, al Min. 74), Jes\u00fas Quintero (J. Cabezas, al Min 61), Wuiswell Isea y Armando Maita. DT: Sa\u00fal Maldonado.<br \/>\n<strong>Carabobo FC (0)<\/strong>: Leonardo Morales, Manuel Granados, \u00c1lvaro M\u00e1rquez, \u00c1ngel Ojeda, Luis Roberto Seijas, Javier Garc\u00eda, Luis Carrillo, Jean Bastidas (*) (N. Cova, al Min. 68), Emilio Renter\u00eda (C. Gonz\u00e1lez, al Min. 89), Christian Novoa y Pablo Oliveira (J. Zambrana, al Min. 82). DT Jhonny Ferreira.<\/p>\n<p style=\"text-align: justify;\"><strong>Goles<\/strong>: NH<br \/>\n<strong>Amarillas<\/strong>: Guillermo Banquez (Al Min. 63, DPFC).<br \/>\n<strong>Rojas<\/strong>: NH<br \/>\n<strong>\u00c1rbitro<\/strong>: Yimmi Garc\u00eda.<br \/>\n<strong>Estadio<\/strong>: Ol\u00edmpico, UCV.<\/p>\n","protected":false},"excerpt":{"rendered":"<p>Rodolfo Rutilo,\u00a0Prensa Deportivo Petare &#8211;\u00a0El Deportivo Petare empat\u00f3 a cero en condici\u00f3n de local, ante el Carabobo FC en el estadio Ol\u00edmpico, en lo que fue el debut del director t\u00e9cnico Sa\u00fal Maldonado en el banquillo parroquial, donde el partido se bas\u00f3 en los contragolpes de lado y lado, pero ninguno pudo capitalizar sus ocasiones &#8230;<\/p>\n","protected":false},"author":4,"featured_media":6324,"comment_status":"closed","ping_status":"closed","sticky":false,"template":"","format":"standard","meta":{"footnotes":""},"categories":[29,23,5,31],"tags":[],"class_list":["post-6322","post","type-post","status-publish","format-standard","has-post-thumbnail","hentry","category-carabobo-fc","category-deportivo-petare","category-futbol-nacional","category-primera-division"],"_links":{"self":[{"href":"http:\/\/gradadigital.com\/home\/wp-json\/wp\/v2\/posts\/6322","targetHints":{"allow":["GET"]}}],"collection":[{"href":"http:\/\/gradadigital.com\/home\/wp-json\/wp\/v2\/posts"}],"about":[{"href":"http:\/\/gradadigital.com\/home\/wp-json\/wp\/v2\/types\/post"}],"author":[{"embeddable":true,"href":"http:\/\/gradadigital.com\/home\/wp-json\/wp\/v2\/users\/4"}],"replies":[{"embeddable":true,"href":"http:\/\/gradadigital.com\/home\/wp-json\/wp\/v2\/comments?post=6322"}],"version-history":[{"count":1,"href":"http:\/\/gradadigital.com\/home\/wp-json\/wp\/v2\/posts\/6322\/revisions"}],"predecessor-version":[{"id":6325,"href":"http:\/\/gradadigital.com\/home\/wp-json\/wp\/v2\/posts\/6322\/revisions\/6325"}],"wp:featuredmedia":[{"embeddable":true,"href":"http:\/\/gradadigital.com\/home\/wp-json\/wp\/v2\/media\/6324"}],"wp:attachment":[{"href":"http:\/\/gradadigital.com\/home\/wp-json\/wp\/v2\/media?parent=6322"}],"wp:term":[{"taxonomy":"category","embeddable":true,"href":"http:\/\/gradadigital.com\/home\/wp-json\/wp\/v2\/categories?post=6322"},{"taxonomy":"post_tag","embeddable":true,"href":"http:\/\/gradadigital.com\/home\/wp-json\/wp\/v2\/tags?post=6322"}],"curies":[{"name":"wp","href":"https:\/\/api.w.org\/{rel}","templated":true}]}}