{"id":6304,"date":"2013-11-01T02:24:20","date_gmt":"2013-11-01T06:54:20","guid":{"rendered":"http:\/\/gradadigital.com\/home\/?p=6304"},"modified":"2013-11-01T02:26:56","modified_gmt":"2013-11-01T06:56:56","slug":"videofoto-asi-es-el-nuevo-estadio-de-futbol-pensado-para-caracas","status":"publish","type":"post","link":"http:\/\/gradadigital.com\/home\/videofoto-asi-es-el-nuevo-estadio-de-futbol-pensado-para-caracas\/","title":{"rendered":"+VIDEO\/FOTO | As\u00ed es el nuevo estadio de f\u00fatbol pensado para Caracas"},"content":{"rendered":"<p style=\"text-align: center;\"><iframe loading=\"lazy\" width=\"682\" height=\"348\" src=\"http:\/\/www.youtube.com\/embed\/vpPEowk1oUc?rel=0\" frameborder=\"0\" allowfullscreen><\/iframe>\n<p style=\"text-align: justify;\"><strong>GradaDigital.com &#8211;<\/strong> En un acto p\u00fablico, el Presidente, Nicol\u00e1s Maduro, present\u00f3 el plano del nuevo Estadio de f\u00fatbol para Caracas, Parque Hugo Ch\u00e1vez, instalaci\u00f3n deportiva para 55.000 personas, que se espera est\u00e9 lista para los pr\u00f3ximos a\u00f1os.<\/p>\n<p style=\"text-align: justify;\"><strong>\u00abPara que nuestro pueblo vea el gran estadio de f\u00fatbol que va a tener Caracas. Aqu\u00ed esta el primer dise\u00f1o, aqu\u00ed est\u00e1 la pista del hip\u00f3dromo y en una de las lomas estar\u00e1 el monumental estadio de f\u00fatbol: Alg\u00fan d\u00eda tendremos un Mundial de F\u00fatbol<\/strong>\u00ab, dijo.<\/p>\n<p style=\"text-align: center;\"><img loading=\"lazy\" decoding=\"async\" class=\"alignnone size-full wp-image-6305\" alt=\"estadio_futbol_caracas_hugo_chavez_proyecto_planos_01112013_3\" src=\"http:\/\/gradadigital.com\/home\/wp-content\/uploads\/2013\/11\/estadio_futbol_caracas_hugo_chavez_proyecto_planos_01112013_3.jpg\" width=\"596\" height=\"346\" srcset=\"http:\/\/gradadigital.com\/home\/wp-content\/uploads\/2013\/11\/estadio_futbol_caracas_hugo_chavez_proyecto_planos_01112013_3.jpg 596w, http:\/\/gradadigital.com\/home\/wp-content\/uploads\/2013\/11\/estadio_futbol_caracas_hugo_chavez_proyecto_planos_01112013_3-300x174.jpg 300w\" sizes=\"auto, (max-width: 596px) 100vw, 596px\" \/><\/p>\n<p style=\"text-align: center;\"><img loading=\"lazy\" decoding=\"async\" class=\"alignnone size-full wp-image-6306\" alt=\"estadio_futbol_caracas_hugo_chavez_proyecto_planos_01112013_2\" src=\"http:\/\/gradadigital.com\/home\/wp-content\/uploads\/2013\/11\/estadio_futbol_caracas_hugo_chavez_proyecto_planos_01112013_2.jpg\" width=\"596\" height=\"346\" srcset=\"http:\/\/gradadigital.com\/home\/wp-content\/uploads\/2013\/11\/estadio_futbol_caracas_hugo_chavez_proyecto_planos_01112013_2.jpg 596w, http:\/\/gradadigital.com\/home\/wp-content\/uploads\/2013\/11\/estadio_futbol_caracas_hugo_chavez_proyecto_planos_01112013_2-300x174.jpg 300w\" sizes=\"auto, (max-width: 596px) 100vw, 596px\" \/><\/p>\n<p style=\"text-align: center;\"><img loading=\"lazy\" decoding=\"async\" class=\"alignnone size-full wp-image-6307\" alt=\"estadio_futbol_caracas_hugo_chavez_proyecto_planos_01112013\" src=\"http:\/\/gradadigital.com\/home\/wp-content\/uploads\/2013\/11\/estadio_futbol_caracas_hugo_chavez_proyecto_planos_01112013.jpg\" width=\"596\" height=\"346\" srcset=\"http:\/\/gradadigital.com\/home\/wp-content\/uploads\/2013\/11\/estadio_futbol_caracas_hugo_chavez_proyecto_planos_01112013.jpg 596w, http:\/\/gradadigital.com\/home\/wp-content\/uploads\/2013\/11\/estadio_futbol_caracas_hugo_chavez_proyecto_planos_01112013-300x174.jpg 300w\" sizes=\"auto, (max-width: 596px) 100vw, 596px\" \/><\/p>\n","protected":false},"excerpt":{"rendered":"<p>GradaDigital.com &#8211; En un acto p\u00fablico, el Presidente, Nicol\u00e1s Maduro, present\u00f3 el plano del nuevo Estadio de f\u00fatbol para Caracas, Parque Hugo Ch\u00e1vez, instalaci\u00f3n deportiva para 55.000 personas, que se espera est\u00e9 lista para los pr\u00f3ximos a\u00f1os. \u00abPara que nuestro pueblo vea el gran estadio de f\u00fatbol que va a tener Caracas. Aqu\u00ed esta el &#8230;<\/p>\n","protected":false},"author":4,"featured_media":6305,"comment_status":"closed","ping_status":"closed","sticky":false,"template":"","format":"standard","meta":{"footnotes":""},"categories":[27,9,5,35,31],"tags":[],"class_list":["post-6304","post","type-post","status-publish","format-standard","has-post-thumbnail","hentry","category-video","category-caracas-fc","category-futbol-nacional","category-otras-categorias","category-primera-division"],"_links":{"self":[{"href":"http:\/\/gradadigital.com\/home\/wp-json\/wp\/v2\/posts\/6304","targetHints":{"allow":["GET"]}}],"collection":[{"href":"http:\/\/gradadigital.com\/home\/wp-json\/wp\/v2\/posts"}],"about":[{"href":"http:\/\/gradadigital.com\/home\/wp-json\/wp\/v2\/types\/post"}],"author":[{"embeddable":true,"href":"http:\/\/gradadigital.com\/home\/wp-json\/wp\/v2\/users\/4"}],"replies":[{"embeddable":true,"href":"http:\/\/gradadigital.com\/home\/wp-json\/wp\/v2\/comments?post=6304"}],"version-history":[{"count":2,"href":"http:\/\/gradadigital.com\/home\/wp-json\/wp\/v2\/posts\/6304\/revisions"}],"predecessor-version":[{"id":6309,"href":"http:\/\/gradadigital.com\/home\/wp-json\/wp\/v2\/posts\/6304\/revisions\/6309"}],"wp:featuredmedia":[{"embeddable":true,"href":"http:\/\/gradadigital.com\/home\/wp-json\/wp\/v2\/media\/6305"}],"wp:attachment":[{"href":"http:\/\/gradadigital.com\/home\/wp-json\/wp\/v2\/media?parent=6304"}],"wp:term":[{"taxonomy":"category","embeddable":true,"href":"http:\/\/gradadigital.com\/home\/wp-json\/wp\/v2\/categories?post=6304"},{"taxonomy":"post_tag","embeddable":true,"href":"http:\/\/gradadigital.com\/home\/wp-json\/wp\/v2\/tags?post=6304"}],"curies":[{"name":"wp","href":"https:\/\/api.w.org\/{rel}","templated":true}]}}