{"id":6216,"date":"2013-10-27T20:55:15","date_gmt":"2013-10-28T01:25:15","guid":{"rendered":"http:\/\/gradadigital.com\/home\/?p=6216"},"modified":"2013-10-27T20:55:15","modified_gmt":"2013-10-28T01:25:15","slug":"carabobo-remonto-para-superar-al-lara","status":"publish","type":"post","link":"http:\/\/gradadigital.com\/home\/carabobo-remonto-para-superar-al-lara\/","title":{"rendered":"Carabobo remont\u00f3 para superar al Lara"},"content":{"rendered":"<p style=\"text-align: center;\"><img loading=\"lazy\" decoding=\"async\" class=\"alignnone size-full wp-image-6210\" alt=\"cristian_novoa_emilio_renteria_carabobo_cdlara_27102013\" src=\"http:\/\/gradadigital.com\/home\/wp-content\/uploads\/2013\/10\/cristian_novoa_emilio_renteria_carabobo_cdlara_27102013.jpg\" width=\"596\" height=\"346\" srcset=\"http:\/\/gradadigital.com\/home\/wp-content\/uploads\/2013\/10\/cristian_novoa_emilio_renteria_carabobo_cdlara_27102013.jpg 596w, http:\/\/gradadigital.com\/home\/wp-content\/uploads\/2013\/10\/cristian_novoa_emilio_renteria_carabobo_cdlara_27102013-300x174.jpg 300w\" sizes=\"auto, (max-width: 596px) 100vw, 596px\" \/><\/p>\n<p style=\"text-align: justify;\"><b>Prensa Carabobo FC | Rub\u00e9n Al\u00ed Coronel &#8211; <\/b>El Coraz\u00f3n \u201cgranate\u201d se hizo presente en el Polideportivo \u201cMisael Delgado\u201d de Valencia para que Carabobo FC lograra venir de atr\u00e1s y con gol de Emilio \u201cVenado\u201d Renter\u00eda al minuto 87\u2019 se llevara la victoria 3 goles a 2 frente a Deportivo Lara, en partido correspondiente a la d\u00e9cima primera fecha del Torneo Apertura 2013 y que tuvo la expulsi\u00f3n de hasta cuatro miembros del cuerpo t\u00e9cnico local, entre ellos el estratega Jhonny Ferreira.<\/p>\n<p style=\"text-align: justify;\">La \u201cvinotinto regional\u201d pic\u00f3 adelante al 3\u2019 con diana de Cristian \u201cChispa\u201d Novoa, luego la escuadra crepuscular empat\u00f3 al 13\u2019 a trav\u00e9s de Hern\u00e1n Zanni y se fue arriba con tanto de Jhoan Arrieche al 62\u2019, pero la divisa industrial empat\u00f3 al 79\u2019 por intermedio de \u00c1ngel Ojeda y defini\u00f3 el marcador con la anotaci\u00f3n de Renter\u00eda.<\/p>\n<p style=\"text-align: justify;\">De esta manera, Carabobo FC lleg\u00f3 a 23 unidades y cosech\u00f3 su s\u00e9ptima victoria en el campeonato, adem\u00e1s que extendi\u00f3 a siete los partidos sin conocer la derrota y alcanz\u00f3 los objetivos de sumar de a tres y hacer respetar su feudo.<\/p>\n<p style=\"text-align: justify;\"><b>Los de casa salieron a buscar los tres puntos<br \/>\n<\/b>El \u201cgranate\u201d sali\u00f3 a buscar el partido desde el pitazo inicial y al minuto 3\u2019 Cristian \u201cChispa\u201d Novoa marc\u00f3 un verdadero golazo de media volea con la pierna siniestra, aprovechando exquisito centro del uruguayo Jorge Zambrana desde la banda izquierda, para dejar parado al portero Alan Liebeskind, quien s\u00f3lo le qued\u00f3 ver como la esf\u00e9rica besaba las redes a su costado izquierdo. Carabobo FC 1- 0 Deportivo Lara.<\/p>\n<p style=\"text-align: justify;\">Los de casa segu\u00edan insistiendo y al 11\u2019 otro centro del charr\u00faa Zambrana fue cabeceado de manera desviada por Renter\u00eda.<\/p>\n<p style=\"text-align: justify;\">La divisa crepuscular comenz\u00f3 a buscar el empate, el cual lleg\u00f3 al 13\u2019 con potente disparo de Hern\u00e1n Zanni, que coloc\u00f3 el 1-1.<\/p>\n<p style=\"text-align: justify;\">De all\u00ed en adelante, el Lara empez\u00f3 a tomar confianza en el gramado sint\u00e9tico del \u201cMisael Delgado\u201d, pero fue la \u201cvinotinto regional\u201d la que tuvo la siguiente oportunidad clara, cuando al 17\u2019 un centro de Renter\u00eda por poco es conectado por Leopoldo Jim\u00e9nez, el bal\u00f3n es tomado por Zambrana, quien busc\u00f3 a un compa\u00f1ero y consigui\u00f3 a Novoa, pero su disparo peg\u00f3 en un defensa para el tiro de esquina, el cual fue cobrado por el mismo Zambrana y qued\u00f3 rifado en el \u00e1rea, para que Renter\u00eda sacara media volea de derecha, pero fue v\u00edctima de parad\u00f3n de Al\u00e1n Liebeskind.<\/p>\n<p style=\"text-align: justify;\">Luego en el 20\u2019 Edgar P\u00e9rez Greco desaprovech\u00f3 clara oportunidad en la que qued\u00f3 en solitario frente a Leo Morales, pero dispar\u00f3 por encima del arco.<\/p>\n<p style=\"text-align: justify;\">Posteriormente contraataque iniciado por Emilio Renter\u00eda culmin\u00f3 en contacto sobre Zambrana, pero el principal Maiker G\u00f3mez no pit\u00f3 la pena m\u00e1xima y tras el reclamo del uruguayo le mostr\u00f3 la amarilla.<\/p>\n<p style=\"text-align: justify;\">Al 24\u2019 Deportivo Lara se vio obligado a hacer su primera modificaci\u00f3n, cuando sali\u00f3 lesionado Jos\u00e9 \u201cBuda\u201d Torrealba, su sustituto fue Johan Arrieche.<\/p>\n<p style=\"text-align: justify;\">Luego en el 28\u2019 en reci\u00e9n ingresado Arrieche desperdici\u00f3 mano a mano frente a Morales, quien detuvo la esf\u00e9rica.<\/p>\n<p style=\"text-align: justify;\">En el 29\u2019 fuerte falta de Vicente Suanno, quien ya estaba amonestado, sobre Emilio Renter\u00eda fue cobrada por el principal, pero al no mostrarle el segundo cart\u00f3n amarillo, el capit\u00e1n Leopoldo Jim\u00e9nez fue apercibido y al mismo tiempo sali\u00f3 expulsado el director t\u00e9cnico \u201cgranate\u201d Jhonny Ferreira.<\/p>\n<p style=\"text-align: justify;\">El tiro libre fue cobrado por Luis Roberto \u201cChicho\u201d Seijas y aparentemente desviado por el portero Liebeskind, pero el principal G\u00f3mez consider\u00f3 que no hubo contacto y tras el reclamo del banquillo anfitri\u00f3n mand\u00f3 a abandonar el campo al asistente Luis Otero, quien se hab\u00eda quedado al frente del equipo, y al quinesi\u00f3logo Miguel Heredia. De all\u00ed en adelante las riendas del equipo local fueron tomadas por el otro asistente t\u00e9cnico, Juan Carlos Pacheco.<\/p>\n<p style=\"text-align: justify;\">Carabobo FC dominaba a placer los ritmos del encuentro, pero al 35\u2019 un contraataque larense termin\u00f3 en otra oportunidad para Achierre, quien no pudo definir.<\/p>\n<p style=\"text-align: justify;\">El \u201cgranate\u201d segu\u00eda mandando y al 40\u2019 Novoa rob\u00f3 bal\u00f3n al borde del \u00e1rea y peg\u00f3 con potencia, para ser v\u00edctima de excelente tapada del guardameta del Deportivo Lara.<\/p>\n<p style=\"text-align: justify;\">Al culminar el primer tiempo con el empate a uno, el portero del conjunto anfitri\u00f3n Leo Morales fue a reclamarle al principal Maiker G\u00f3mez, quien no dud\u00f3 en mostrarle cart\u00f3n amarillo.<\/p>\n<p style=\"text-align: justify;\"><img loading=\"lazy\" decoding=\"async\" class=\"size-full wp-image-6209 alignleft\" alt=\"cristian_novoa_carabobo_cdlara_27102013\" src=\"http:\/\/gradadigital.com\/home\/wp-content\/uploads\/2013\/10\/cristian_novoa_carabobo_cdlara_27102013.jpg\" width=\"308\" height=\"461\" \/><\/p>\n<p style=\"text-align: justify;\"><b>La remontada anfitriona<br \/>\n<\/b>Carabobo FC retorn\u00f3 al gramado con hambre de alcanzar los tres puntos, mientras que la escuadra crepuscular apostaba al contragolpe.<\/p>\n<p style=\"text-align: justify;\">En el 60\u2019 Renter\u00eda tuvo clara oportunidad dentro del \u00e1rea, pero su media volea pas\u00f3 por encima del arco.<\/p>\n<p style=\"text-align: justify;\">En el 62\u2019 Lara intent\u00f3 de contra con bal\u00f3n largo, Morales adelant\u00f3 en busca del mismo, pero la defensa de la \u201cvinotinto regional\u201d despej\u00f3 a media, qued\u00e1ndole la esf\u00e9rica a Arrieche, quien observ\u00f3 al cancerbero \u201cgranate\u201d adelantado y dispar\u00f3 para el 1-2.<\/p>\n<p style=\"text-align: justify;\">Carabobo FC no renunciaba al ataque y al 65\u2019 centro de Emilio Renter\u00eda habilit\u00f3 a Novoa, quien cabece\u00f3 en la carrera, pero por encima del arco.<\/p>\n<p style=\"text-align: justify;\">Desde el 66\u2019 Deportivo Lara jug\u00f3 con 10 hombres en cancha, luego que Vicente Suanno vio el segundo cart\u00f3n amarillo.<\/p>\n<p style=\"text-align: justify;\">Los de casa claramente eran due\u00f1os de la pelota y la recompensa lleg\u00f3 al 79\u2019 con centro de Renter\u00eda que fue cabeceado por el defensor central \u00c1ngel Ojeda para el 2-2.<\/p>\n<p style=\"text-align: justify;\">Al 82&#8242; fue expulsado el preparador f\u00edsico del Carabobo FC, Gustavo Raguseo.<\/p>\n<p style=\"text-align: justify;\">Finalmente, al 87\u2019 tiro de esquina cobrado por Pablo Olivera, qued\u00f3 rifado en el centro del \u00e1rea y Renter\u00eda marc\u00f3 el tercero de cabeza para darle la victoria al \u201cgranate\u201d 3-2, que lleg\u00f3 a su s\u00e9ptima victoria y a 23 puntos en el Torneo Apertura.<\/p>\n<div style=\"text-align: center;\"><iframe loading=\"lazy\" src=\"http:\/\/gradadigital.com\/datafactory\/html\/venezuela\/ficha179806.html\" height=\"1094\" width=\"704\" frameborder=\"0\" marginwidth=\"0\" marginheight=\"0\" scrolling=\"no\"><\/iframe><\/div>\n","protected":false},"excerpt":{"rendered":"<p>Prensa Carabobo FC | Rub\u00e9n Al\u00ed Coronel &#8211; El Coraz\u00f3n \u201cgranate\u201d se hizo presente en el Polideportivo \u201cMisael Delgado\u201d de Valencia para que Carabobo FC lograra venir de atr\u00e1s y con gol de Emilio \u201cVenado\u201d Renter\u00eda al minuto 87\u2019 se llevara la victoria 3 goles a 2 frente a Deportivo Lara, en partido correspondiente a &#8230;<\/p>\n","protected":false},"author":4,"featured_media":6210,"comment_status":"closed","ping_status":"closed","sticky":false,"template":"","format":"standard","meta":{"footnotes":""},"categories":[29,8,5,31],"tags":[],"class_list":["post-6216","post","type-post","status-publish","format-standard","has-post-thumbnail","hentry","category-carabobo-fc","category-cd-lara","category-futbol-nacional","category-primera-division"],"_links":{"self":[{"href":"http:\/\/gradadigital.com\/home\/wp-json\/wp\/v2\/posts\/6216","targetHints":{"allow":["GET"]}}],"collection":[{"href":"http:\/\/gradadigital.com\/home\/wp-json\/wp\/v2\/posts"}],"about":[{"href":"http:\/\/gradadigital.com\/home\/wp-json\/wp\/v2\/types\/post"}],"author":[{"embeddable":true,"href":"http:\/\/gradadigital.com\/home\/wp-json\/wp\/v2\/users\/4"}],"replies":[{"embeddable":true,"href":"http:\/\/gradadigital.com\/home\/wp-json\/wp\/v2\/comments?post=6216"}],"version-history":[{"count":1,"href":"http:\/\/gradadigital.com\/home\/wp-json\/wp\/v2\/posts\/6216\/revisions"}],"predecessor-version":[{"id":6217,"href":"http:\/\/gradadigital.com\/home\/wp-json\/wp\/v2\/posts\/6216\/revisions\/6217"}],"wp:featuredmedia":[{"embeddable":true,"href":"http:\/\/gradadigital.com\/home\/wp-json\/wp\/v2\/media\/6210"}],"wp:attachment":[{"href":"http:\/\/gradadigital.com\/home\/wp-json\/wp\/v2\/media?parent=6216"}],"wp:term":[{"taxonomy":"category","embeddable":true,"href":"http:\/\/gradadigital.com\/home\/wp-json\/wp\/v2\/categories?post=6216"},{"taxonomy":"post_tag","embeddable":true,"href":"http:\/\/gradadigital.com\/home\/wp-json\/wp\/v2\/tags?post=6216"}],"curies":[{"name":"wp","href":"https:\/\/api.w.org\/{rel}","templated":true}]}}