{"id":6190,"date":"2013-10-26T22:10:45","date_gmt":"2013-10-27T02:40:45","guid":{"rendered":"http:\/\/gradadigital.com\/home\/?p=6190"},"modified":"2013-10-27T11:53:35","modified_gmt":"2013-10-27T16:23:35","slug":"anzoategui-no-suelta-la-cima","status":"publish","type":"post","link":"http:\/\/gradadigital.com\/home\/anzoategui-no-suelta-la-cima\/","title":{"rendered":"+FOTOS | Anzo\u00e1tegui no suelta la cima"},"content":{"rendered":"<p style=\"text-align: center;\"><img loading=\"lazy\" decoding=\"async\" class=\"alignnone size-full wp-image-6181\" alt=\"oscar_briceno_laguaira_anzoategui_26102013\" src=\"http:\/\/gradadigital.com\/home\/wp-content\/uploads\/2013\/10\/oscar_briceno_laguaira_anzoategui_26102013.jpg\" width=\"596\" height=\"346\" srcset=\"http:\/\/gradadigital.com\/home\/wp-content\/uploads\/2013\/10\/oscar_briceno_laguaira_anzoategui_26102013.jpg 596w, http:\/\/gradadigital.com\/home\/wp-content\/uploads\/2013\/10\/oscar_briceno_laguaira_anzoategui_26102013-300x174.jpg 300w\" sizes=\"auto, (max-width: 596px) 100vw, 596px\" \/><\/p>\n<p style=\"text-align: justify;\"><strong>Henry Macho\u00a0\/ Prensa DANZ.-<\/strong>\u00a0El Deportivo Anzo\u00e1tegui cumpli\u00f3 con el objetivo. Vencieron al Deportivo La Guaira en calidad de visitantes con marcador de dos goles y, aseguraron que tras cumplirse la und\u00e9cima fecha del Torneo Apertura, seguir\u00e1n en lo m\u00e1s alto de la tabla de clasificaci\u00f3n.<\/p>\n<p style=\"text-align: justify;\">El partido estuvo muy disputado en todos los sectores de la cancha, con un juego trabado y pocas ocasiones para ambos equipos, ya que la din\u00e1mica del encuentro se mantuvo en los alrededores del c\u00edrculo central.<\/p>\n<p style=\"text-align: justify;\">Los orientales trataron de abrir el marcador con remates de Rolando Escobar y Edwin Aguilar. Este \u00faltimo, envi\u00f3\u00a0un gran disparo de cabeza luego de un centro desde la derecha de Jaime Moreno que fue rechazado \u201cIn Extremis\u201d por el guardameta morado.<\/p>\n<p style=\"text-align: justify;\">A pesar de las intentonas aurirrojas, fueron los locales quienes pegaron primero al minuto 39 de la primera mitad, luego de una jugada confusa dentro del \u00e1rea, que desencaden\u00f3\u00a0en un remate de pierna derecha de Carlos Su\u00e1rez que termin\u00f3\u00a0en el fondo de las redes.<\/p>\n<p style=\"text-align: center;\"><img loading=\"lazy\" decoding=\"async\" class=\"alignnone size-full wp-image-6192\" alt=\"juan_fuenmayor_laguaira_anzoategui_26102013\" src=\"http:\/\/gradadigital.com\/home\/wp-content\/uploads\/2013\/10\/juan_fuenmayor_laguaira_anzoategui_26102013.jpg\" width=\"596\" height=\"346\" srcset=\"http:\/\/gradadigital.com\/home\/wp-content\/uploads\/2013\/10\/juan_fuenmayor_laguaira_anzoategui_26102013.jpg 596w, http:\/\/gradadigital.com\/home\/wp-content\/uploads\/2013\/10\/juan_fuenmayor_laguaira_anzoategui_26102013-300x174.jpg 300w\" sizes=\"auto, (max-width: 596px) 100vw, 596px\" \/><\/p>\n<p style=\"text-align: justify;\">Ya en la segunda mitad, el dominio fue abismal por parte de los dirigidos por Juvencio Betancourt, quienes se volcaron al ataque para buscar la remontada que los mantuviera como l\u00edderes solitarios del Torneo Apertura.<\/p>\n<p style=\"text-align: justify;\">Al minuto 67, apareci\u00f3\u00a0 Edwin Aguilar para recibir un bal\u00f3n dentro del \u00e1rea y definir de gran manera, empatando el compromiso a falta de poco menos de media hora para el pitazo final.<\/p>\n<p style=\"text-align: justify;\">Luego del gol, Renny Vega cometi\u00f3\u00a0una agresi\u00f3n flagrante sobre el juvenil Jaime Moreno, tom\u00e1ndolo por el cuello y dej\u00e1ndolo tendido en el c\u00e9sped del coso capitalino, obligando al principal, de actuaci\u00f3n cuestionable, a sacarle la cartulina roja, dejando con diez jugadores al conjunto local.<\/p>\n<p style=\"text-align: center;\"><img loading=\"lazy\" decoding=\"async\" class=\"alignnone size-full wp-image-6191\" alt=\"rolando_escobar_franklin_lucena_laguaira_anzoategui_26102013\" src=\"http:\/\/gradadigital.com\/home\/wp-content\/uploads\/2013\/10\/rolando_escobar_franklin_lucena_laguaira_anzoategui_26102013.jpg\" width=\"596\" height=\"346\" srcset=\"http:\/\/gradadigital.com\/home\/wp-content\/uploads\/2013\/10\/rolando_escobar_franklin_lucena_laguaira_anzoategui_26102013.jpg 596w, http:\/\/gradadigital.com\/home\/wp-content\/uploads\/2013\/10\/rolando_escobar_franklin_lucena_laguaira_anzoategui_26102013-300x174.jpg 300w\" sizes=\"auto, (max-width: 596px) 100vw, 596px\" \/><\/p>\n<p style=\"text-align: justify;\">El DANZ lo intent\u00f3\u00a0 en reiteradas ocasiones, arrinconando a los morados en su \u00e1rea, oblig\u00e1ndolos a utilizar el pelotazo largo como su principal recurso de salida desde la zona defensiva hasta que al 90, apareci\u00f3 \u201cKuki\u201d Martins por banda derecha para enviar un potente centro que aprovech\u00f3 \u00d3scar Brice\u00f1o para rematar de cabeza, fuerte y al fondo de las redes, consumando la remontada y asegurando que el Deportivo Anzo\u00e1tegui seguir\u00e1 l\u00edder del torneo.<\/p>\n<p style=\"text-align: justify;\">Los aurirrojos volver\u00e1n a Puerto La Cruz para enfocarse en el partido del pr\u00f3ximo domingo, en el cual recibir\u00e1n a Estudiantes de M\u00e9rida en el Jos\u00e9 Antonio Anzo\u00e1tegui desde las 7:00 pm<\/p>\n<p style=\"text-align: center;\"><img loading=\"lazy\" decoding=\"async\" class=\"alignnone size-full wp-image-6193\" alt=\"alejandro_cichero_laguaira_anzoategui_26102013\" src=\"http:\/\/gradadigital.com\/home\/wp-content\/uploads\/2013\/10\/alejandro_cichero_laguaira_anzoategui_26102013.jpg\" width=\"596\" height=\"346\" srcset=\"http:\/\/gradadigital.com\/home\/wp-content\/uploads\/2013\/10\/alejandro_cichero_laguaira_anzoategui_26102013.jpg 596w, http:\/\/gradadigital.com\/home\/wp-content\/uploads\/2013\/10\/alejandro_cichero_laguaira_anzoategui_26102013-300x174.jpg 300w\" sizes=\"auto, (max-width: 596px) 100vw, 596px\" \/><\/p>\n<div style=\"text-align: center;\"><iframe loading=\"lazy\" src=\"http:\/\/gradadigital.com\/datafactory\/html\/venezuela\/ficha179810.html\" height=\"1094\" width=\"704\" frameborder=\"0\" marginwidth=\"0\" marginheight=\"0\" scrolling=\"no\"><\/iframe><\/div>\n","protected":false},"excerpt":{"rendered":"<p>Henry Macho\u00a0\/ Prensa DANZ.-\u00a0El Deportivo Anzo\u00e1tegui cumpli\u00f3 con el objetivo. Vencieron al Deportivo La Guaira en calidad de visitantes con marcador de dos goles y, aseguraron que tras cumplirse la und\u00e9cima fecha del Torneo Apertura, seguir\u00e1n en lo m\u00e1s alto de la tabla de clasificaci\u00f3n. El partido estuvo muy disputado en todos los sectores de &#8230;<\/p>\n","protected":false},"author":4,"featured_media":6192,"comment_status":"closed","ping_status":"closed","sticky":false,"template":"","format":"standard","meta":{"footnotes":""},"categories":[43,10,18,5,31],"tags":[],"class_list":["post-6190","post","type-post","status-publish","format-standard","has-post-thumbnail","hentry","category-fotos","category-deportivo-anzoategui","category-real-esppor","category-futbol-nacional","category-primera-division"],"_links":{"self":[{"href":"http:\/\/gradadigital.com\/home\/wp-json\/wp\/v2\/posts\/6190","targetHints":{"allow":["GET"]}}],"collection":[{"href":"http:\/\/gradadigital.com\/home\/wp-json\/wp\/v2\/posts"}],"about":[{"href":"http:\/\/gradadigital.com\/home\/wp-json\/wp\/v2\/types\/post"}],"author":[{"embeddable":true,"href":"http:\/\/gradadigital.com\/home\/wp-json\/wp\/v2\/users\/4"}],"replies":[{"embeddable":true,"href":"http:\/\/gradadigital.com\/home\/wp-json\/wp\/v2\/comments?post=6190"}],"version-history":[{"count":2,"href":"http:\/\/gradadigital.com\/home\/wp-json\/wp\/v2\/posts\/6190\/revisions"}],"predecessor-version":[{"id":6195,"href":"http:\/\/gradadigital.com\/home\/wp-json\/wp\/v2\/posts\/6190\/revisions\/6195"}],"wp:featuredmedia":[{"embeddable":true,"href":"http:\/\/gradadigital.com\/home\/wp-json\/wp\/v2\/media\/6192"}],"wp:attachment":[{"href":"http:\/\/gradadigital.com\/home\/wp-json\/wp\/v2\/media?parent=6190"}],"wp:term":[{"taxonomy":"category","embeddable":true,"href":"http:\/\/gradadigital.com\/home\/wp-json\/wp\/v2\/categories?post=6190"},{"taxonomy":"post_tag","embeddable":true,"href":"http:\/\/gradadigital.com\/home\/wp-json\/wp\/v2\/tags?post=6190"}],"curies":[{"name":"wp","href":"https:\/\/api.w.org\/{rel}","templated":true}]}}