{"id":6132,"date":"2013-10-26T15:50:47","date_gmt":"2013-10-26T20:20:47","guid":{"rendered":"http:\/\/gradadigital.com\/home\/?p=6132"},"modified":"2013-10-26T16:47:15","modified_gmt":"2013-10-26T21:17:15","slug":"mam-yusmery-ascanio-una-venezolana-de-libertadores","status":"publish","type":"post","link":"http:\/\/gradadigital.com\/home\/mam-yusmery-ascanio-una-venezolana-de-libertadores\/","title":{"rendered":"MaM | Yusmery Ascanio, una venezolana de Libertadores"},"content":{"rendered":"<p style=\"text-align: center;\"><iframe loading=\"lazy\" width=\"682\" height=\"348\" src=\"http:\/\/www.youtube.com\/embed\/ElOl70y2KZg?rel=0\" frameborder=\"0\" allowfullscreen><\/iframe>\n<p style=\"text-align: justify;\"><strong>Mariann Garc\u00eda \/ Miguel Vallenilla, Santiago de Chile &#8211;<\/strong> Con tan solo 22 a\u00f1os de edad, la venezolana Yusmery Ascanio cosecha en sus vitrinas un sinf\u00edn de logros que puede ser la envidia sana de cualquier futbolista del \u00e1mbito masculino, estando la Copa Libertadores como el m\u00e1ximo t\u00edtulo que adorna su curr\u00edculum.<\/p>\n<p style=\"text-align: justify;\">Nacida en San Juan de los Morros el 20 de diciembre de 1990, Ascanio consigui\u00f3 en el f\u00fatbol una manera de entretenerse, hasta que los a\u00f1os la hicieron tomar esta actividad de manera m\u00e1s profesional. Un talento innato, hizo que se desarrollara con su equipo de siempre, Estudiantes de Gu\u00e1rico, donde alcanz\u00f3 grandes niveles futbol\u00edsticos y cada d\u00eda empujar a sus compa\u00f1eras desde el mediocampo.<\/p>\n<p style=\"text-align: justify;\">Su aporte ofensivo se destac\u00f3 de tal manera, que fue convocada a la Selecci\u00f3n Nacional de Venezuela, donde obtuviera una medalla de oro en Juegos Centroamericanos y del Caribe con y una medalla de bronce en Juegos Bolivarianos. A la par dela Vinotinto, reforz\u00f3 al Caracas F\u00fatbol Club femenino en Copa Libertadores, debutando un 2 de octubre de 2010 ante el Santos FC. Con las \u201cRojas\u201d alcanz\u00f3 la cuarta posici\u00f3n en el torneo en la edici\u00f3n del a\u00f1o 2011, y sus goles y contundencia en las competencias internacionales le llev\u00f3 a ser vista por el Colo Colo de Chile (rival en aquel entonces), a donde posteriormente aterrizar\u00eda para ser una de las pocas legionarias que ha representado al f\u00fatbol femenino venezolano fuera de su pa\u00eds.<\/p>\n<p style=\"text-align: justify;\">Con la humildad que la caracteriza, esta referente jugadora atendi\u00f3 a Grada Digital en la ciudad de Santiago (Chile), precisamente en las instalaciones del imponente Colo Colo. Reconocida por todos los encargados de cuidar y mantener al club d\u00eda a d\u00eda, camin\u00f3 por todos los campos verdes y alrededor de los trofeos que adornan las vitrinas del club. Sin duda, la jugadora pudo tener una amena conversaci\u00f3n sobre su actualidad, vivencias y futuro con las \u201calbitas\u201d.<\/p>\n<p style=\"text-align: center;\"><img loading=\"lazy\" decoding=\"async\" class=\"alignnone size-full wp-image-6145\" alt=\"yusmery_ascanio_colocolo_especial_06092013_9\" src=\"http:\/\/gradadigital.com\/home\/wp-content\/uploads\/2013\/10\/yusmery_ascanio_colocolo_especial_06092013_9.jpg\" width=\"682\" height=\"396\" srcset=\"http:\/\/gradadigital.com\/home\/wp-content\/uploads\/2013\/10\/yusmery_ascanio_colocolo_especial_06092013_9.jpg 682w, http:\/\/gradadigital.com\/home\/wp-content\/uploads\/2013\/10\/yusmery_ascanio_colocolo_especial_06092013_9-300x174.jpg 300w\" sizes=\"auto, (max-width: 682px) 100vw, 682px\" \/><\/p>\n<p style=\"text-align: justify;\"><strong>\u00bfPor qu\u00e9 el f\u00fatbol?<\/strong><br \/>\nLa verdad no s\u00e9. Yo creo que es algo donde uno nace con eso. Me gust\u00f3 el f\u00fatbol, y solo eso.<\/p>\n<p style=\"text-align: justify;\"><strong>\u00bfY cu\u00e1les han sido tus \u00eddolos?<\/strong><br \/>\nVenezolano, me gusta (Juan) Arango, y de otro pa\u00eds me gusta Ronaldinho.<\/p>\n<p style=\"text-align: justify;\"><strong>\u00bfC\u00f3mo describes tu vida en Chile?<\/strong><br \/>\nAhorita no estoy estudiando porque no pude inscribirme, as\u00ed que estoy entre la casa y el club (Colo Colo).<\/p>\n<p style=\"text-align: justify;\"><strong>Y sobre tu adaptaci\u00f3n<\/strong><br \/>\nEl primer a\u00f1o fue el m\u00e1s dif\u00edcil, pero en el segundo a\u00f1o todo fue m\u00e1s sencillo, tengo amigas, conozco gente, lo que ha hecho las cosas m\u00e1s f\u00e1ciles. A nivel futbol\u00edstico me cost\u00f3 adaptarme a la forma de jugar del equipo, era muy diferente al que estaba acostumbrada en Venezuela, pero con la ayuda del profe (Jos\u00e9 Letelier) y mis compa\u00f1eras, me adapt\u00e9 muy r\u00e1pido. Estoy acoplada al equipo y feliz de seguir ac\u00e1.<\/p>\n<p style=\"text-align: justify;\"><strong>Descr\u00edbenos tu llegada a Colo Colo<\/strong><br \/>\nNos toc\u00f3 jugar semifinal contra Colo Colo (con Caracas en Libertadores 2011), y de ah\u00ed se comunicaron con la gente del Caracas y como en enero me llamaron. Hicieron todo el tr\u00e1mite para que viniera a Chile y ac\u00e1 estoy.<\/p>\n<p style=\"text-align: justify;\"><strong>Tus vivencias con el Caracas FC<\/strong><br \/>\nCon el Caracas fue especial ir a Copa Libertadores, porque es especial representar a tu pa\u00eds.<\/p>\n<p style=\"text-align: justify;\"><strong>Has festejado muchos goles, incluso eres la m\u00e1xima goleadora venezolana por Libertadores con diez<\/strong><br \/>\nLos festejo pensando que son para mi familia que siempre est\u00e1 apoy\u00e1ndome, pendiente de mis logros ac\u00e1 en Chile. Ahora no s\u00e9 cu\u00e1ntos llevo, pero tengo much\u00edsimos. Contenta de ayudar al equipo.<\/p>\n<p style=\"text-align: center;\"><img loading=\"lazy\" decoding=\"async\" class=\"alignnone size-full wp-image-6147\" alt=\"yusmery_ascanio_colocolo_especial_06092013_7\" src=\"http:\/\/gradadigital.com\/home\/wp-content\/uploads\/2013\/10\/yusmery_ascanio_colocolo_especial_06092013_7.jpg\" width=\"682\" height=\"396\" srcset=\"http:\/\/gradadigital.com\/home\/wp-content\/uploads\/2013\/10\/yusmery_ascanio_colocolo_especial_06092013_7.jpg 682w, http:\/\/gradadigital.com\/home\/wp-content\/uploads\/2013\/10\/yusmery_ascanio_colocolo_especial_06092013_7-300x174.jpg 300w\" sizes=\"auto, (max-width: 682px) 100vw, 682px\" \/><\/p>\n<p style=\"text-align: justify;\"><strong>\u00bfQu\u00e9 tanto sab\u00edas de la importancia de Colo Colo a nivel internacional?<\/strong><br \/>\nLa verdad cuando llegu\u00e9 no sab\u00eda mucho. Conoc\u00eda lo que hab\u00eda visto en la Copa y por la semifinal contra ellas. Una vez que llegu\u00e9 ac\u00e1 todo el mundo te habla de Colo Colo, que es el club m\u00e1s grande de Chile, que es campe\u00f3n de la Libertadores y todo eso.<\/p>\n<p style=\"text-align: justify;\"><strong>Suponemos que ha sido una grata experiencia<\/strong><br \/>\nS\u00ed. Es una experiencia \u00fanica para m\u00ed estar jugando ac\u00e1 en Chile y m\u00e1s en Colo Colo que es un equipo grande. Que me est\u00e9n saliendo las cosas tan bien, para m\u00ed es gratificante. Ojal\u00e1 este a\u00f1o me vaya mejor de lo que me fue, y nos vaya como equipo mejor de los que no fue el a\u00f1o pasado.<\/p>\n<p style=\"text-align: justify;\"><strong>Y vaya que has logrado muchos t\u00edtulos<\/strong><br \/>\nYa tengo tres campeonatos ac\u00e1 en Chile, y creo que ganar la Libertadores, ganarle a equipos brasile\u00f1os es una experiencia muy bonita. Adem\u00e1s lo que hemos hecho como equipo, que seguimos muy felices de ser campeonas de Am\u00e9rica.<\/p>\n<p style=\"text-align: center;\"><img loading=\"lazy\" decoding=\"async\" class=\"alignnone size-full wp-image-6153\" alt=\"yusmery_ascanio_colocolo_especial_06092013_1\" src=\"http:\/\/gradadigital.com\/home\/wp-content\/uploads\/2013\/10\/yusmery_ascanio_colocolo_especial_06092013_1.jpg\" width=\"596\" height=\"346\" srcset=\"http:\/\/gradadigital.com\/home\/wp-content\/uploads\/2013\/10\/yusmery_ascanio_colocolo_especial_06092013_1.jpg 596w, http:\/\/gradadigital.com\/home\/wp-content\/uploads\/2013\/10\/yusmery_ascanio_colocolo_especial_06092013_1-300x174.jpg 300w\" sizes=\"auto, (max-width: 596px) 100vw, 596px\" \/><\/p>\n<p style=\"text-align: justify;\"><strong>\u00bfQu\u00e9 tanto te has desarrollado futbol\u00edsticamente?<\/strong><br \/>\nTengo m\u00e1s madurez. Cuando llegu\u00e9 me mov\u00eda por todos lados y el equipo juega por zonas. Hoy juego por la derecha. Mejor\u00e9 un poco eso y tambi\u00e9n evolucion\u00e9 en la defensa porque yo siempre iba al ataque, nunca defend\u00ed. Ac\u00e1 aprend\u00ed a saber atacar pero tambi\u00e9n a defender. La parte f\u00edsica la mejor\u00e9 mucho, pues cuando llegu\u00e9 aqu\u00ed estaba muy mal f\u00edsicamente, y estoy mejor, se nota en los entrenamientos.<\/p>\n<p style=\"text-align: justify;\"><strong>\u00bfEste f\u00fatbol femenino es m\u00e1s profesional?<\/strong><br \/>\nTanto como profesional no, porque el f\u00fatbol es marginado en todos los pa\u00edses, m\u00e1s que todo en Sudam\u00e9rica. Pero s\u00ed que estoy bien ac\u00e1, siendo muy feliz donde he ganado muchas cosas.<\/p>\n<p style=\"text-align: justify;\"><strong>\u00bfCu\u00e1l ha sido el crecimiento profesional junto a Colo Colo?<\/strong><br \/>\nEs un equipo que entrena todos los d\u00edas, y eso se ve en la cancha. Superamos a los equipos por el trabajo en la parte f\u00edsica, pues hay rivales que t\u00e9cnicamente son buenas pero f\u00edsicamente no pueden aguantar despu\u00e9s de treinta minutos, y luego las superamos. De all\u00ed que hay tantos goles, adem\u00e1s que mis compa\u00f1eras son excelentes.<\/p>\n<p style=\"text-align: center;\"><img loading=\"lazy\" decoding=\"async\" class=\"alignnone size-full wp-image-6142\" alt=\"yusmery_ascanio_colocolo_especial_06092013_12\" src=\"http:\/\/gradadigital.com\/home\/wp-content\/uploads\/2013\/10\/yusmery_ascanio_colocolo_especial_06092013_12.jpg\" width=\"682\" height=\"396\" srcset=\"http:\/\/gradadigital.com\/home\/wp-content\/uploads\/2013\/10\/yusmery_ascanio_colocolo_especial_06092013_12.jpg 682w, http:\/\/gradadigital.com\/home\/wp-content\/uploads\/2013\/10\/yusmery_ascanio_colocolo_especial_06092013_12-300x174.jpg 300w\" sizes=\"auto, (max-width: 682px) 100vw, 682px\" \/><\/p>\n<p style=\"text-align: justify;\"><strong>Ganaste el t\u00edtulo de clubes sudamericanos m\u00e1s importante. \u00bfC\u00f3mo fueron las etapas?<\/strong><br \/>\nEl primer objetivo era ganar ac\u00e1 el apertura cuando llegu\u00e9 para poder ir a la Copa Libertadores. Logramos el objetivo. Luego en la Libertadores fue un poco dif\u00edcil. Siempre los de Brasil meten tres equipos, y clasifican los primeros del grupo y el segundo mejor, y clasificamos como mejor segundo. Posteriormente nos enfrentamos en semifinal con Vit\u00f3ria (Brasil) que fue l\u00edder de nuestro grupo. Para nosotras esa era la \u201cfinal\u201d y ganamos 4-3. Ya en la final est\u00e1bamos cansadas. En nuestro grupo jug\u00e1bamos un d\u00eda y descans\u00e1bamos un d\u00eda, mientras los otros descansaban dos, y creo que eso nos afect\u00f3, pero pudimos empatar a cero (ante Foz Cataratas de Brasil) y lograr el objetivo en los penales.<\/p>\n<p style=\"text-align: justify;\"><strong>Asumimos que fue un d\u00eda muy especial ese 25 de noviembre<\/strong><br \/>\nS\u00ed. Est\u00e1bamos muy nerviosas, a pesar de que siempre ven\u00edamos cantando en el bus. Era una final de Libertadores, \u00bfQui\u00e9n no iba a estar nerviosa?, pero en el partido se te pasan los nervios. Recuerdo que tuve como tres remates al arco, uno de cabeza que casi estaba sola frente al arco y lo perd\u00ed, pero que al final pudimos lograr ganar<\/p>\n<p style=\"text-align: justify;\"><strong>Jugaste toda la final y el torneo. \u00bfC\u00f3mo te sentiste cuando se cobraron los penales?<\/strong><br \/>\nYo estaba muy nerviosa por las compa\u00f1eras y el momento, aparte que los penales son suerte. Pero ten\u00edamos unas grandes cobradoras (Claudia Soto, Francisca Lara, Karen Araya y Gloria Villamayor) y una arquera (Christiane Endler) que tap\u00f3 el decisivo.<\/p>\n<p style=\"text-align: center;\"><img loading=\"lazy\" decoding=\"async\" class=\"alignnone size-full wp-image-6138\" alt=\"yusmery_ascanio_colocolo_especial_06092013_16\" src=\"http:\/\/gradadigital.com\/home\/wp-content\/uploads\/2013\/10\/yusmery_ascanio_colocolo_especial_06092013_16.jpg\" width=\"596\" height=\"346\" srcset=\"http:\/\/gradadigital.com\/home\/wp-content\/uploads\/2013\/10\/yusmery_ascanio_colocolo_especial_06092013_16.jpg 596w, http:\/\/gradadigital.com\/home\/wp-content\/uploads\/2013\/10\/yusmery_ascanio_colocolo_especial_06092013_16-300x174.jpg 300w\" sizes=\"auto, (max-width: 596px) 100vw, 596px\" \/><\/p>\n<p style=\"text-align: justify;\"><strong>\u00bfFue un apoyo importante el director t\u00e9cnico, Jos\u00e9 Letelier?<\/strong><br \/>\nLa verdad que s\u00ed. As\u00ed nos estuvi\u00e9ramos enfrentando a rivales brasile\u00f1os, nunca nos dec\u00eda que nos ech\u00e1ramos para atr\u00e1s. Este es un equipo muy f\u00edsico que sale a presionar. El profe nunca nos dice que hay que marcar a una jugadora. La parte defensiva siempre ha sido un trabajo en equipo.<\/p>\n<p style=\"text-align: justify;\"><strong>A parte, tu t\u00e9cnico gan\u00f3 la Libertadores con Colo Colo en 1991 a nivel masculino<\/strong><br \/>\nS\u00ed. Yo creo que era uno de los que estaba m\u00e1s contento. Hasta llor\u00f3 el d\u00eda que ganamos. Si no fuera por \u00e9l no estuvi\u00e9ramos ac\u00e1 nosotras. Es un apasionado del f\u00fatbol femenino.<\/p>\n<p style=\"text-align: justify;\"><strong>\u00bfEn d\u00f3nde guardas la medalla de campeona?<\/strong><br \/>\nEst\u00e1 en mi casa. La tiene mi mam\u00e1, ya que cuando fui a Venezuela se la entregu\u00e9.<\/p>\n<p style=\"text-align: justify;\"><strong>\u00bfImaginaste alguna vez que pod\u00edas alcanzar todo esto?<\/strong><br \/>\nRealmente no. Nunca pens\u00e9 estar ac\u00e1 porque siempre jugaba al f\u00fatbol por diversi\u00f3n, porque hab\u00eda jugado escolares y era una de las mejorcitas de la escuela, pero nunca pens\u00e9 que jugar\u00eda en otro pa\u00eds, en la selecci\u00f3n. Nunca lo pens\u00e9.<\/p>\n<p style=\"text-align: center;\"><img loading=\"lazy\" decoding=\"async\" class=\"alignnone size-full wp-image-6150\" alt=\"yusmery_ascanio_colocolo_especial_06092013_4\" src=\"http:\/\/gradadigital.com\/home\/wp-content\/uploads\/2013\/10\/yusmery_ascanio_colocolo_especial_06092013_4.jpg\" width=\"596\" height=\"346\" srcset=\"http:\/\/gradadigital.com\/home\/wp-content\/uploads\/2013\/10\/yusmery_ascanio_colocolo_especial_06092013_4.jpg 596w, http:\/\/gradadigital.com\/home\/wp-content\/uploads\/2013\/10\/yusmery_ascanio_colocolo_especial_06092013_4-300x174.jpg 300w\" sizes=\"auto, (max-width: 596px) 100vw, 596px\" \/><\/p>\n<p style=\"text-align: justify;\"><strong>Y lo que son las cosas. Despu\u00e9s de tanto intentar, Estudiantes de Gu\u00e1rico gana una final ante Caracas, sin poder estar con tu equipo de siempre<\/strong><br \/>\nS\u00ed (entre risas). Estoy muy contenta por las muchachas porque creo que se lo merecen. Tanto tiempo el Caracas ganando y que ahora ganen este campeonato, me pone contenta porque toda mi vida fui de Gu\u00e1rico, y soy hincha del club.<\/p>\n<p style=\"text-align: justify;\"><strong>\u00bfQu\u00e9 hiciste apenas supiste que lograron el t\u00edtulo?<\/strong><br \/>\nLes mand\u00e9 mensajes y notas de voz. Las felicit\u00e9 por el logro.<\/p>\n<p style=\"text-align: justify;\"><strong>Ahora podr\u00edas enfrentarlas en la Libertadores<\/strong><br \/>\nSer\u00eda bonito. Enfrentar al equipo al que perteneciste siempre es especial. Pero ojal\u00e1 que les vaya muy bien, y podernos ver all\u00e1 (en Brasil). Yo las quiero m\u00e1s que todo ver para saludarlas.<\/p>\n<p style=\"text-align: center;\"><img loading=\"lazy\" decoding=\"async\" class=\"alignnone size-full wp-image-6146\" alt=\"yusmery_ascanio_colocolo_especial_06092013_8\" src=\"http:\/\/gradadigital.com\/home\/wp-content\/uploads\/2013\/10\/yusmery_ascanio_colocolo_especial_06092013_8.jpg\" width=\"682\" height=\"396\" srcset=\"http:\/\/gradadigital.com\/home\/wp-content\/uploads\/2013\/10\/yusmery_ascanio_colocolo_especial_06092013_8.jpg 682w, http:\/\/gradadigital.com\/home\/wp-content\/uploads\/2013\/10\/yusmery_ascanio_colocolo_especial_06092013_8-300x174.jpg 300w\" sizes=\"auto, (max-width: 682px) 100vw, 682px\" \/><\/p>\n<p style=\"text-align: justify;\"><strong>\u00bfTus logros han sido importantes para Venezuela desde tu perspectiva?<\/strong><br \/>\nSiento que s\u00ed. Siempre me llaman, quieren saber los resultados de los juegos. Creo que m\u00e1s que todo por ser campeona de Libertadores. Por esa parte algunos periodistas han estado pendientes.<\/p>\n<p style=\"text-align: justify;\"><strong>\u00bfY disfrutaste los juegos de La Vinotinto con tus compa\u00f1eras entre \u201crivalidades\u201d amistosas?<\/strong><br \/>\nS\u00ed. Hubo un partido en Venezuela que perdimos dos a cero (en Puerto La Cruz), y vi el juego rodeada de puras chilenas, as\u00ed que cuando llegu\u00e9 al camerino al siguiente d\u00eda fue bullying (acoso) total (entre risas).<\/p>\n<p style=\"text-align: center;\"><img loading=\"lazy\" decoding=\"async\" class=\"alignnone size-full wp-image-6139\" alt=\"yusmery_ascanio_colocolo_especial_06092013_15\" src=\"http:\/\/gradadigital.com\/home\/wp-content\/uploads\/2013\/10\/yusmery_ascanio_colocolo_especial_06092013_15.jpg\" width=\"596\" height=\"346\" srcset=\"http:\/\/gradadigital.com\/home\/wp-content\/uploads\/2013\/10\/yusmery_ascanio_colocolo_especial_06092013_15.jpg 596w, http:\/\/gradadigital.com\/home\/wp-content\/uploads\/2013\/10\/yusmery_ascanio_colocolo_especial_06092013_15-300x174.jpg 300w\" sizes=\"auto, (max-width: 596px) 100vw, 596px\" \/><\/p>\n<p style=\"text-align: justify;\"><strong>\u00bfHas compartido con venezolanos que est\u00e9n en el f\u00fatbol profesional de Chile?<\/strong><br \/>\nSolo con Renny (Vega) cuando estaba en Colo Colo. Era el que m\u00e1s ve\u00eda, a veces estaba entrenando y pasaba y nos salud\u00e1bamos, o iba en el auto y se deten\u00eda a hablarme. Siempre me dec\u00eda para ir a comer, y habl\u00e1bamos cosas de Venezuela.<\/p>\n<p style=\"text-align: justify;\"><strong>Por lo pronto<\/strong><br \/>\nQuiero empezar a estudiar porque creo que el f\u00fatbol femenino no es profesional, y quisiera sacar una profesi\u00f3n.<\/p>\n<p style=\"text-align: justify;\"><strong>\u00bfSi volvieras a nacer, te gustar\u00eda nuevamente ser futbolista?<\/strong><br \/>\nS\u00ed, aunque digo que cuando estoy entrenando, de volver a nacer, escoger\u00eda otro deporte porque los entrenamientos te cansan (risas). Pero no, claro que volver\u00eda a ser futbolista definitivamente.<\/p>\n<p style=\"text-align: center;\"><img loading=\"lazy\" decoding=\"async\" class=\"alignnone size-full wp-image-6144\" alt=\"yusmery_ascanio_colocolo_especial_06092013_10\" src=\"http:\/\/gradadigital.com\/home\/wp-content\/uploads\/2013\/10\/yusmery_ascanio_colocolo_especial_06092013_10.jpg\" width=\"682\" height=\"396\" srcset=\"http:\/\/gradadigital.com\/home\/wp-content\/uploads\/2013\/10\/yusmery_ascanio_colocolo_especial_06092013_10.jpg 682w, http:\/\/gradadigital.com\/home\/wp-content\/uploads\/2013\/10\/yusmery_ascanio_colocolo_especial_06092013_10-300x174.jpg 300w\" sizes=\"auto, (max-width: 682px) 100vw, 682px\" \/><\/p>\n<p style=\"text-align: justify;\">Yusmery Ascanio tiene todav\u00eda camino que recorrer en el f\u00fatbol, y lo m\u00e1s pr\u00f3ximo es con los colores del equipo \u201ccacique\u201d. En su horizonte, est\u00e1 volver a alcanzar los logros en la Libertadores, evolucionar como futbolista, revalidar los t\u00edtulos locales en Chile, y pensar en su reto m\u00e1s importante del a\u00f1o, jugar el Mundial de Clubes Femenino de la FIFA 2013 con Colo Colo en Jap\u00f3n a partir del 29 de noviembre.<\/p>\n<p style=\"text-align: justify;\">La goleadora hist\u00f3rica por Venezuela en Libertadores (con 10), sin duda alguna, es quiz\u00e1s la representante por el pa\u00eds con mayores logros internacionales, indistintamente de la categor\u00eda y rengl\u00f3n, con la bandera de nuestro f\u00fatbol. Su gran cantidad de goles seguramente seguir\u00e1n siendo celebrados por sus familiares, su hermano Miguel de apoyo constante, amigas, y conocidos, esperando que cada d\u00eda m\u00e1s el f\u00fatbol femenino crezca con los festejos de m\u00e1s aficionados que acompa\u00f1en sus logros. No cabe duda que es una referente para todos quienes busquen un ejemplo en ella.<\/p>\n<p style=\"text-align: center;\"><img loading=\"lazy\" decoding=\"async\" class=\"alignnone size-full wp-image-6143\" alt=\"yusmery_ascanio_colocolo_especial_06092013_11\" src=\"http:\/\/gradadigital.com\/home\/wp-content\/uploads\/2013\/10\/yusmery_ascanio_colocolo_especial_06092013_11.jpg\" width=\"682\" height=\"396\" srcset=\"http:\/\/gradadigital.com\/home\/wp-content\/uploads\/2013\/10\/yusmery_ascanio_colocolo_especial_06092013_11.jpg 682w, http:\/\/gradadigital.com\/home\/wp-content\/uploads\/2013\/10\/yusmery_ascanio_colocolo_especial_06092013_11-300x174.jpg 300w\" sizes=\"auto, (max-width: 682px) 100vw, 682px\" \/><\/p>\n<p style=\"text-align: justify;\"><strong>Ficha t\u00e9cnica:<\/strong><br \/>\nNombre: Yusmery Del Valle Ascanio Nieves<br \/>\nFecha y lugar de nacimiento: San Juan de los Morros, estado Gu\u00e1rico. 20\/12\/1990<br \/>\nPosici\u00f3n: Delantera<br \/>\n\u00daltimo equipo en jugar: Estudiantes de Gu\u00e1rico<br \/>\nParticip\u00f3 en la Copa Libertadores Femenina 2010 y 2011 como refuerzo del Caracas FC<br \/>\nCampeona tres veces (AP 2012, CL 2012 y AP 2013) de la ANFP con Colo Colo de Chile<br \/>\nMedalla de cuarto lugar en Copa Libertadores Femenina 2011 con el Caracas FC de Venezuela.<br \/>\nMedalla de Oro en Juegos Centroamericanos y del Caribe, M\u00e9rida, Sub-sede Venezuela 2010.<br \/>\nSubcampeona nacional de Venezuela en 2010 y 2011.<br \/>\nMedalla de Bronce en Juegos Bolivarianos<br \/>\nCampeona de la Copa Libertadores de Am\u00e9rica 2013 con Colo Colo de Chile.<\/p>\n<p style=\"text-align: center;\"><img loading=\"lazy\" decoding=\"async\" class=\"alignnone size-full wp-image-6173\" alt=\"yusmery_ascanio_colocolo_especial_06092013_18\" src=\"http:\/\/gradadigital.com\/home\/wp-content\/uploads\/2013\/10\/yusmery_ascanio_colocolo_especial_06092013_18.jpg\" width=\"682\" height=\"396\" srcset=\"http:\/\/gradadigital.com\/home\/wp-content\/uploads\/2013\/10\/yusmery_ascanio_colocolo_especial_06092013_18.jpg 682w, http:\/\/gradadigital.com\/home\/wp-content\/uploads\/2013\/10\/yusmery_ascanio_colocolo_especial_06092013_18-300x174.jpg 300w\" sizes=\"auto, (max-width: 682px) 100vw, 682px\" \/><\/p>\n<p style=\"text-align: center;\"><strong>FOTOGRAF\u00cdAS<\/strong><\/p>\n\n        <style type='text\/css'>\n            #gallery-1 {\n                margin: auto;\n            }\n            #gallery-1 .gallery-item {\n                float: left;\n                margin-top: 10px;\n                text-align: center;\n                width: 33%;           }\n            #gallery-1 img {\n                border: 2px solid #cfcfcf;\n            }\n            #gallery-1 .gallery-caption {\n                margin-left: 0;\n            }\n        <\/style>\n        <!-- see gallery_shortcode() in wp-includes\/media.php -->\n        <div id='gallery-1' class='gallery-images gallery galleryid-6132'><dl class='gallery-item'>\n            <dt class='gallery-icon'>\n                <a href='http:\/\/gradadigital.com\/home\/wp-content\/uploads\/2013\/10\/yusmery_ascanio_estudiantes_guarico_archivo.jpg'><img loading=\"lazy\" decoding=\"async\" width=\"150\" height=\"150\" src=\"http:\/\/gradadigital.com\/home\/wp-content\/uploads\/2013\/10\/yusmery_ascanio_estudiantes_guarico_archivo-150x150.jpg\" class=\"attachment-thumbnail size-thumbnail\" alt=\"\" srcset=\"http:\/\/gradadigital.com\/home\/wp-content\/uploads\/2013\/10\/yusmery_ascanio_estudiantes_guarico_archivo-150x150.jpg 150w, http:\/\/gradadigital.com\/home\/wp-content\/uploads\/2013\/10\/yusmery_ascanio_estudiantes_guarico_archivo-70x70.jpg 70w\" sizes=\"auto, (max-width: 150px) 100vw, 150px\" \/><\/a>\n            <\/dt>\n                <dd class='gallery-caption'>\n                Yusmery Ascanio con su equipo de formaci\u00f3n: Estudiantes de Gu\u00e1rico\n                <\/dd><\/dl><dl class='gallery-item'>\n            <dt class='gallery-icon'>\n                <a href='http:\/\/gradadigital.com\/home\/wp-content\/uploads\/2013\/10\/yusmery_ascanio_archivo_venezuela.jpg'><img loading=\"lazy\" decoding=\"async\" width=\"150\" height=\"150\" src=\"http:\/\/gradadigital.com\/home\/wp-content\/uploads\/2013\/10\/yusmery_ascanio_archivo_venezuela-150x150.jpg\" class=\"attachment-thumbnail size-thumbnail\" alt=\"\" srcset=\"http:\/\/gradadigital.com\/home\/wp-content\/uploads\/2013\/10\/yusmery_ascanio_archivo_venezuela-150x150.jpg 150w, http:\/\/gradadigital.com\/home\/wp-content\/uploads\/2013\/10\/yusmery_ascanio_archivo_venezuela-70x70.jpg 70w\" sizes=\"auto, (max-width: 150px) 100vw, 150px\" \/><\/a>\n            <\/dt>\n                <dd class='gallery-caption'>\n                Ascanio representando a la selecci\u00f3n de Venezuela\n                <\/dd><\/dl><dl class='gallery-item'>\n            <dt class='gallery-icon'>\n                <a href='http:\/\/gradadigital.com\/home\/wp-content\/uploads\/2013\/10\/yusmery_ascanio_caracas_colo_colo_20022012.jpg'><img loading=\"lazy\" decoding=\"async\" width=\"150\" height=\"150\" src=\"http:\/\/gradadigital.com\/home\/wp-content\/uploads\/2013\/10\/yusmery_ascanio_caracas_colo_colo_20022012-150x150.jpg\" class=\"attachment-thumbnail size-thumbnail\" alt=\"\" srcset=\"http:\/\/gradadigital.com\/home\/wp-content\/uploads\/2013\/10\/yusmery_ascanio_caracas_colo_colo_20022012-150x150.jpg 150w, http:\/\/gradadigital.com\/home\/wp-content\/uploads\/2013\/10\/yusmery_ascanio_caracas_colo_colo_20022012-70x70.jpg 70w\" sizes=\"auto, (max-width: 150px) 100vw, 150px\" \/><\/a>\n            <\/dt>\n                <dd class='gallery-caption'>\n                Yusmery Ascanio en su primera presentaci\u00f3n como refuerzo del Caracas FC\n                <\/dd><\/dl><br style=\"clear: both\" \/><dl class='gallery-item'>\n            <dt class='gallery-icon'>\n                <a href='http:\/\/gradadigital.com\/home\/wp-content\/uploads\/2013\/10\/yusmery_ascanio_archivo_caracas.jpg'><img loading=\"lazy\" decoding=\"async\" width=\"150\" height=\"150\" src=\"http:\/\/gradadigital.com\/home\/wp-content\/uploads\/2013\/10\/yusmery_ascanio_archivo_caracas-150x150.jpg\" class=\"attachment-thumbnail size-thumbnail\" alt=\"\" srcset=\"http:\/\/gradadigital.com\/home\/wp-content\/uploads\/2013\/10\/yusmery_ascanio_archivo_caracas-150x150.jpg 150w, http:\/\/gradadigital.com\/home\/wp-content\/uploads\/2013\/10\/yusmery_ascanio_archivo_caracas-70x70.jpg 70w\" sizes=\"auto, (max-width: 150px) 100vw, 150px\" \/><\/a>\n            <\/dt>\n                <dd class='gallery-caption'>\n                Entrenamiento de Ascanio con el Caracas para la Libertadores 2011\n                <\/dd><\/dl><dl class='gallery-item'>\n            <dt class='gallery-icon'>\n                <a href='http:\/\/gradadigital.com\/home\/wp-content\/uploads\/2013\/10\/yusmery_ascanio_colocolo_especial_06092013_14.jpg'><img loading=\"lazy\" decoding=\"async\" width=\"150\" height=\"150\" src=\"http:\/\/gradadigital.com\/home\/wp-content\/uploads\/2013\/10\/yusmery_ascanio_colocolo_especial_06092013_14-150x150.jpg\" class=\"attachment-thumbnail size-thumbnail\" alt=\"\" srcset=\"http:\/\/gradadigital.com\/home\/wp-content\/uploads\/2013\/10\/yusmery_ascanio_colocolo_especial_06092013_14-150x150.jpg 150w, http:\/\/gradadigital.com\/home\/wp-content\/uploads\/2013\/10\/yusmery_ascanio_colocolo_especial_06092013_14-70x70.jpg 70w\" sizes=\"auto, (max-width: 150px) 100vw, 150px\" \/><\/a>\n            <\/dt>\n                <dd class='gallery-caption'>\n                Ascanio se presenta ante los medios de comunicaci\u00f3n de Chile\n                <\/dd><\/dl><dl class='gallery-item'>\n            <dt class='gallery-icon'>\n                <a href='http:\/\/gradadigital.com\/home\/wp-content\/uploads\/2013\/10\/yusmery_ascanio_campeona_libertadores_colocolo_25112012.jpg'><img loading=\"lazy\" decoding=\"async\" width=\"150\" height=\"150\" src=\"http:\/\/gradadigital.com\/home\/wp-content\/uploads\/2013\/10\/yusmery_ascanio_campeona_libertadores_colocolo_25112012-150x150.jpg\" class=\"attachment-thumbnail size-thumbnail\" alt=\"\" srcset=\"http:\/\/gradadigital.com\/home\/wp-content\/uploads\/2013\/10\/yusmery_ascanio_campeona_libertadores_colocolo_25112012-150x150.jpg 150w, http:\/\/gradadigital.com\/home\/wp-content\/uploads\/2013\/10\/yusmery_ascanio_campeona_libertadores_colocolo_25112012-70x70.jpg 70w\" sizes=\"auto, (max-width: 150px) 100vw, 150px\" \/><\/a>\n            <\/dt>\n                <dd class='gallery-caption'>\n                Colo Colo festeja el pase a la final de Libertadores\n                <\/dd><\/dl><br style=\"clear: both\" \/><dl class='gallery-item'>\n            <dt class='gallery-icon'>\n                <a href='http:\/\/gradadigital.com\/home\/wp-content\/uploads\/2013\/10\/yusmery_ascanio_colocolo_especial_06092013_17.jpg'><img loading=\"lazy\" decoding=\"async\" width=\"150\" height=\"150\" src=\"http:\/\/gradadigital.com\/home\/wp-content\/uploads\/2013\/10\/yusmery_ascanio_colocolo_especial_06092013_17-150x150.jpg\" class=\"attachment-thumbnail size-thumbnail\" alt=\"\" srcset=\"http:\/\/gradadigital.com\/home\/wp-content\/uploads\/2013\/10\/yusmery_ascanio_colocolo_especial_06092013_17-150x150.jpg 150w, http:\/\/gradadigital.com\/home\/wp-content\/uploads\/2013\/10\/yusmery_ascanio_colocolo_especial_06092013_17-70x70.jpg 70w\" sizes=\"auto, (max-width: 150px) 100vw, 150px\" \/><\/a>\n            <\/dt>\n                <dd class='gallery-caption'>\n                Yusmery Ascanio disputando el bal\u00f3n en la gran final de la Copa Libertadores\n                <\/dd><\/dl><dl class='gallery-item'>\n            <dt class='gallery-icon'>\n                <a href='http:\/\/gradadigital.com\/home\/wp-content\/uploads\/2013\/10\/yusmery_ascanio_colocolo_26062012_campeona_2.jpg'><img loading=\"lazy\" decoding=\"async\" width=\"150\" height=\"150\" src=\"http:\/\/gradadigital.com\/home\/wp-content\/uploads\/2013\/10\/yusmery_ascanio_colocolo_26062012_campeona_2-150x150.jpg\" class=\"attachment-thumbnail size-thumbnail\" alt=\"\" srcset=\"http:\/\/gradadigital.com\/home\/wp-content\/uploads\/2013\/10\/yusmery_ascanio_colocolo_26062012_campeona_2-150x150.jpg 150w, http:\/\/gradadigital.com\/home\/wp-content\/uploads\/2013\/10\/yusmery_ascanio_colocolo_26062012_campeona_2-70x70.jpg 70w\" sizes=\"auto, (max-width: 150px) 100vw, 150px\" \/><\/a>\n            <\/dt>\n                <dd class='gallery-caption'>\n                Todo el plantel festejando el t\u00edtulo\n                <\/dd><\/dl><dl class='gallery-item'>\n            <dt class='gallery-icon'>\n                <a href='http:\/\/gradadigital.com\/home\/wp-content\/uploads\/2013\/10\/yusmery_ascanio_campeona_libertadores_colocolo_25112012_2.jpg'><img loading=\"lazy\" decoding=\"async\" width=\"150\" height=\"150\" src=\"http:\/\/gradadigital.com\/home\/wp-content\/uploads\/2013\/10\/yusmery_ascanio_campeona_libertadores_colocolo_25112012_2-150x150.jpg\" class=\"attachment-thumbnail size-thumbnail\" alt=\"\" srcset=\"http:\/\/gradadigital.com\/home\/wp-content\/uploads\/2013\/10\/yusmery_ascanio_campeona_libertadores_colocolo_25112012_2-150x150.jpg 150w, http:\/\/gradadigital.com\/home\/wp-content\/uploads\/2013\/10\/yusmery_ascanio_campeona_libertadores_colocolo_25112012_2-70x70.jpg 70w\" sizes=\"auto, (max-width: 150px) 100vw, 150px\" \/><\/a>\n            <\/dt>\n                <dd class='gallery-caption'>\n                Yusmery alza el trofeo de la Libertadores\n                <\/dd><\/dl><br style=\"clear: both\" \/><dl class='gallery-item'>\n            <dt class='gallery-icon'>\n                <a href='http:\/\/gradadigital.com\/home\/wp-content\/uploads\/2013\/10\/yusmery_ascanio_sebastian_pinera_presidente_chile_colo_colo_28112012.jpg'><img loading=\"lazy\" decoding=\"async\" width=\"150\" height=\"150\" src=\"http:\/\/gradadigital.com\/home\/wp-content\/uploads\/2013\/10\/yusmery_ascanio_sebastian_pinera_presidente_chile_colo_colo_28112012-150x150.jpg\" class=\"attachment-thumbnail size-thumbnail\" alt=\"\" srcset=\"http:\/\/gradadigital.com\/home\/wp-content\/uploads\/2013\/10\/yusmery_ascanio_sebastian_pinera_presidente_chile_colo_colo_28112012-150x150.jpg 150w, http:\/\/gradadigital.com\/home\/wp-content\/uploads\/2013\/10\/yusmery_ascanio_sebastian_pinera_presidente_chile_colo_colo_28112012-70x70.jpg 70w\" sizes=\"auto, (max-width: 150px) 100vw, 150px\" \/><\/a>\n            <\/dt>\n                <dd class='gallery-caption'>\n                El plantel y la venezolana, junto al Presidente de Chile\n                <\/dd><\/dl><dl class='gallery-item'>\n            <dt class='gallery-icon'>\n                <a href='http:\/\/gradadigital.com\/home\/wp-content\/uploads\/2013\/10\/yusmery_ascanio_colocolo_26062012.jpg'><img loading=\"lazy\" decoding=\"async\" width=\"150\" height=\"150\" src=\"http:\/\/gradadigital.com\/home\/wp-content\/uploads\/2013\/10\/yusmery_ascanio_colocolo_26062012-150x150.jpg\" class=\"attachment-thumbnail size-thumbnail\" alt=\"\" srcset=\"http:\/\/gradadigital.com\/home\/wp-content\/uploads\/2013\/10\/yusmery_ascanio_colocolo_26062012-150x150.jpg 150w, http:\/\/gradadigital.com\/home\/wp-content\/uploads\/2013\/10\/yusmery_ascanio_colocolo_26062012-70x70.jpg 70w\" sizes=\"auto, (max-width: 150px) 100vw, 150px\" \/><\/a>\n            <\/dt>\n                <dd class='gallery-caption'>\n                Yusmery es goleadora en su equipo\n                <\/dd><\/dl><dl class='gallery-item'>\n            <dt class='gallery-icon'>\n                <a href='http:\/\/gradadigital.com\/home\/wp-content\/uploads\/2013\/10\/yusmery_ascanio_colocolo_especial_06092013_5.jpg'><img loading=\"lazy\" decoding=\"async\" width=\"150\" height=\"150\" src=\"http:\/\/gradadigital.com\/home\/wp-content\/uploads\/2013\/10\/yusmery_ascanio_colocolo_especial_06092013_5-150x150.jpg\" class=\"attachment-thumbnail size-thumbnail\" alt=\"\" srcset=\"http:\/\/gradadigital.com\/home\/wp-content\/uploads\/2013\/10\/yusmery_ascanio_colocolo_especial_06092013_5-150x150.jpg 150w, http:\/\/gradadigital.com\/home\/wp-content\/uploads\/2013\/10\/yusmery_ascanio_colocolo_especial_06092013_5-70x70.jpg 70w\" sizes=\"auto, (max-width: 150px) 100vw, 150px\" \/><\/a>\n            <\/dt>\n                <dd class='gallery-caption'>\n                El n\u00famero que utiliza Ascanio: 13\n                <\/dd><\/dl><br style=\"clear: both\" \/><dl class='gallery-item'>\n            <dt class='gallery-icon'>\n                <a href='http:\/\/gradadigital.com\/home\/wp-content\/uploads\/2013\/10\/yusmery_ascanio_colocolo_especial_06092013_6.jpg'><img loading=\"lazy\" decoding=\"async\" width=\"150\" height=\"150\" src=\"http:\/\/gradadigital.com\/home\/wp-content\/uploads\/2013\/10\/yusmery_ascanio_colocolo_especial_06092013_6-150x150.jpg\" class=\"attachment-thumbnail size-thumbnail\" alt=\"\" srcset=\"http:\/\/gradadigital.com\/home\/wp-content\/uploads\/2013\/10\/yusmery_ascanio_colocolo_especial_06092013_6-150x150.jpg 150w, http:\/\/gradadigital.com\/home\/wp-content\/uploads\/2013\/10\/yusmery_ascanio_colocolo_especial_06092013_6-70x70.jpg 70w\" sizes=\"auto, (max-width: 150px) 100vw, 150px\" \/><\/a>\n            <\/dt>\n                <dd class='gallery-caption'>\n                Rodeada de los laureles de la instituci\u00f3n\n                <\/dd><\/dl><dl class='gallery-item'>\n            <dt class='gallery-icon'>\n                <a href='http:\/\/gradadigital.com\/home\/wp-content\/uploads\/2013\/10\/yusmery_ascanio_colocolo_especial_06092013_13.jpg'><img loading=\"lazy\" decoding=\"async\" width=\"150\" height=\"150\" src=\"http:\/\/gradadigital.com\/home\/wp-content\/uploads\/2013\/10\/yusmery_ascanio_colocolo_especial_06092013_13-150x150.jpg\" class=\"attachment-thumbnail size-thumbnail\" alt=\"\" srcset=\"http:\/\/gradadigital.com\/home\/wp-content\/uploads\/2013\/10\/yusmery_ascanio_colocolo_especial_06092013_13-150x150.jpg 150w, http:\/\/gradadigital.com\/home\/wp-content\/uploads\/2013\/10\/yusmery_ascanio_colocolo_especial_06092013_13-70x70.jpg 70w\" sizes=\"auto, (max-width: 150px) 100vw, 150px\" \/><\/a>\n            <\/dt>\n                <dd class='gallery-caption'>\n                Yusmery Ascanio junto al rinc\u00f3n del f\u00fatbol femenino y el trofeo, en el Museo del Colo Colo\n                <\/dd><\/dl>\n            <br style='clear: both;' \/>\n        <\/div>\n\n<p style=\"text-align: right;\"><strong>Agradecimientos:<\/strong><br \/>\nYusmery Ascanio<br \/>\nGeishy Rond\u00f3n<br \/>\nClub Colo Colo<\/p>\n","protected":false},"excerpt":{"rendered":"<p>Mariann Garc\u00eda \/ Miguel Vallenilla, Santiago de Chile &#8211; Con tan solo 22 a\u00f1os de edad, la venezolana Yusmery Ascanio cosecha en sus vitrinas un sinf\u00edn de logros que puede ser la envidia sana de cualquier futbolista del \u00e1mbito masculino, estando la Copa Libertadores como el m\u00e1ximo t\u00edtulo que adorna su curr\u00edculum. Nacida en San &#8230;<\/p>\n","protected":false},"author":4,"featured_media":6147,"comment_status":"closed","ping_status":"closed","sticky":false,"template":"","format":"standard","meta":{"footnotes":""},"categories":[32,43,27,41,24,26],"tags":[],"class_list":["post-6132","post","type-post","status-publish","format-standard","has-post-thumbnail","hentry","category-especial","category-fotos","category-video","category-futbol-femenino","category-mano-a-mano","category-seleccion-femenina"],"_links":{"self":[{"href":"http:\/\/gradadigital.com\/home\/wp-json\/wp\/v2\/posts\/6132","targetHints":{"allow":["GET"]}}],"collection":[{"href":"http:\/\/gradadigital.com\/home\/wp-json\/wp\/v2\/posts"}],"about":[{"href":"http:\/\/gradadigital.com\/home\/wp-json\/wp\/v2\/types\/post"}],"author":[{"embeddable":true,"href":"http:\/\/gradadigital.com\/home\/wp-json\/wp\/v2\/users\/4"}],"replies":[{"embeddable":true,"href":"http:\/\/gradadigital.com\/home\/wp-json\/wp\/v2\/comments?post=6132"}],"version-history":[{"count":11,"href":"http:\/\/gradadigital.com\/home\/wp-json\/wp\/v2\/posts\/6132\/revisions"}],"predecessor-version":[{"id":6176,"href":"http:\/\/gradadigital.com\/home\/wp-json\/wp\/v2\/posts\/6132\/revisions\/6176"}],"wp:featuredmedia":[{"embeddable":true,"href":"http:\/\/gradadigital.com\/home\/wp-json\/wp\/v2\/media\/6147"}],"wp:attachment":[{"href":"http:\/\/gradadigital.com\/home\/wp-json\/wp\/v2\/media?parent=6132"}],"wp:term":[{"taxonomy":"category","embeddable":true,"href":"http:\/\/gradadigital.com\/home\/wp-json\/wp\/v2\/categories?post=6132"},{"taxonomy":"post_tag","embeddable":true,"href":"http:\/\/gradadigital.com\/home\/wp-json\/wp\/v2\/tags?post=6132"}],"curies":[{"name":"wp","href":"https:\/\/api.w.org\/{rel}","templated":true}]}}