{"id":6097,"date":"2013-10-23T00:49:22","date_gmt":"2013-10-23T05:19:22","guid":{"rendered":"http:\/\/gradadigital.com\/home\/?p=6097"},"modified":"2013-10-23T00:49:22","modified_gmt":"2013-10-23T05:19:22","slug":"video-sarago-al-atletico-pareciera-que-no-se-le-puede-ganar","status":"publish","type":"post","link":"http:\/\/gradadigital.com\/home\/video-sarago-al-atletico-pareciera-que-no-se-le-puede-ganar\/","title":{"rendered":"+VIDEO | Sarag\u00f3: \u00abAl Atl\u00e9tico pareciera que no se le puede ganar\u00bb"},"content":{"rendered":"<p style=\"text-align: center;\"><iframe loading=\"lazy\" width=\"682\" height=\"348\" src=\"http:\/\/www.youtube.com\/embed\/Hb4boQnSD2Q?rel=0\" frameborder=\"0\" allowfullscreen><\/iframe>\n<p style=\"text-align: justify;\"><strong>GradaDigital.com &#8211;<\/strong> El estratega del Caracas FC, Eduardo Sarag\u00f3, rescat\u00f3 el punto logrado ante el Atl\u00e9tico Venezuela, dejando en claro que para \u00e9l, el arbitraje no representa igualdad de condiciones: \u00abAl Atl\u00e9tico pareciera que no se le puede ganar\u00bb, expres\u00f3 sobre el tema. Resalt\u00f3 que no le han cobrado las faltas que ha recibido R\u00f3mulo Otero, mientras confirmaba la baja de Roberto Arm\u00faa por tres semanas.<\/p>\n","protected":false},"excerpt":{"rendered":"<p>GradaDigital.com &#8211; El estratega del Caracas FC, Eduardo Sarag\u00f3, rescat\u00f3 el punto logrado ante el Atl\u00e9tico Venezuela, dejando en claro que para \u00e9l, el arbitraje no representa igualdad de condiciones: \u00abAl Atl\u00e9tico pareciera que no se le puede ganar\u00bb, expres\u00f3 sobre el tema. Resalt\u00f3 que no le han cobrado las faltas que ha recibido R\u00f3mulo &#8230;<\/p>\n","protected":false},"author":4,"featured_media":4186,"comment_status":"closed","ping_status":"closed","sticky":false,"template":"","format":"standard","meta":{"footnotes":""},"categories":[27,9,5,31],"tags":[],"class_list":["post-6097","post","type-post","status-publish","format-standard","has-post-thumbnail","hentry","category-video","category-caracas-fc","category-futbol-nacional","category-primera-division"],"_links":{"self":[{"href":"http:\/\/gradadigital.com\/home\/wp-json\/wp\/v2\/posts\/6097","targetHints":{"allow":["GET"]}}],"collection":[{"href":"http:\/\/gradadigital.com\/home\/wp-json\/wp\/v2\/posts"}],"about":[{"href":"http:\/\/gradadigital.com\/home\/wp-json\/wp\/v2\/types\/post"}],"author":[{"embeddable":true,"href":"http:\/\/gradadigital.com\/home\/wp-json\/wp\/v2\/users\/4"}],"replies":[{"embeddable":true,"href":"http:\/\/gradadigital.com\/home\/wp-json\/wp\/v2\/comments?post=6097"}],"version-history":[{"count":1,"href":"http:\/\/gradadigital.com\/home\/wp-json\/wp\/v2\/posts\/6097\/revisions"}],"predecessor-version":[{"id":6098,"href":"http:\/\/gradadigital.com\/home\/wp-json\/wp\/v2\/posts\/6097\/revisions\/6098"}],"wp:featuredmedia":[{"embeddable":true,"href":"http:\/\/gradadigital.com\/home\/wp-json\/wp\/v2\/media\/4186"}],"wp:attachment":[{"href":"http:\/\/gradadigital.com\/home\/wp-json\/wp\/v2\/media?parent=6097"}],"wp:term":[{"taxonomy":"category","embeddable":true,"href":"http:\/\/gradadigital.com\/home\/wp-json\/wp\/v2\/categories?post=6097"},{"taxonomy":"post_tag","embeddable":true,"href":"http:\/\/gradadigital.com\/home\/wp-json\/wp\/v2\/tags?post=6097"}],"curies":[{"name":"wp","href":"https:\/\/api.w.org\/{rel}","templated":true}]}}