{"id":6091,"date":"2013-10-22T12:50:07","date_gmt":"2013-10-22T17:20:07","guid":{"rendered":"http:\/\/gradadigital.com\/home\/?p=6091"},"modified":"2013-10-22T12:50:07","modified_gmt":"2013-10-22T17:20:07","slug":"deportivo-lara-cumplio-la-mision-contra-llaneros-segun-sus-protagonistas","status":"publish","type":"post","link":"http:\/\/gradadigital.com\/home\/deportivo-lara-cumplio-la-mision-contra-llaneros-segun-sus-protagonistas\/","title":{"rendered":"Deportivo Lara cumpli\u00f3 la misi\u00f3n contra Llaneros seg\u00fan sus protagonistas"},"content":{"rendered":"<p dir=\"ltr\" style=\"text-align: center;\"><img loading=\"lazy\" decoding=\"async\" class=\"alignnone size-full wp-image-6092\" alt=\"rafael_santana_cdlara_entrenamiento_22102013\" src=\"http:\/\/gradadigital.com\/home\/wp-content\/uploads\/2013\/10\/rafael_santana_cdlara_entrenamiento_22102013.jpg\" width=\"596\" height=\"346\" srcset=\"http:\/\/gradadigital.com\/home\/wp-content\/uploads\/2013\/10\/rafael_santana_cdlara_entrenamiento_22102013.jpg 596w, http:\/\/gradadigital.com\/home\/wp-content\/uploads\/2013\/10\/rafael_santana_cdlara_entrenamiento_22102013-300x174.jpg 300w\" sizes=\"auto, (max-width: 596px) 100vw, 596px\" \/><\/p>\n<p dir=\"ltr\" style=\"text-align: justify;\"><strong>Jes\u00fas A. S\u00e1ez S. Barquisimeto .<\/strong>&#8211; Despu\u00e9s de varios partidos sin conocer la victoria, el club crepuscular se reencontr\u00f3 el pasado domingo con los tres puntos, tras vencer 2-1 a los de Guanare.<\/p>\n<p dir=\"ltr\" style=\"text-align: justify;\">Luego de la salida del estratega Len\u00edn Bastidas semanas atr\u00e1s, el Deportivo Lara qued\u00f3 en las manos del profesor Rafa Santana que al asumir el cargo, prometi\u00f3 darles alegr\u00edas a la hinchada larense despu\u00e9s de varias derrotas que hicieron ubicar al equipo en el medio de tabla de posiciones.<\/p>\n<p dir=\"ltr\" style=\"text-align: justify;\"><strong>\u00abEra lo que estaba esperando todo el pueblo y el equipo, estabamos ansiosos para este partido. Hoy no fue la excepci\u00f3n pero lo m\u00e1s importante fue que se gan\u00f3\u00bb<\/strong>, sentenci\u00f3 Santana que adem\u00e1s acept\u00f3 que <strong>\u00abquiz\u00e1s no fue el mejor partido pero todos quer\u00edamos ganar y eso se logr\u00f3\u00bb<\/strong>, asegurando que enfrent\u00f3 a un adversario dif\u00edcil que fue hacer su trabajo.<\/p>\n<p dir=\"ltr\" style=\"text-align: justify;\">Por su parte Jos\u00e9 Mar\u00eda Morr quien dirigi\u00f3 desde el banquillo, agradeci\u00f3 al grupo y se\u00f1al\u00f3 que estuvo complacido con lo visto en la cancha.<\/p>\n<p dir=\"ltr\" style=\"text-align: justify;\"><strong>\u00abFue un equipo que se entreg\u00f3 al m\u00e1ximo, era la \u00fanica forma de salir de la racha. Los jugadores no perdieron la calma a pesar del gol\u00bb<\/strong>. Solt\u00f3 el suplente<\/p>\n<p dir=\"ltr\" style=\"text-align: justify;\">Aunque obtuvieron la victoria le sigue costando a la ofensiva larense generar espacios y definir con claridad, estrategia que ha desaparecido durante el torneo y se ha convertido en el principal enemigo dentro de las filas rojinegras, por lo que el timonel temporal expres\u00f3: <strong>\u00abhay que mejorar, actualmente no contamos con muchos delanteros; sino uno, pero se hizo dos goles\u00bb<\/strong> haciendo \u00e9nfasis que poco a poco ir\u00e1n buscando en el mercado a jugadores destacado en esta l\u00ednea de juego.<\/p>\n<p dir=\"ltr\" style=\"text-align: justify;\">No descart\u00f3 si iba a repetir a la oncena titular contra Carabobo <strong>\u00abpara mi fue la que mejor trabaj\u00f3 previo al encuentro, y si me toca dirigir el pr\u00f3ximo partido, los m\u00e1s destacados de est\u00e1 semana ser\u00e1n los once que ir\u00e1n\u00bb<\/strong>, resaltando que el no rota a los jugadores, al menos que no est\u00e9n pasando un buen momento que requiera sacrificar a un suplente.<\/p>\n<p dir=\"ltr\" style=\"text-align: justify;\">Adem\u00e1s calific\u00f3 con un 70 % el desempe\u00f1o de todos los jugadores para \u00e9ste partido, pues a su juicio <strong>\u00abtodav\u00eda faltan cositas que seguir corrigiendo\u00bb<\/strong>. Destac\u00f3 Rafa Santana.<\/p>\n<p dir=\"ltr\" style=\"text-align: justify;\">El punto de vista que di\u00f3 Morr ante el planteamiento del domingo, lo analiz\u00f3 de la siguiente manera: <strong>\u00abA lo mejor no se hizo el mejor partido, pero los tres puntos se quedaron en casa. Lo que se cambi\u00f3 un poco fue la falta de actitud a la hora de encarar al arco, creo que los muchachos no ten\u00edan una presi\u00f3n pero si un deseo de ganar en casa, la idea del profesor Santana era ser m\u00e1s agresivo a la hora de atacar y despejar r\u00e1pido\u00bb.<\/strong> Indic\u00f3<\/p>\n<p dir=\"ltr\" style=\"text-align: justify;\">Algo que tom\u00f3 por sorpresa al conjunto crepuscular fue el gol de Llaneros que lleg\u00f3 de la peor manera, tras un error del guardameta Alan Liebeskind al salirse de las manos la esf\u00e9rica cuando se presum\u00eda que ten\u00eda controlado la acci\u00f3n. A\u00fan as\u00ed, la escuadra supo controlar el desespero seg\u00fan Vicente Suanno, factor que fue clave para llevarse la victoria.<\/p>\n<p dir=\"ltr\" style=\"text-align: justify;\"><strong>\u00abAh\u00ed es cuando uno tiene que ser fuerte para sacar la casta, jerarqu\u00eda,\u00a0 el pundonor y saber que \u00e9stos goles te pueden tumbar pero en nuestro caso fue lo contrario<\/strong>\u00ab. Acot\u00f3 el volante<\/p>\n<p dir=\"ltr\" style=\"text-align: justify;\">Asegur\u00f3 que en lo an\u00edmico cay\u00f3 bien la victoria al grupo, luego de ciertas situaciones inc\u00f3modas que posiblemente pudieron afectar a lo largo de varias semanas, tanto en lo econ\u00f3mico como el no conseguir buenos resultados y problemas extra deportivos.<\/p>\n<p dir=\"ltr\" style=\"text-align: justify;\"><strong>\u00abSe necesitaba ganar para volver a retomar nuestro nivel. Agarramos un segundo aire que va hacer importante en est\u00e1 segunda parte del campeonato\u00bb<\/strong>. Dijo Suanno<\/p>\n<p dir=\"ltr\" style=\"text-align: justify;\"><strong>Primer gol para el argentino<br \/>\n<\/strong>Desde su llegada pintaba como el suplente de Jes\u00fas G\u00f3mez y Marlon Fern\u00e1ndez, piezas fundamentales del rojinegro en el pasado torneo,\u00a0los mismos partieron a clubes extranjeros y\u00a0 por ello existi\u00f3 un vac\u00edo en la l\u00ednea de volantes creativos.<\/p>\n<p dir=\"ltr\" style=\"text-align: justify;\">Hasta el domingo ninguno hab\u00eda pasado la prueba y Hern\u00e1n Zanni ten\u00eda una nueva oportunidad para demostrar sus dotes y no lo desperdici\u00f3, pues se estren\u00f3 en las redes del f\u00fatbol venezolano luego de diez jornadas disputadas.<\/p>\n<p dir=\"ltr\" style=\"text-align: justify;\"><strong>\u00abUno siempre trata de jugar igual,\u00a0 hay partidos que se te dan las cosas y en otros no, por ah\u00ed se me di\u00f3 de llegar con claridad y pude hacer el gol. Lo importante que el equipo gan\u00f3 y sumamos tres puntos\u00bb.<\/strong> Agreg\u00f3 que acab\u00f3 con su mala racha y por ende la euforia de celebrar el gol se debi\u00f3 a tantas oportunidades que tuvo que no se le di\u00f3 en el momento; sino hasta el pasado domingo.<\/p>\n<p dir=\"ltr\" style=\"text-align: justify;\">Mientras que Jos\u00e9 Mar\u00eda Morr brind\u00f3 elogios al jugador extranjero por su actuaci\u00f3n.<\/p>\n<p dir=\"ltr\" style=\"text-align: justify;\"><strong>\u00abSiempre lo hemos tomado en cuenta y creo que nos va ayudar a partir de ahora. Con este gol y \u00e9ste triunfo que tuvimos, espero que recupere la conf\u00edanza que hab\u00eda perdido\u00bb.<\/strong>\u00a0 Destac\u00f3<\/p>\n<p dir=\"ltr\" style=\"text-align: justify;\">Esta semana posiblemente se de a conocer el nuevo Director T\u00e9cnico, y el m\u00e1s sonado es el \u00abChuy\u00bb Vera que actualmente se encuentra en los EEUU y posiblemente llegue al pa\u00eds el mi\u00e9rcoles. De ser lo contrario,\u00a0 seguir\u00e1 en el mando el suplente Rafa Santana.<\/p>\n","protected":false},"excerpt":{"rendered":"<p>Jes\u00fas A. S\u00e1ez S. Barquisimeto .&#8211; Despu\u00e9s de varios partidos sin conocer la victoria, el club crepuscular se reencontr\u00f3 el pasado domingo con los tres puntos, tras vencer 2-1 a los de Guanare. Luego de la salida del estratega Len\u00edn Bastidas semanas atr\u00e1s, el Deportivo Lara qued\u00f3 en las manos del profesor Rafa Santana que &#8230;<\/p>\n","protected":false},"author":4,"featured_media":6092,"comment_status":"closed","ping_status":"closed","sticky":false,"template":"","format":"standard","meta":{"footnotes":""},"categories":[8,5,31],"tags":[],"class_list":["post-6091","post","type-post","status-publish","format-standard","has-post-thumbnail","hentry","category-cd-lara","category-futbol-nacional","category-primera-division"],"_links":{"self":[{"href":"http:\/\/gradadigital.com\/home\/wp-json\/wp\/v2\/posts\/6091","targetHints":{"allow":["GET"]}}],"collection":[{"href":"http:\/\/gradadigital.com\/home\/wp-json\/wp\/v2\/posts"}],"about":[{"href":"http:\/\/gradadigital.com\/home\/wp-json\/wp\/v2\/types\/post"}],"author":[{"embeddable":true,"href":"http:\/\/gradadigital.com\/home\/wp-json\/wp\/v2\/users\/4"}],"replies":[{"embeddable":true,"href":"http:\/\/gradadigital.com\/home\/wp-json\/wp\/v2\/comments?post=6091"}],"version-history":[{"count":2,"href":"http:\/\/gradadigital.com\/home\/wp-json\/wp\/v2\/posts\/6091\/revisions"}],"predecessor-version":[{"id":6094,"href":"http:\/\/gradadigital.com\/home\/wp-json\/wp\/v2\/posts\/6091\/revisions\/6094"}],"wp:featuredmedia":[{"embeddable":true,"href":"http:\/\/gradadigital.com\/home\/wp-json\/wp\/v2\/media\/6092"}],"wp:attachment":[{"href":"http:\/\/gradadigital.com\/home\/wp-json\/wp\/v2\/media?parent=6091"}],"wp:term":[{"taxonomy":"category","embeddable":true,"href":"http:\/\/gradadigital.com\/home\/wp-json\/wp\/v2\/categories?post=6091"},{"taxonomy":"post_tag","embeddable":true,"href":"http:\/\/gradadigital.com\/home\/wp-json\/wp\/v2\/tags?post=6091"}],"curies":[{"name":"wp","href":"https:\/\/api.w.org\/{rel}","templated":true}]}}