{"id":5887,"date":"2013-10-11T23:33:20","date_gmt":"2013-10-12T04:03:20","guid":{"rendered":"http:\/\/gradadigital.com\/home\/?p=5887"},"modified":"2013-10-11T23:33:20","modified_gmt":"2013-10-12T04:03:20","slug":"farias-venezuela-mas-temprano-que-tarde-estara-en-un-mundial","status":"publish","type":"post","link":"http:\/\/gradadigital.com\/home\/farias-venezuela-mas-temprano-que-tarde-estara-en-un-mundial\/","title":{"rendered":"Far\u00edas: \u00abVenezuela m\u00e1s temprano que tarde estar\u00e1 en un Mundial\u00bb"},"content":{"rendered":"<p style=\"text-align: center;\"><a href=\"http:\/\/gradadigital.com\/home\/wp-content\/uploads\/2013\/10\/cesar_farias_venezuela_paraguay_11102013_3.jpg\"><img loading=\"lazy\" decoding=\"async\" class=\"alignnone size-full wp-image-5877\" alt=\"cesar_farias_venezuela_paraguay_11102013_3\" src=\"http:\/\/gradadigital.com\/home\/wp-content\/uploads\/2013\/10\/cesar_farias_venezuela_paraguay_11102013_3.jpg\" width=\"596\" height=\"346\" srcset=\"http:\/\/gradadigital.com\/home\/wp-content\/uploads\/2013\/10\/cesar_farias_venezuela_paraguay_11102013_3.jpg 596w, http:\/\/gradadigital.com\/home\/wp-content\/uploads\/2013\/10\/cesar_farias_venezuela_paraguay_11102013_3-300x174.jpg 300w\" sizes=\"auto, (max-width: 596px) 100vw, 596px\" \/><\/a><\/p>\n<p style=\"text-align: justify;\"><strong>(EFE).-<\/strong> El entrenador de la selecci\u00f3n de Venezuela, C\u00e9sar Far\u00edas, dijo hoy que est\u00e1 convencido que Venezuela \u00abm\u00e1s temprano que tarde\u00bb estar\u00e1 en un Mundial, con \u00e9l como entrenador o sin \u00e9l, luego de caer eliminado en las eliminatorias sudamericanas al Mundial Brasil 2014.<\/p>\n<p style=\"text-align: justify;\"><strong>\u00abYo estoy convencido que este calendario es criminal en contra de Venezuela, (&#8230;) ha habido un evoluci\u00f3n que si se mantiene, est\u00e9 Far\u00edas o no, Venezuela m\u00e1s temprano que tarde estar\u00e1 en un Mundial\u00bb<\/strong>, declar\u00f3 hoy en una rueda de prensa al termino del encuentro frente a Paraguay.<\/p>\n<p style=\"text-align: justify;\">El estratega se\u00f1al\u00f3 que el empate a uno frente a Paraguay, en la decimos\u00e9ptima jornada de las eliminatorias, le deja un <strong>\u00absabor amargo\u00bb<\/strong> y <strong>\u00abmucho dolor\u00bb<\/strong>, en un encuentro que signific\u00f3 el \u00faltimo partido de La Vinotinto en el torneo clasificatorio.<\/p>\n<p style=\"text-align: justify;\"><strong>\u00abNo fue suficiente, hay muchas cosas, muchos n\u00fameros que nosotros pod\u00edamos hablar, pero creo que este no es el momento, que sin duda alguna dice que hay una continuidad en la evoluci\u00f3n, no estoy hablando de estos jugadores ni de este cuerpo t\u00e9cnico\u00bb<\/strong>, apunt\u00f3.<\/p>\n<p style=\"text-align: justify;\">Venezuela se despide de las eliminatorias sudamericanas con 20 puntos, debido a que en la decimoctava jornada, la \u00faltima, le toca descanso.<\/p>\n","protected":false},"excerpt":{"rendered":"<p>(EFE).- El entrenador de la selecci\u00f3n de Venezuela, C\u00e9sar Far\u00edas, dijo hoy que est\u00e1 convencido que Venezuela \u00abm\u00e1s temprano que tarde\u00bb estar\u00e1 en un Mundial, con \u00e9l como entrenador o sin \u00e9l, luego de caer eliminado en las eliminatorias sudamericanas al Mundial Brasil 2014. \u00abYo estoy convencido que este calendario es criminal en contra de &#8230;<\/p>\n","protected":false},"author":1,"featured_media":5875,"comment_status":"closed","ping_status":"closed","sticky":false,"template":"","format":"standard","meta":{"footnotes":""},"categories":[40,3],"tags":[],"class_list":["post-5887","post","type-post","status-publish","format-standard","has-post-thumbnail","hentry","category-seleccion-nacional-mayores","category-seleccion-nacional"],"_links":{"self":[{"href":"http:\/\/gradadigital.com\/home\/wp-json\/wp\/v2\/posts\/5887","targetHints":{"allow":["GET"]}}],"collection":[{"href":"http:\/\/gradadigital.com\/home\/wp-json\/wp\/v2\/posts"}],"about":[{"href":"http:\/\/gradadigital.com\/home\/wp-json\/wp\/v2\/types\/post"}],"author":[{"embeddable":true,"href":"http:\/\/gradadigital.com\/home\/wp-json\/wp\/v2\/users\/1"}],"replies":[{"embeddable":true,"href":"http:\/\/gradadigital.com\/home\/wp-json\/wp\/v2\/comments?post=5887"}],"version-history":[{"count":1,"href":"http:\/\/gradadigital.com\/home\/wp-json\/wp\/v2\/posts\/5887\/revisions"}],"predecessor-version":[{"id":5888,"href":"http:\/\/gradadigital.com\/home\/wp-json\/wp\/v2\/posts\/5887\/revisions\/5888"}],"wp:featuredmedia":[{"embeddable":true,"href":"http:\/\/gradadigital.com\/home\/wp-json\/wp\/v2\/media\/5875"}],"wp:attachment":[{"href":"http:\/\/gradadigital.com\/home\/wp-json\/wp\/v2\/media?parent=5887"}],"wp:term":[{"taxonomy":"category","embeddable":true,"href":"http:\/\/gradadigital.com\/home\/wp-json\/wp\/v2\/categories?post=5887"},{"taxonomy":"post_tag","embeddable":true,"href":"http:\/\/gradadigital.com\/home\/wp-json\/wp\/v2\/tags?post=5887"}],"curies":[{"name":"wp","href":"https:\/\/api.w.org\/{rel}","templated":true}]}}