{"id":5837,"date":"2013-10-10T03:53:13","date_gmt":"2013-10-10T08:23:13","guid":{"rendered":"http:\/\/gradadigital.com\/home\/?p=5837"},"modified":"2013-10-10T03:54:37","modified_gmt":"2013-10-10T08:24:37","slug":"chilavert-hablo-de-esquivel-el-no-es-el-dueno-del-futbol-venezolano","status":"publish","type":"post","link":"http:\/\/gradadigital.com\/home\/chilavert-hablo-de-esquivel-el-no-es-el-dueno-del-futbol-venezolano\/","title":{"rendered":"Chilavert habl\u00f3 de Esquivel: \u00ab\u00c9l no es el due\u00f1o del f\u00fatbol venezolano\u00bb"},"content":{"rendered":"<p style=\"text-align: center;\"><img loading=\"lazy\" decoding=\"async\" class=\"alignnone size-full wp-image-5838\" alt=\"jose_luis_chilavert_paraguay_09102013\" src=\"http:\/\/gradadigital.com\/home\/wp-content\/uploads\/2013\/10\/jose_luis_chilavert_paraguay_09102013.jpg\" width=\"596\" height=\"346\" srcset=\"http:\/\/gradadigital.com\/home\/wp-content\/uploads\/2013\/10\/jose_luis_chilavert_paraguay_09102013.jpg 596w, http:\/\/gradadigital.com\/home\/wp-content\/uploads\/2013\/10\/jose_luis_chilavert_paraguay_09102013-300x174.jpg 300w\" sizes=\"auto, (max-width: 596px) 100vw, 596px\" \/><\/p>\n<p style=\"text-align: justify;\"><strong>EFE &#8211;<\/strong> Jos\u00e9 Luis Chilavert alent\u00f3 a la selecci\u00f3n de Venezuela, que se medir\u00e1 a Paraguay el pr\u00f3ximo 11 de octubre en las eliminatorias sudamericanas al Mundial Brasil 2014, se\u00f1alando que deben \u201cagotar\u201d sus posibilidades para clasificarse, y adem\u00e1s critic\u00f3 a su federaci\u00f3n.<\/p>\n<p style=\"text-align: justify;\">El astro guaran\u00ed arremeti\u00f3 contra el presidente de la Federaci\u00f3n Venezolana de F\u00fatbol (FVF), Rafael Esquivel, por su negativa labor al frente de este \u00f3rgano deportivo. \u201cAl existir una chance creo que Venezuela tiene que agotarla. Juegan de local y despu\u00e9s hay que ver qu\u00e9 pasa con los resultados de los otros partidos. En el f\u00fatbol son 90 minutos, hay que jugarlos\u201d, declar\u00f3 a periodistas Chilavert, que se reuni\u00f3 en Caracas con ocho dirigentes de clubes locales.<\/p>\n<p style=\"text-align: justify;\">El \u00eddolo guaran\u00ed mantuvo una reuni\u00f3n en un c\u00e9ntrico hotel caraque\u00f1o, acompa\u00f1ado del exjugador uruguayo Enzo Francescoli, y varios dirigentes de equipos venezolanos para analizar la relaci\u00f3n de estos clubes frente a los entes federativos locales y la Confederaci\u00f3n Sudamericana de F\u00fatbol (Conmebol).<\/p>\n<p style=\"text-align: justify;\">\u201cLa selecci\u00f3n se forma de los clubes, no se forma sola, y los ingresos del presidente de la federaci\u00f3n venezolana tiene que rendirle a los ingresos a los presidentes de los clubes, \u00e9l (Esquivel) no es el due\u00f1o del f\u00fatbol venezolano\u201d, apunt\u00f3.<\/p>\n<p style=\"text-align: justify;\">Asegur\u00f3 tener \u201clas pruebas\u201d para llevar a Esquivel frente a la justicia local.<\/p>\n<p style=\"text-align: justify;\">Chilavert se ha mostrado muy cr\u00edtico frente a la Conmebol, a la que ha acusado de haber robado a los clubes de la regi\u00f3n una suma de dinero multimillonaria. \u201cNo puede ser que el presidente de la federaci\u00f3n gane m\u00e1s dinero que los clubes (\u2026) cada d\u00eda los clubes est\u00e1n m\u00e1s pobres, mientras los que manejan la Conmebol son multimillonarios\u201d.<\/p>\n<p style=\"text-align: justify;\"><strong>REUNI\u00d3N EN R\u00cdO DE JANEIRO<\/strong><br \/>\nEl pasado 4 de septiembre el \u00eddolo paraguayo se reuni\u00f3 en R\u00edo de Janeiro, Brasil, junto al argentino Diego Maradona y el brasile\u00f1o Rom\u00e1rio da Souza, con dirigentes de equipos locales para presentar un estudio jur\u00eddico que explica el desperdicio de unos 430 millones de d\u00f3lares de la Conmebol en supuestos contratos il\u00edcitos.<\/p>\n<p style=\"text-align: justify;\">Este estudio asegura que los clubes suramericanos perdieron unos 120 millones de d\u00f3lares en los \u00faltimos dos a\u00f1os.<\/p>\n<p style=\"text-align: justify;\">El antiguo portero de la selecci\u00f3n paraguaya subray\u00f3 que \u201cVenezuela ha crecido much\u00edsimo en el f\u00fatbol\u201d y est\u00e1 muy cerca de clasificarse a su primer Mundial, a diferencia de la selecci\u00f3n de su pa\u00eds que, seg\u00fan su criterio, \u201cha trabajado mal\u201d y ha elegido mal a los t\u00e9cnicos. \u201cNo se ha tenido un recambio importante en el comienzo, se ha hecho un mal trabajo, se han elegido mal los t\u00e9cnicos, esa es la realidad de nosotros, hay que mirar el Mundial de Rusia\u201d, sostuvo.<\/p>\n<p style=\"text-align: justify;\">La selecci\u00f3n de Venezuela, sexta en la clasificaci\u00f3n con 19 puntos, a\u00fan tiene alguna posibilidad de ir a su primer Mundial, aunque deber\u00e1 ganar su partido frente a Paraguay y esperar que los resultados le favorezcan en la \u00faltima fecha del 15 de octubre, en la que le toca descansar. Paraguay, en tanto, \u00faltima con 11 puntos, est\u00e1 eliminada y no se juega nada ante los venezolanos.<\/p>\n","protected":false},"excerpt":{"rendered":"<p>EFE &#8211; Jos\u00e9 Luis Chilavert alent\u00f3 a la selecci\u00f3n de Venezuela, que se medir\u00e1 a Paraguay el pr\u00f3ximo 11 de octubre en las eliminatorias sudamericanas al Mundial Brasil 2014, se\u00f1alando que deben \u201cagotar\u201d sus posibilidades para clasificarse, y adem\u00e1s critic\u00f3 a su federaci\u00f3n. El astro guaran\u00ed arremeti\u00f3 contra el presidente de la Federaci\u00f3n Venezolana de &#8230;<\/p>\n","protected":false},"author":4,"featured_media":5838,"comment_status":"closed","ping_status":"closed","sticky":false,"template":"","format":"standard","meta":{"footnotes":""},"categories":[35,40,3],"tags":[],"class_list":["post-5837","post","type-post","status-publish","format-standard","has-post-thumbnail","hentry","category-otras-categorias","category-seleccion-nacional-mayores","category-seleccion-nacional"],"_links":{"self":[{"href":"http:\/\/gradadigital.com\/home\/wp-json\/wp\/v2\/posts\/5837","targetHints":{"allow":["GET"]}}],"collection":[{"href":"http:\/\/gradadigital.com\/home\/wp-json\/wp\/v2\/posts"}],"about":[{"href":"http:\/\/gradadigital.com\/home\/wp-json\/wp\/v2\/types\/post"}],"author":[{"embeddable":true,"href":"http:\/\/gradadigital.com\/home\/wp-json\/wp\/v2\/users\/4"}],"replies":[{"embeddable":true,"href":"http:\/\/gradadigital.com\/home\/wp-json\/wp\/v2\/comments?post=5837"}],"version-history":[{"count":3,"href":"http:\/\/gradadigital.com\/home\/wp-json\/wp\/v2\/posts\/5837\/revisions"}],"predecessor-version":[{"id":5841,"href":"http:\/\/gradadigital.com\/home\/wp-json\/wp\/v2\/posts\/5837\/revisions\/5841"}],"wp:featuredmedia":[{"embeddable":true,"href":"http:\/\/gradadigital.com\/home\/wp-json\/wp\/v2\/media\/5838"}],"wp:attachment":[{"href":"http:\/\/gradadigital.com\/home\/wp-json\/wp\/v2\/media?parent=5837"}],"wp:term":[{"taxonomy":"category","embeddable":true,"href":"http:\/\/gradadigital.com\/home\/wp-json\/wp\/v2\/categories?post=5837"},{"taxonomy":"post_tag","embeddable":true,"href":"http:\/\/gradadigital.com\/home\/wp-json\/wp\/v2\/tags?post=5837"}],"curies":[{"name":"wp","href":"https:\/\/api.w.org\/{rel}","templated":true}]}}