{"id":5825,"date":"2013-10-09T01:03:51","date_gmt":"2013-10-09T05:33:51","guid":{"rendered":"http:\/\/gradadigital.com\/home\/?p=5825"},"modified":"2013-10-09T01:03:51","modified_gmt":"2013-10-09T05:33:51","slug":"video-especial-un-dia-con-romulo-otero-practicando-tiros-libres","status":"publish","type":"post","link":"http:\/\/gradadigital.com\/home\/video-especial-un-dia-con-romulo-otero-practicando-tiros-libres\/","title":{"rendered":"VIDEO | ESPECIAL: Un d\u00eda con R\u00f3mulo Otero practicando tiros libres"},"content":{"rendered":"<p style=\"text-align: center;\"><iframe loading=\"lazy\" width=\"682\" height=\"348\" src=\"http:\/\/www.youtube.com\/embed\/CLHBwJY4884?rel=0\" frameborder=\"0\" allowfullscreen><\/iframe>\n<p style=\"text-align: justify;\"><strong>GradaDigital.com &#8211;<\/strong> A pocos d\u00edas del \u00faltimo encuentro de la selecci\u00f3n nacional de Venezuela en las Eliminatorias al Mundial, repasamos a uno de los jugadores que brill\u00f3 ante Per\u00fa en el partido pasado, y que hoy en d\u00eda es el gu\u00eda del Caracas FC. Hablamos de R\u00f3mulo Otero, quien ya inscribiera su nombre entre los goleadores \u00abVinotintos\u00bb, y quien a trav\u00e9s de un trabajo especial con GradaDigital, nos demostr\u00f3 parte de su evoluci\u00f3n como pateador de tiro libres, junto a videos que demuestran desde varias perspectivas su temible remate al arco.<\/p>\n<p style=\"text-align: justify;\">\u00a1Disfruta de este video especial con R\u00f3mulo Otero!<\/p>\n","protected":false},"excerpt":{"rendered":"<p>GradaDigital.com &#8211; A pocos d\u00edas del \u00faltimo encuentro de la selecci\u00f3n nacional de Venezuela en las Eliminatorias al Mundial, repasamos a uno de los jugadores que brill\u00f3 ante Per\u00fa en el partido pasado, y que hoy en d\u00eda es el gu\u00eda del Caracas FC. Hablamos de R\u00f3mulo Otero, quien ya inscribiera su nombre entre los &#8230;<\/p>\n","protected":false},"author":4,"featured_media":4828,"comment_status":"closed","ping_status":"closed","sticky":false,"template":"","format":"standard","meta":{"footnotes":""},"categories":[27,9,5,31,40,3],"tags":[],"class_list":["post-5825","post","type-post","status-publish","format-standard","has-post-thumbnail","hentry","category-video","category-caracas-fc","category-futbol-nacional","category-primera-division","category-seleccion-nacional-mayores","category-seleccion-nacional"],"_links":{"self":[{"href":"http:\/\/gradadigital.com\/home\/wp-json\/wp\/v2\/posts\/5825","targetHints":{"allow":["GET"]}}],"collection":[{"href":"http:\/\/gradadigital.com\/home\/wp-json\/wp\/v2\/posts"}],"about":[{"href":"http:\/\/gradadigital.com\/home\/wp-json\/wp\/v2\/types\/post"}],"author":[{"embeddable":true,"href":"http:\/\/gradadigital.com\/home\/wp-json\/wp\/v2\/users\/4"}],"replies":[{"embeddable":true,"href":"http:\/\/gradadigital.com\/home\/wp-json\/wp\/v2\/comments?post=5825"}],"version-history":[{"count":1,"href":"http:\/\/gradadigital.com\/home\/wp-json\/wp\/v2\/posts\/5825\/revisions"}],"predecessor-version":[{"id":5826,"href":"http:\/\/gradadigital.com\/home\/wp-json\/wp\/v2\/posts\/5825\/revisions\/5826"}],"wp:featuredmedia":[{"embeddable":true,"href":"http:\/\/gradadigital.com\/home\/wp-json\/wp\/v2\/media\/4828"}],"wp:attachment":[{"href":"http:\/\/gradadigital.com\/home\/wp-json\/wp\/v2\/media?parent=5825"}],"wp:term":[{"taxonomy":"category","embeddable":true,"href":"http:\/\/gradadigital.com\/home\/wp-json\/wp\/v2\/categories?post=5825"},{"taxonomy":"post_tag","embeddable":true,"href":"http:\/\/gradadigital.com\/home\/wp-json\/wp\/v2\/tags?post=5825"}],"curies":[{"name":"wp","href":"https:\/\/api.w.org\/{rel}","templated":true}]}}