{"id":5728,"date":"2013-10-03T09:38:00","date_gmt":"2013-10-03T14:08:00","guid":{"rendered":"http:\/\/gradadigital.com\/home\/?p=5728"},"modified":"2013-10-03T09:38:00","modified_gmt":"2013-10-03T14:08:00","slug":"vinotinto-sub-15-tiene-el-visto-bueno-tras-disputar-amistoso-con-el-deportivo-lara-sub-18","status":"publish","type":"post","link":"http:\/\/gradadigital.com\/home\/vinotinto-sub-15-tiene-el-visto-bueno-tras-disputar-amistoso-con-el-deportivo-lara-sub-18\/","title":{"rendered":"Vinotinto Sub 15 tiene el visto bueno tras disputar amistoso con el Deportivo Lara Sub 18"},"content":{"rendered":"<p dir=\"ltr\" style=\"text-align: center;\"><img loading=\"lazy\" decoding=\"async\" class=\"alignnone size-full wp-image-5729\" alt=\"venezuela_sub15_02102013\" src=\"http:\/\/gradadigital.com\/home\/wp-content\/uploads\/2013\/10\/venezuela_sub15_02102013.jpg\" width=\"596\" height=\"346\" srcset=\"http:\/\/gradadigital.com\/home\/wp-content\/uploads\/2013\/10\/venezuela_sub15_02102013.jpg 596w, http:\/\/gradadigital.com\/home\/wp-content\/uploads\/2013\/10\/venezuela_sub15_02102013-300x174.jpg 300w\" sizes=\"auto, (max-width: 596px) 100vw, 596px\" \/><\/p>\n<p dir=\"ltr\" style=\"text-align: justify;\"><strong>Jes\u00fas A. S\u00e1ez S. &#8211; Barquisimeto &#8211;<\/strong> Con doblete de Gustavo L\u00f3pez, Venezuela se llev\u00f3 la victoria (1-3) en el amistoso contra el Deportivo Lara Sub 18, disputado en el estadio Farid Richa durante la tarde del mi\u00e9rcoles.<\/p>\n<p dir=\"ltr\" style=\"text-align: justify;\">C\u00f3mo parte del m\u00f3dulo de preparaci\u00f3n en la ciudad crepuscular, la selecci\u00f3n nacional Sub 15 comandada por el profesor Ceferino Bencomo,\u00a0 sostuvo un encuentro de preparaci\u00f3n con el conjunto rojinegro, prueba que sirvi\u00f3 para evaluar el desempe\u00f1o de sus muchachos y as\u00ed ir definiendo los jugadores que van a vestir la camiseta Vinotinto en el pr\u00f3ximo suramericano de la categor\u00eda, a efectuarse en Bolivia en el mes de Noviembre del presente a\u00f1o.<\/p>\n<p dir=\"ltr\" style=\"text-align: justify;\">El grupo conformado por varios juveniles \u00e9lites, mostraron la mejor cara de la moneda, tras vencer al Deportivo Lara de la categor\u00eda Sub 18. Venezuela llev\u00f3 la batuta pr\u00e1cticamente en todo el compromiso,\u00a0 conservando el orden en todas sus l\u00edneas. Unas que otras veces, aflojaban el rendimiento pero luego se recuperaban ante las indicaciones del seleccionador Ceferino Bencomo.<\/p>\n<p dir=\"ltr\" style=\"text-align: justify;\">La comunicaci\u00f3n entre cada jugador fue el factor positivo para dominar. Los volantes en conjunto con los laterales jugaban un papel importante dentro de la cancha, pues resolv\u00edan con prontitud las acciones de peligro cu\u00e1ndo se les presentaba, respondiendo de una manera r\u00e1pida con el contraataque, que al final en varias oportunidades falt\u00f3 la definici\u00f3n y en otras concretaban sin dificultad. Unas de las cosas importantes fueron las combinaciones que ellos mismos protagonizaban.<\/p>\n<p dir=\"ltr\" style=\"text-align: justify;\">La gran actuaci\u00f3n de Gustavo L\u00f3pez durante el segundo tiempo di\u00f3 a entender en un primer momento que el mismo, ser\u00e1 una pieza clave dentro de la selecci\u00f3n,\u00a0 ya que su forma de juego es muy similar a la de Salom\u00f3n Rond\u00f3n y es por ello que posiblemente sea el golpeador del equipo, y es que su parecer llega hasta en lo f\u00edsico, pues a su corta edad tiene una estatura considerable que lo beneficia adem\u00e1s en el juego a\u00e9reo. Cabe destacar que los tantos ejecutados por el jugador llegaron de la mejor manera, uno de ellos fue tras un rebote dentro del rect\u00e1ngulo y al verse sin marca, envi\u00f3 un fuerte zapatazo escondiendo la pelota en el fondo del arco,\u00a0 el segundo vino de sombrero despu\u00e9s de recibir un pase de profundidad que logr\u00f3 dejar atr\u00e1s a la zaga rojinegra, y frente al portero el delantero de una espectacular manera la levant\u00f3 para guardarla dentro de las redes. El otro gol lo hizo Yangel Herrera.<\/p>\n<p dir=\"ltr\" style=\"text-align: justify;\">Otro punto resaltante del partido es que no se practic\u00f3 mucho las jugadas de bal\u00f3n parado, debido ante las pocas faltas sancionadas o a su vez los tiros de esquinas cobrados, estrategias que vienen practicando en los m\u00f3dulos anteriores.<\/p>\n<p dir=\"ltr\" style=\"text-align: justify;\">Los cambios realizados tambi\u00e9n dieron el visto bueno, pues segu\u00edan manteniendo la disciplina impartida, resultado que deja el buen trabajo que viene ejecutando en cada concentraci\u00f3n el estratega Ceferino Bencomo.<\/p>\n<p dir=\"ltr\" style=\"text-align: justify;\">Este jueves en horas de la ma\u00f1ana volver\u00e1n a disputar otro amistoso,\u00a0esta vez con la Sub 20 del mismo club, antes de partir este viernes a sus diferentes destinos desde la ciudad de Barquisimeto.<\/p>\n","protected":false},"excerpt":{"rendered":"<p>Jes\u00fas A. S\u00e1ez S. &#8211; Barquisimeto &#8211; Con doblete de Gustavo L\u00f3pez, Venezuela se llev\u00f3 la victoria (1-3) en el amistoso contra el Deportivo Lara Sub 18, disputado en el estadio Farid Richa durante la tarde del mi\u00e9rcoles. C\u00f3mo parte del m\u00f3dulo de preparaci\u00f3n en la ciudad crepuscular, la selecci\u00f3n nacional Sub 15 comandada por &#8230;<\/p>\n","protected":false},"author":4,"featured_media":5729,"comment_status":"closed","ping_status":"closed","sticky":false,"template":"","format":"standard","meta":{"footnotes":""},"categories":[39,3],"tags":[],"class_list":["post-5728","post","type-post","status-publish","format-standard","has-post-thumbnail","hentry","category-seleccion-nacional-juveniles","category-seleccion-nacional"],"_links":{"self":[{"href":"http:\/\/gradadigital.com\/home\/wp-json\/wp\/v2\/posts\/5728","targetHints":{"allow":["GET"]}}],"collection":[{"href":"http:\/\/gradadigital.com\/home\/wp-json\/wp\/v2\/posts"}],"about":[{"href":"http:\/\/gradadigital.com\/home\/wp-json\/wp\/v2\/types\/post"}],"author":[{"embeddable":true,"href":"http:\/\/gradadigital.com\/home\/wp-json\/wp\/v2\/users\/4"}],"replies":[{"embeddable":true,"href":"http:\/\/gradadigital.com\/home\/wp-json\/wp\/v2\/comments?post=5728"}],"version-history":[{"count":1,"href":"http:\/\/gradadigital.com\/home\/wp-json\/wp\/v2\/posts\/5728\/revisions"}],"predecessor-version":[{"id":5730,"href":"http:\/\/gradadigital.com\/home\/wp-json\/wp\/v2\/posts\/5728\/revisions\/5730"}],"wp:featuredmedia":[{"embeddable":true,"href":"http:\/\/gradadigital.com\/home\/wp-json\/wp\/v2\/media\/5729"}],"wp:attachment":[{"href":"http:\/\/gradadigital.com\/home\/wp-json\/wp\/v2\/media?parent=5728"}],"wp:term":[{"taxonomy":"category","embeddable":true,"href":"http:\/\/gradadigital.com\/home\/wp-json\/wp\/v2\/categories?post=5728"},{"taxonomy":"post_tag","embeddable":true,"href":"http:\/\/gradadigital.com\/home\/wp-json\/wp\/v2\/tags?post=5728"}],"curies":[{"name":"wp","href":"https:\/\/api.w.org\/{rel}","templated":true}]}}