{"id":5225,"date":"2013-09-21T13:13:37","date_gmt":"2013-09-21T17:43:37","guid":{"rendered":"http:\/\/gradadigital.com\/home\/?p=5225"},"modified":"2013-09-21T13:13:37","modified_gmt":"2013-09-21T17:43:37","slug":"yaracuyanos-buscara-puntos-en-puerto-ayacucho","status":"publish","type":"post","link":"http:\/\/gradadigital.com\/home\/yaracuyanos-buscara-puntos-en-puerto-ayacucho\/","title":{"rendered":"Yaracuyanos buscar\u00e1 puntos en Puerto Ayacucho"},"content":{"rendered":"<p style=\"text-align: center;\"><img loading=\"lazy\" decoding=\"async\" class=\"alignnone size-full wp-image-4358\" alt=\"habynson_escobar_petare_yaracuyanos_01092013\" src=\"http:\/\/gradadigital.com\/home\/wp-content\/uploads\/2013\/09\/habynson_escobar_petare_yaracuyanos_01092013.jpg\" width=\"596\" height=\"346\" srcset=\"http:\/\/gradadigital.com\/home\/wp-content\/uploads\/2013\/09\/habynson_escobar_petare_yaracuyanos_01092013.jpg 596w, http:\/\/gradadigital.com\/home\/wp-content\/uploads\/2013\/09\/habynson_escobar_petare_yaracuyanos_01092013-300x174.jpg 300w\" sizes=\"auto, (max-width: 596px) 100vw, 596px\" \/><\/p>\n<p style=\"text-align: justify;\"><b>PRENSA YFC (21-09-2013).-\u00a0<\/b>El Estadio \u201cAntonio Jos\u00e9 de Sucre\u201d,\u00a0 nido amazonense, albergar\u00e1\u00a0\u00a0 la sexta fecha del Torneo Apertura del futbol venezolano, en esta oportunidad los \u201cColosos de Sorte\u201d nuevamente como visitantes, desafiar\u00e1n al\u00a0 plantel de Tucanes en un compromiso que luce \u00a0por dem\u00e1s\u00a0 interesante para ambos equipos, en la m\u00e1xima categor\u00eda de balompi\u00e9 criollo.<\/p>\n<p style=\"text-align: justify;\">Es el tercer duelo entre yaracuyanos y amazonenses, el g\u00e9nesis de estad\u00edsticas subraya que las acciones est\u00e1n equiparadas a una victoria y una derrota para cada conjunto, lo cual adiciona un componente de revancha a este fogueo dominical, que se efectuar\u00e1 \u00a0en \u00a0las\u00a0 enigm\u00e1ticas tierras del escudo guayan\u00e9s.<\/p>\n<p style=\"text-align: justify;\">Un \u00a0delgado margen, \u00a0es la l\u00ednea que marca\u00a0 la diferencia en cuanto a \u00a0goles \u00a0\u00a0entre las oncenas, actualmente el equipo alado de Tucanes, ocupa la decimo segunda casilla en la tabla de clasificaci\u00f3n, mientras que Yaracuyanos FC se ubica hasta ahora en el decimoquinto pelda\u00f1o del acumulado general con igualdad de \u00a0unidades, cuatro\u00a0 en su haber.<\/p>\n<p style=\"text-align: justify;\">M\u00e1xima exigencia, control arduo y una estructura de entrenamiento rigurosa, han marcado los\u00a0 compases \u00a0de los blanquiazules en los preparativos para este encuentro que disputar\u00e1 el elenco dirigido por Jos\u00e9 Al\u00ec Ca\u00f1as ,quien contar\u00e1 con todos sus elementos de juego, salvo Yeferson Velazco, el cual tendr\u00e1 que cumplir \u00e9sta fecha de suspensi\u00f3n por acumulaci\u00f3n de tarjetas amarillas. Sin embargo, la excelente \u00a0qu\u00edmica existente en toda la plantilla buscar\u00e1 cubrir esa baja para obtener en Puerto Ayacucho, tres valiosos puntos, lo que se conjuga en\u00a0 el avance de las aspiraciones propuestas en \u00a0la presente competici\u00f3n.<\/p>\n<p style=\"text-align: justify;\">Los Colosos de Sorte, han logrado empalmar un sistema de juego blindado, lo cual le permite efectuar un optimo recorrido por las bandas, aprovechando adem\u00e1s la explosividad\u00a0 por las puntas, el equipo de San Felipe ha demostrado adem\u00e1s una marcada\u00a0 solvencia con el juego r\u00e1pido y el alcance claro de sus principales piezas en cancha, lo cual puede fundamentar la estrategia a implementar para esta sexta jornada de primera divisi\u00f3n nacional.<\/p>\n<p style=\"text-align: justify;\">El pitazo inicial para este encuentro est\u00e1 pautado para las 3:00 pm, el arbitro del Distrito Capital, Juan Soto ser\u00e1 el encargado del tutelaje de los noventas minutos oficiales en el coso de Amazonas, todas las incidencias del partido podr\u00e1 seguirlas a trav\u00e9s de la se\u00f1al de Urbana 102.9 FM y por la cuenta oficial twitter @FCYaracuyanos.<\/p>\n<p style=\"text-align: justify;\">Estos son los 18 convocados del Profesor Al\u00ed Ca\u00f1as para enfrentar al cuadro amaz\u00f3nico:<\/p>\n<p style=\"text-align: justify;\">Guardametas: Rafael Sivira y Kevin Gonz\u00e1lez<\/p>\n<p style=\"text-align: justify;\">Defensores: Jos\u00e9 Mera, Ram\u00f3n S\u00e1nchez, Janner Aislant, Edgar Rodr\u00edguez, Frank Presilla y Emmanuel Dominguez.<\/p>\n<p style=\"text-align: justify;\">Mediocampistas:\u00a0Edwar Bello(S-18), Richard L\u00f3pez, Carlos Rojas, Luis Randazzo (S-20), Yosimar Gonz\u00e1lez, Johan Moreno y Manuel Ram\u00edrez(S-20).<\/p>\n<p style=\"text-align: justify;\">Deleanteros: Habynson Escobar, Rafael Rodr\u00edguez y Stivenson Herrera.<\/p>\n<p style=\"text-align: justify;\">Hora: 3:30pm<\/p>\n<p style=\"text-align: justify;\">Estadio: Jos\u00e9 Antonio P\u00e1ez (Puerto Ayacucho)<\/p>\n","protected":false},"excerpt":{"rendered":"<p>PRENSA YFC (21-09-2013).-\u00a0El Estadio \u201cAntonio Jos\u00e9 de Sucre\u201d,\u00a0 nido amazonense, albergar\u00e1\u00a0\u00a0 la sexta fecha del Torneo Apertura del futbol venezolano, en esta oportunidad los \u201cColosos de Sorte\u201d nuevamente como visitantes, desafiar\u00e1n al\u00a0 plantel de Tucanes en un compromiso que luce \u00a0por dem\u00e1s\u00a0 interesante para ambos equipos, en la m\u00e1xima categor\u00eda de balompi\u00e9 criollo. Es el &#8230;<\/p>\n","protected":false},"author":4,"featured_media":4358,"comment_status":"closed","ping_status":"closed","sticky":false,"template":"","format":"standard","meta":{"footnotes":""},"categories":[5,31,28,20],"tags":[],"class_list":["post-5225","post","type-post","status-publish","format-standard","has-post-thumbnail","hentry","category-futbol-nacional","category-primera-division","category-tucanes-amazonas","category-yaracuyanos-fc"],"_links":{"self":[{"href":"http:\/\/gradadigital.com\/home\/wp-json\/wp\/v2\/posts\/5225","targetHints":{"allow":["GET"]}}],"collection":[{"href":"http:\/\/gradadigital.com\/home\/wp-json\/wp\/v2\/posts"}],"about":[{"href":"http:\/\/gradadigital.com\/home\/wp-json\/wp\/v2\/types\/post"}],"author":[{"embeddable":true,"href":"http:\/\/gradadigital.com\/home\/wp-json\/wp\/v2\/users\/4"}],"replies":[{"embeddable":true,"href":"http:\/\/gradadigital.com\/home\/wp-json\/wp\/v2\/comments?post=5225"}],"version-history":[{"count":1,"href":"http:\/\/gradadigital.com\/home\/wp-json\/wp\/v2\/posts\/5225\/revisions"}],"predecessor-version":[{"id":5226,"href":"http:\/\/gradadigital.com\/home\/wp-json\/wp\/v2\/posts\/5225\/revisions\/5226"}],"wp:featuredmedia":[{"embeddable":true,"href":"http:\/\/gradadigital.com\/home\/wp-json\/wp\/v2\/media\/4358"}],"wp:attachment":[{"href":"http:\/\/gradadigital.com\/home\/wp-json\/wp\/v2\/media?parent=5225"}],"wp:term":[{"taxonomy":"category","embeddable":true,"href":"http:\/\/gradadigital.com\/home\/wp-json\/wp\/v2\/categories?post=5225"},{"taxonomy":"post_tag","embeddable":true,"href":"http:\/\/gradadigital.com\/home\/wp-json\/wp\/v2\/tags?post=5225"}],"curies":[{"name":"wp","href":"https:\/\/api.w.org\/{rel}","templated":true}]}}