{"id":519,"date":"2013-05-13T00:14:16","date_gmt":"2013-05-13T04:44:16","guid":{"rendered":"http:\/\/gradadigital.com\/home\/?p=519"},"modified":"2013-05-14T00:14:35","modified_gmt":"2013-05-14T04:44:35","slug":"grenddy-perozo-queremos-clasificar-a-la-sudamericana","status":"publish","type":"post","link":"http:\/\/gradadigital.com\/home\/grenddy-perozo-queremos-clasificar-a-la-sudamericana\/","title":{"rendered":"Grenddy Perozo: \u201cQueremos clasificar a la Sudamericana\u201d"},"content":{"rendered":"<p style=\"text-align: center;\"><img loading=\"lazy\" decoding=\"async\" class=\"alignnone\" alt=\"\" src=\"http:\/\/gradadigital.com\/principal\/images\/stories\/grenddy_perozo_caracas_tachira_12052013.jpg\" width=\"596\" height=\"346\" \/><\/p>\n<p style=\"text-align: justify;\"><b>Mariann Garc\u00eda &#8211;<\/b>\u00a0El defensa tachirense, Grenddy Perozo, sali\u00f3 conforme con el empate que tuvieron en el cl\u00e1sico nacional ante el Caracas F\u00fatbol Club. Su meta en estos momentos es poder hacer un buen octogonal y clasificar a la Copa Sudamericana.<\/p>\n<p style=\"text-align: justify;\"><b>\u201cLa verdad que un buen partido, digno de un cl\u00e1sico\u201d<\/b>, exclam\u00f3 Perozo al salir de la cancha. Para \u00e9l en esos noventa minutos de juegos fueron\u00a0<b>\u201ccon mucho v\u00e9rtigo para los dos lados, con mucho ritmo\u201d<\/b>, aunque asegura que<b>\u00a0\u201cT\u00e1chira por momentos fue superior, esas opciones claras\u201d.<\/b><\/p>\n<p style=\"text-align: justify;\">A pesar de estar satisfecho con el resultado, dej\u00f3 saber en sus declaraciones que<b>\u00a0\u201cfue un empate donde quer\u00edamos la victoria, pero nos vamos contento porque terminamos de la mejor forma y enfocados en lo que se viene para el octogonal\u201d.<\/b>\u00a0Su lucha por un cupo internacional ser\u00e1 en primera instancia frente al Atl\u00e9tico Venezuela.<\/p>\n<p style=\"text-align: justify;\">El defensa aurinegro considera que el cl\u00e1sico<b>\u00a0\u201cfue un partido de alto nivel, como el que queremos ver en todos los estadios a nivel nacional\u201d<\/b>. Seg\u00fan Grenddy:<b>\u00a0\u201clos dos equipos estuvieron a la altura de lo que es un cl\u00e1sico de esta envergadura\u201d.<\/b><\/p>\n<p style=\"text-align: justify;\">En esta semana deber\u00e1 unirse a la concentraci\u00f3n vinotinto, pero tambi\u00e9n resalta que debe \u201cpensar en el octagonal, queremos clasificar a la Sudamericana y creo que el equipo est\u00e1 viviendo un buen momento\u201d. Es tajante al asegurar que: \u201cS\u00ed vamos a clasificar\u201d.<\/p>\n","protected":false},"excerpt":{"rendered":"<p>Mariann Garc\u00eda &#8211;\u00a0El defensa tachirense, Grenddy Perozo, sali\u00f3 conforme con el empate que tuvieron en el cl\u00e1sico nacional ante el Caracas F\u00fatbol Club. Su meta en estos momentos es poder hacer un buen octogonal y clasificar a la Copa Sudamericana. \u201cLa verdad que un buen partido, digno de un cl\u00e1sico\u201d, exclam\u00f3 Perozo al salir de &#8230;<\/p>\n","protected":false},"author":1,"featured_media":520,"comment_status":"closed","ping_status":"closed","sticky":false,"template":"","format":"standard","meta":{"footnotes":""},"categories":[11,5],"tags":[],"class_list":["post-519","post","type-post","status-publish","format-standard","has-post-thumbnail","hentry","category-deportivo-tachira","category-futbol-nacional"],"_links":{"self":[{"href":"http:\/\/gradadigital.com\/home\/wp-json\/wp\/v2\/posts\/519","targetHints":{"allow":["GET"]}}],"collection":[{"href":"http:\/\/gradadigital.com\/home\/wp-json\/wp\/v2\/posts"}],"about":[{"href":"http:\/\/gradadigital.com\/home\/wp-json\/wp\/v2\/types\/post"}],"author":[{"embeddable":true,"href":"http:\/\/gradadigital.com\/home\/wp-json\/wp\/v2\/users\/1"}],"replies":[{"embeddable":true,"href":"http:\/\/gradadigital.com\/home\/wp-json\/wp\/v2\/comments?post=519"}],"version-history":[{"count":6,"href":"http:\/\/gradadigital.com\/home\/wp-json\/wp\/v2\/posts\/519\/revisions"}],"predecessor-version":[{"id":647,"href":"http:\/\/gradadigital.com\/home\/wp-json\/wp\/v2\/posts\/519\/revisions\/647"}],"wp:featuredmedia":[{"embeddable":true,"href":"http:\/\/gradadigital.com\/home\/wp-json\/wp\/v2\/media\/520"}],"wp:attachment":[{"href":"http:\/\/gradadigital.com\/home\/wp-json\/wp\/v2\/media?parent=519"}],"wp:term":[{"taxonomy":"category","embeddable":true,"href":"http:\/\/gradadigital.com\/home\/wp-json\/wp\/v2\/categories?post=519"},{"taxonomy":"post_tag","embeddable":true,"href":"http:\/\/gradadigital.com\/home\/wp-json\/wp\/v2\/tags?post=519"}],"curies":[{"name":"wp","href":"https:\/\/api.w.org\/{rel}","templated":true}]}}