{"id":5102,"date":"2013-09-16T15:07:38","date_gmt":"2013-09-16T19:37:38","guid":{"rendered":"http:\/\/gradadigital.com\/home\/?p=5102"},"modified":"2013-09-16T15:07:38","modified_gmt":"2013-09-16T19:37:38","slug":"video-los-protagonistas-de-mineros-de-guayana-hablaron-sobre-el-triunfo-ante-petare","status":"publish","type":"post","link":"http:\/\/gradadigital.com\/home\/video-los-protagonistas-de-mineros-de-guayana-hablaron-sobre-el-triunfo-ante-petare\/","title":{"rendered":"VIDEO | Los protagonistas de Mineros de Guayana hablaron sobre el triunfo ante Petare"},"content":{"rendered":"<p style=\"text-align: center;\"><iframe loading=\"lazy\" width=\"682\" height=\"348\" src=\"http:\/\/www.youtube.com\/embed\/PXzVxur2Yes?rel=0\" frameborder=\"0\" allowfullscreen><\/iframe>\n<p style=\"text-align: justify;\"><strong>GradaDigital.com &#8211;<\/strong> El equipo de Mineros de Guayana alcanz\u00f3 su cuarto triunfo consecutivo en el Torneo Apertura, apuntando su fuerte candidatura por el t\u00edtulo. Los dirigidos por Richard P\u00e1ez empatan la cima con el Caracas FC, con un encuentro menos, y tras la victoria ante el Deportivo Petare en el Ol\u00edmpico de la UCV, el plantel se siente afianz\u00e1ndose semana tras semana.<\/p>\n<p style=\"text-align: justify;\"><strong>\u201cSab\u00edamos que ser\u00eda bastante dif\u00edcil. Complicado para ellos. La lluvia nos afect\u00f3 un poco el sistema de juego, pero supimos controlarlo\u201d<\/strong>, declar\u00f3 Richard Blanco, referente en la delantera de Mineros. <strong>\u201cHemos aprendido a adaptarnos a las situaciones. Debemos corregir todav\u00eda much\u00edsimo en todas las l\u00edneas. El objetivo es el torneo y la Copa\u201d,<\/strong> expres\u00f3 el delantero.<\/p>\n<p style=\"text-align: justify;\">Por su parte, el goleador de la tarde, Zamir Valoyes, coment\u00f3 que debieron por<strong> \u201cmomentos \u00a0salir con pelotazos. Para ganar hay que marcar goles y ten\u00edamos ac\u00e1 que hacer la diferencia. Las oportunidades en el primer tiempo nos dieron tranquilidad para manejar el partido\u201d<\/strong>, mientras que el capit\u00e1n, Luis Vallenilla, asegur\u00f3 que el equipo<strong> \u201csupo aprovechar los espacios y mantener la solidez en la parte ofensiva. Jugamos con inteligencia el segundo tiempo por las dificultades\u201d<\/strong>. Para Vallenilla <strong>\u201cla entrega est\u00e1 haciendo que consigamos los tres puntos\u201d.<\/strong><\/p>\n<p style=\"text-align: justify;\"><em><strong>\u00a1Mira el video y escucha el resto de las declaraciones!<\/strong><\/em><\/p>\n","protected":false},"excerpt":{"rendered":"<p>GradaDigital.com &#8211; El equipo de Mineros de Guayana alcanz\u00f3 su cuarto triunfo consecutivo en el Torneo Apertura, apuntando su fuerte candidatura por el t\u00edtulo. Los dirigidos por Richard P\u00e1ez empatan la cima con el Caracas FC, con un encuentro menos, y tras la victoria ante el Deportivo Petare en el Ol\u00edmpico de la UCV, el &#8230;<\/p>\n","protected":false},"author":4,"featured_media":4930,"comment_status":"closed","ping_status":"closed","sticky":false,"template":"","format":"standard","meta":{"footnotes":""},"categories":[27,5,15,31],"tags":[],"class_list":["post-5102","post","type-post","status-publish","format-standard","has-post-thumbnail","hentry","category-video","category-futbol-nacional","category-mineros-de-guayana","category-primera-division"],"_links":{"self":[{"href":"http:\/\/gradadigital.com\/home\/wp-json\/wp\/v2\/posts\/5102","targetHints":{"allow":["GET"]}}],"collection":[{"href":"http:\/\/gradadigital.com\/home\/wp-json\/wp\/v2\/posts"}],"about":[{"href":"http:\/\/gradadigital.com\/home\/wp-json\/wp\/v2\/types\/post"}],"author":[{"embeddable":true,"href":"http:\/\/gradadigital.com\/home\/wp-json\/wp\/v2\/users\/4"}],"replies":[{"embeddable":true,"href":"http:\/\/gradadigital.com\/home\/wp-json\/wp\/v2\/comments?post=5102"}],"version-history":[{"count":1,"href":"http:\/\/gradadigital.com\/home\/wp-json\/wp\/v2\/posts\/5102\/revisions"}],"predecessor-version":[{"id":5103,"href":"http:\/\/gradadigital.com\/home\/wp-json\/wp\/v2\/posts\/5102\/revisions\/5103"}],"wp:featuredmedia":[{"embeddable":true,"href":"http:\/\/gradadigital.com\/home\/wp-json\/wp\/v2\/media\/4930"}],"wp:attachment":[{"href":"http:\/\/gradadigital.com\/home\/wp-json\/wp\/v2\/media?parent=5102"}],"wp:term":[{"taxonomy":"category","embeddable":true,"href":"http:\/\/gradadigital.com\/home\/wp-json\/wp\/v2\/categories?post=5102"},{"taxonomy":"post_tag","embeddable":true,"href":"http:\/\/gradadigital.com\/home\/wp-json\/wp\/v2\/tags?post=5102"}],"curies":[{"name":"wp","href":"https:\/\/api.w.org\/{rel}","templated":true}]}}