{"id":5087,"date":"2013-09-16T11:20:46","date_gmt":"2013-09-16T15:50:46","guid":{"rendered":"http:\/\/gradadigital.com\/home\/?p=5087"},"modified":"2013-09-16T11:20:46","modified_gmt":"2013-09-16T15:50:46","slug":"asi-fueron-los-resultados-de-la-quinta-jornada-de-la-segunda-division","status":"publish","type":"post","link":"http:\/\/gradadigital.com\/home\/asi-fueron-los-resultados-de-la-quinta-jornada-de-la-segunda-division\/","title":{"rendered":"As\u00ed fueron los resultados de la quinta jornada de la Segunda Divisi\u00f3n"},"content":{"rendered":"<p style=\"text-align: center;\" align=\"center\"><img loading=\"lazy\" decoding=\"async\" class=\"alignnone size-full wp-image-5088\" alt=\"monagas_guatire_15092013\" src=\"http:\/\/gradadigital.com\/home\/wp-content\/uploads\/2013\/09\/monagas_guatire_15092013.jpg\" width=\"596\" height=\"346\" srcset=\"http:\/\/gradadigital.com\/home\/wp-content\/uploads\/2013\/09\/monagas_guatire_15092013.jpg 596w, http:\/\/gradadigital.com\/home\/wp-content\/uploads\/2013\/09\/monagas_guatire_15092013-300x174.jpg 300w\" sizes=\"auto, (max-width: 596px) 100vw, 596px\" \/><\/p>\n<p style=\"text-align: justify;\" align=\"center\"><strong>GradaDigital.com &#8211;<\/strong> Disputada la quinta jornada de la Segunda Division, Metropolitanos FC y ULA FC comandan las respectivas tablas de posiciones de sus correspondientes grupos. Estos fueron los resultados:<\/p>\n<p style=\"text-align: justify;\" align=\"center\"><strong>Resultados Jornada N\u00b0 5 \u2013 Domingo 15.09.2013<\/strong><\/p>\n<p style=\"text-align: justify;\" align=\"center\"><strong>Dvo Anzo\u00e1tegui 1-2 Angostura FC &#8211;<\/strong><strong>\u00a0S\u00e1bado 14.09.2013<\/strong><\/p>\n<div style=\"text-align: justify;\"><strong>Goles:\u00a0<\/strong><strong>Manuel Medori 60\u2019 (DA) Herlyn Cuica 28\u2019 \u00a0y Edwar Leonet 63\u2019 (AFC)\u00a0\u00a0\u00a0\u00a0\u00a0\u00a0\u00a0\u00a0\u00a0\u00a0<\/strong><\/div>\n<div style=\"text-align: justify;\"><strong>Arbitro:\u00a0<\/strong><strong>Randy Lugo (Nueva Esparta)<\/strong><\/div>\n<div style=\"text-align: justify;\"><strong>Estadio:\u00a0<\/strong><strong>Jos\u00e9 Antonio Anzo\u00e1tegui de Puerto La Cruz<\/strong><\/div>\n<div style=\"text-align: justify;\"><strong>Asistencia:\u00a0<\/strong><strong>150<\/strong>personas<\/div>\n<div style=\"text-align: justify;\"><strong>Delegado FVF:\u00a0<\/strong><strong>Edgar Duran<\/strong><\/div>\n<div style=\"text-align: justify;\"><\/div>\n<div style=\"text-align: justify;\"><strong>Estudiantes de Caron\u00ed 1-1 Real Anzo\u00e1tegui &#8211; S\u00e1bado 15.09.2013<\/strong><\/div>\n<div style=\"text-align: justify;\"><strong>Goles:<\/strong><strong>\u00a0francisco Serna 70\u2019P (EC) Anderson Salazar 90+4\u2019 (RA)<\/strong><\/div>\n<div style=\"text-align: justify;\"><strong>Arbitro:\u00a0<\/strong><strong>Giovanni Perluzzo (Monagas)<\/strong><\/div>\n<div style=\"text-align: justify;\"><strong>Estadio:\u00a0<\/strong><strong>El Gallo de San F\u00e9lix<\/strong><\/div>\n<div style=\"text-align: justify;\"><strong>Asistencia:\u00a0<\/strong><strong>200\u00a0<\/strong>personas<\/div>\n<div style=\"text-align: justify;\"><strong>Delegado FVF:\u00a0<\/strong><strong>Jos\u00e9 Roque<\/strong><\/div>\n<div style=\"text-align: justify;\"><\/div>\n<div style=\"text-align: justify;\"><strong>Caracas FC 0-3 Metropolitano FC &#8211; S\u00e1bado 15.09.2013<\/strong><\/div>\n<div style=\"text-align: justify;\"><strong>Goles:\u00a0<\/strong><strong>Jonathan Guerra 5\u2019 Anderson Arsiniegas 25\u2019 y Kleudes Garc\u00eda 81\u2019 (CFC)<\/strong><\/div>\n<div style=\"text-align: justify;\"><strong>Arbitro:\u00a0<\/strong><strong>Jonathan Navas (Gu\u00e1rico)<\/strong><\/div>\n<div style=\"text-align: justify;\"><strong>Estadio:\u00a0<\/strong>Cocodrilos SP de Caracas<\/div>\n<div style=\"text-align: justify;\"><strong>Asistencia:\u00a0<\/strong><strong>172<\/strong>personas<\/div>\n<div style=\"text-align: justify;\"><strong>Delegado FVF:\u00a0<\/strong><strong>N\u00e9stor Bracovic<\/strong><\/div>\n<div style=\"text-align: center;\"><img loading=\"lazy\" decoding=\"async\" class=\"alignnone size-full wp-image-5089\" alt=\"john_giraldo_monagas_guatire_15092013\" src=\"http:\/\/gradadigital.com\/home\/wp-content\/uploads\/2013\/09\/john_giraldo_monagas_guatire_15092013.jpg\" width=\"596\" height=\"346\" srcset=\"http:\/\/gradadigital.com\/home\/wp-content\/uploads\/2013\/09\/john_giraldo_monagas_guatire_15092013.jpg 596w, http:\/\/gradadigital.com\/home\/wp-content\/uploads\/2013\/09\/john_giraldo_monagas_guatire_15092013-300x174.jpg 300w\" sizes=\"auto, (max-width: 596px) 100vw, 596px\" \/><\/div>\n<div style=\"text-align: justify;\"><\/div>\n<div style=\"text-align: justify;\"><strong>Monagas SC 0-1 Guatire FC<\/strong><\/div>\n<div style=\"text-align: justify;\"><strong>Gol:\u00a0<\/strong><strong>Juan Parada 66\u2019 (GFC)<\/strong><\/div>\n<div style=\"text-align: justify;\"><strong>Arbitro:\u00a0<\/strong><strong>Jos\u00e9 Rond\u00f3n (Anzo\u00e1tegui)<\/strong><\/div>\n<div style=\"text-align: justify;\"><strong>Estadio:\u00a0<\/strong><strong>Metropolitano de Matur\u00edn<\/strong><\/div>\n<div style=\"text-align: justify;\"><strong>Asistencia:\u00a0<\/strong>4.058\u00a0personas<\/div>\n<div style=\"text-align: justify;\"><strong>Delegado FVF:\u00a0<\/strong><strong>Nelson Bauza<\/strong><\/div>\n<div style=\"text-align: justify;\"><\/div>\n<div style=\"text-align: justify;\"><strong>UCV FC 2-5 Mineros de Guayana<\/strong><\/div>\n<div style=\"text-align: justify;\"><strong>Goles:\u00a0<\/strong><strong>Erick Prado 32\u2019 y C\u00e9sar Tahuil 64\u2019 (UFC) Rub\u00e9n Rojas 21\u2019 y 81\u2019 y Alberto Cabello 23\u2019 P 55\u2019 y 90+1\u2019 (MDG)<\/strong><\/div>\n<div style=\"text-align: justify;\"><strong>Arbitro:\u00a0<\/strong><strong>Juan Cabezas (Miranda)<\/strong><\/div>\n<div style=\"text-align: justify;\"><strong>Estadio:\u00a0<\/strong>Ol\u00edmpico de Caracas<\/div>\n<div style=\"text-align: justify;\"><strong>Asistencia:\u00a0<\/strong><strong>305<\/strong>personas<\/div>\n<div style=\"text-align: justify;\"><strong>Delegado FVF:\u00a0<\/strong><strong>Humberto Soto<\/strong><\/div>\n<div style=\"text-align: justify;\"><\/div>\n<div style=\"text-align: justify;\"><strong>Zamora FC 1-0 Loter\u00eda del T\u00e1chira\u00a0&#8211; S\u00e1bado 15.09.2013<\/strong><\/div>\n<div style=\"text-align: justify;\"><strong>Gol:<\/strong>\u00a0John Ariza 77\u2019 (ZFC)<\/div>\n<div style=\"text-align: justify;\"><strong>Arbitro:<\/strong>\u00a0Marcos Su\u00e1rez (Anzo\u00e1tegui)<br \/>\n<strong>Estadio:<\/strong>\u00a0Reinaldo Melo de Barinas<\/div>\n<div style=\"text-align: justify;\"><strong>Asistencia:\u00a0<\/strong>153 personas<\/div>\n<div style=\"text-align: justify;\"><strong>Delegado FVF:\u00a0<\/strong>Rafael Ugas<\/div>\n<div style=\"text-align: justify;\"><\/div>\n<div style=\"text-align: justify;\"><strong>Polic\u00eda de Lara 0-2 ULA FC &#8211; S\u00e1bado 15.09.2013<\/strong><\/div>\n<div style=\"text-align: justify;\"><strong>Goles:\u00a0<\/strong><strong>Enrique Cegarra 40\u2019P y Johny Mujica 8\u2019 (ULA)<\/strong><\/div>\n<div style=\"text-align: justify;\"><strong>Arbitro:<\/strong>\u00a0Alexis Herrera (Carabobo)<\/div>\n<div style=\"text-align: justify;\"><strong>Estadio:<\/strong>\u00a0Farid Richa de Barquisimeto<\/div>\n<div style=\"text-align: justify;\"><strong>Asistencia:\u00a0<\/strong><strong>200 personas<\/strong><\/div>\n<div style=\"text-align: justify;\"><strong>Delegado FVF:\u00a0<\/strong><strong>Francesco Romano<\/strong><\/div>\n<div style=\"text-align: justify;\"><\/div>\n<div style=\"text-align: justify;\"><strong>Portuguesa FC 1-0 Dvo San Antonio<\/strong><br \/>\n<strong>Gol:\u00a0<\/strong>Leonardo Falc\u00f3n 51\u2019 (PFC)<\/div>\n<div style=\"text-align: justify;\"><strong>Arbitro:<\/strong>\u00a0C\u00e9sar Tejeda (Yaracuy)<br \/>\n<strong>Estadio:<\/strong>\u00a0Jos\u00e9 Antonio P\u00e1ez de Acarigua<\/div>\n<div style=\"text-align: justify;\"><strong>Asistencia:\u00a0<\/strong><strong>2.000 personas<\/strong><\/div>\n<div style=\"text-align: justify;\"><strong>Delegado FVF:\u00a0<\/strong><strong>Freddy Ovalles<\/strong><\/div>\n<div style=\"text-align: justify;\"><\/div>\n<div style=\"text-align: justify;\"><strong>Ure\u00f1a SC 2-1 SC Guaran\u00ed<\/strong><\/div>\n<div style=\"text-align: justify;\"><strong>Goles:\u00a0<\/strong><strong>Diego Espinel 57&#8242; y 78&#8242; (USC) Jeans Duarte 30&#8242; (SCG)<\/strong><\/div>\n<div style=\"text-align: justify;\"><strong>Arbitro:\u00a0<\/strong>Richard Izarra (M\u00e9rida)<br \/>\n<strong>Estadio:<\/strong>\u00a0Bicentenario de Ure\u00f1a<\/div>\n<div style=\"text-align: justify;\"><strong>Asistencia:<\/strong>\u00a0482 personas<\/div>\n<div style=\"text-align: justify;\"><strong>Delegado FVF:\u00a0<\/strong>C\u00e9sar Dur\u00e1n<\/div>\n<div style=\"text-align: justify;\"><\/div>\n<div style=\"text-align: justify;\"><strong>Arroceros de Calabozo 0-1 Atl\u00e9tico Falc\u00f3n<\/strong><\/div>\n<div style=\"text-align: justify;\"><strong>Gol:\u00a0<\/strong><strong>Sergio \u00c1lvarez 37\u2019 (AF)<\/strong><br \/>\n<strong>Arbitro:<\/strong>\u00a0Tom\u00e1s Sal\u00f3n (Aragua)<br \/>\n<strong>Estadio:<\/strong>\u00a0Alfredo Simonpietri de Calabozo<\/div>\n<div style=\"text-align: justify;\"><strong>Asistencia:\u00a0<\/strong>157 personas<\/div>\n<div style=\"text-align: justify;\"><strong>Delegado FVF:\u00a0<\/strong>Osmar M\u00e9ndez<\/div>\n","protected":false},"excerpt":{"rendered":"<p>GradaDigital.com &#8211; Disputada la quinta jornada de la Segunda Division, Metropolitanos FC y ULA FC comandan las respectivas tablas de posiciones de sus correspondientes grupos. Estos fueron los resultados: Resultados Jornada N\u00b0 5 \u2013 Domingo 15.09.2013 Dvo Anzo\u00e1tegui 1-2 Angostura FC &#8211;\u00a0S\u00e1bado 14.09.2013 Goles:\u00a0Manuel Medori 60\u2019 (DA) Herlyn Cuica 28\u2019 \u00a0y Edwar Leonet 63\u2019 (AFC)\u00a0\u00a0\u00a0\u00a0\u00a0\u00a0\u00a0\u00a0\u00a0\u00a0 &#8230;<\/p>\n","protected":false},"author":4,"featured_media":5088,"comment_status":"closed","ping_status":"closed","sticky":false,"template":"","format":"standard","meta":{"footnotes":""},"categories":[5,16,17,30],"tags":[],"class_list":["post-5087","post","type-post","status-publish","format-standard","has-post-thumbnail","hentry","category-futbol-nacional","category-monagas-sc","category-portuguesa-fc","category-segunda-divison"],"_links":{"self":[{"href":"http:\/\/gradadigital.com\/home\/wp-json\/wp\/v2\/posts\/5087","targetHints":{"allow":["GET"]}}],"collection":[{"href":"http:\/\/gradadigital.com\/home\/wp-json\/wp\/v2\/posts"}],"about":[{"href":"http:\/\/gradadigital.com\/home\/wp-json\/wp\/v2\/types\/post"}],"author":[{"embeddable":true,"href":"http:\/\/gradadigital.com\/home\/wp-json\/wp\/v2\/users\/4"}],"replies":[{"embeddable":true,"href":"http:\/\/gradadigital.com\/home\/wp-json\/wp\/v2\/comments?post=5087"}],"version-history":[{"count":1,"href":"http:\/\/gradadigital.com\/home\/wp-json\/wp\/v2\/posts\/5087\/revisions"}],"predecessor-version":[{"id":5090,"href":"http:\/\/gradadigital.com\/home\/wp-json\/wp\/v2\/posts\/5087\/revisions\/5090"}],"wp:featuredmedia":[{"embeddable":true,"href":"http:\/\/gradadigital.com\/home\/wp-json\/wp\/v2\/media\/5088"}],"wp:attachment":[{"href":"http:\/\/gradadigital.com\/home\/wp-json\/wp\/v2\/media?parent=5087"}],"wp:term":[{"taxonomy":"category","embeddable":true,"href":"http:\/\/gradadigital.com\/home\/wp-json\/wp\/v2\/categories?post=5087"},{"taxonomy":"post_tag","embeddable":true,"href":"http:\/\/gradadigital.com\/home\/wp-json\/wp\/v2\/tags?post=5087"}],"curies":[{"name":"wp","href":"https:\/\/api.w.org\/{rel}","templated":true}]}}