{"id":4598,"date":"2013-09-06T14:52:24","date_gmt":"2013-09-06T19:22:24","guid":{"rendered":"http:\/\/gradadigital.com\/home\/?p=4598"},"modified":"2013-09-13T00:56:14","modified_gmt":"2013-09-13T05:26:14","slug":"las-vinotinto-sub-17-buscaran-un-cupo-al-mundial-de-costa-rica-2014","status":"publish","type":"post","link":"http:\/\/gradadigital.com\/home\/las-vinotinto-sub-17-buscaran-un-cupo-al-mundial-de-costa-rica-2014\/","title":{"rendered":"Las Vinotinto Sub-17 buscar\u00e1n un cupo al Mundial de Costa Rica 2014"},"content":{"rendered":"<p style=\"text-align: center;\"><img decoding=\"async\" alt=\"http:\/\/gradadigital.com\/home\/wp-content\/uploads\/2013\/09\/seleccion_femenina_sub17_vemezuela_vinotinto_06092013_1.JPG\" src=\"http:\/\/gradadigital.com\/home\/wp-content\/uploads\/2013\/09\/seleccion_femenina_sub17_vemezuela_vinotinto_06092013_1.JPG\" \/><\/p>\n<p style=\"text-align: justify;\"><strong>Prensa FVF, Caracas. &#8211;<\/strong> La Selecci\u00f3n Nacional Sub-17 femenina viajar\u00e1 este martes, 10 de septiembre, en horas de la ma\u00f1ana, a la ciudad de Asunci\u00f3n, Paraguay, a disputar el Sudamericano de la categor\u00eda que se celebrar\u00e1 del 12 al 29 de septiembre y otorgar\u00e1 tres cupos al Mundial de Costa Rica 2014.<\/p>\n<p style=\"text-align: justify;\">Las Vinotinto, dirigidas por el paname\u00f1o Kenneth Zseremeta, supieron aprovechar la reprogramaci\u00f3n de la competencia y trabajaron por m\u00e1s de 40 d\u00edas en la ciudad de M\u00e9rida para ajustar todos los detalles, f\u00edsicos, t\u00e9cnicos y psicol\u00f3gicos que les permitir\u00e1n tener una destacada actuaci\u00f3n en el Torneo Regional.<\/p>\n<p style=\"text-align: justify;\">En horas de la ma\u00f1ana de hoy, Laureano Gonz\u00e1lez, Vicepresidente de la Federaci\u00f3n Venezolana de F\u00fatbol, acompa\u00f1ado del Seleccionador Nacional Femenino y el Presidente de la Delegaci\u00f3n, Bernardo Segovia, presentaron a las 22 jugadoras a la prensa y les dirigieron palabras de respaldo a el trabajo que han realizado previo al Sudamericano.<\/p>\n<p style=\"text-align: justify;\"><strong>\u201cEstamos muy contentos con la preparaci\u00f3n que ha tenido este grupo y tenemos la convicci\u00f3n de que har\u00e1n un buen papel en la competencia, ser\u00eda un gran orgullo para esta Federaci\u00f3n y para toda Venezuela que este equipo reeditar\u00e1 lo ya conseguido por el profesor Zseremeta en 2010 y pudi\u00e9ramos volver a decir presentes en una Copa del Mundo femenina\u201d<\/strong> dijo Laureano Gonz\u00e1lez.<\/p>\n<p style=\"text-align: justify;\">Por su parte el DT Vinotinto dej\u00f3 en claro que la oncena nacional cuenta con todas las condiciones para conseguir uno de los tres boletos a Costa Rica <strong>\u201cHemos tenido una excelente preparaci\u00f3n y las muchachas est\u00e1n claras con el objetivo, tenemos un grupo bien fuerte y compacto que har\u00e1 buenos partidos y nos permitir\u00e1 pelear uno de esos tres cupos\u201d<\/strong> solt\u00f3 Szeremeta.<\/p>\n<p style=\"text-align: justify;\">Venezuela participar\u00e1 en el grupo B del Torneo junto a Colombia, Brasil, Ecuador y Uruguay, y jugar\u00e1 todos los partidos de la primera ronda en la cancha del Club Sportivo Luque\u00f1o.<\/p>\n<p style=\"text-align: justify;\"><strong>Las 22 jugadoras que vestir\u00e1n la camiseta Vinotinto en el Torneo regional son:<\/strong> Alexa Castro, Lourdes Moreno (Potros FC), Ver\u00f3nica Herrera, Mar\u00eda Bofanti, Mar\u00eda Garc\u00eda (Caracas FC), Sandra Luzardo (Country Club) Neyli Carrasquel (Cachimbos), Daniuska Rodr\u00edguez, Angely Carre\u00f1o (San Diego), Michelle Romero (Aso. Zulia), Yosneydi Zambrano, Rosmarvic Moleiro (FUCEVA), Yorgelis Monterroza (Ind. La Fr\u00eda) Deyna Castellanos (C) (Escuela Juan Arango), Gabriela Garc\u00eda (Estudiantes de Gu\u00e1rico), Franyely Rodr\u00edguez (Sport Valencia), Nayluisa C\u00e1ceres (SC FVF), Aydemar P\u00e9rez (M\u00e1ximo Viloria), Hilaris Villarroel, Alexandra Canaguacan (Mikey Sport), B\u00e1rbara Serrano, Tonny Pereira (UCV).<\/p>\n<p style=\"text-align: center;\"><img decoding=\"async\" alt=\"http:\/\/gradadigital.com\/home\/wp-content\/uploads\/2013\/09\/seleccion_femenina_sub17_vemezuela_vinotinto_06092013.JPG\" src=\"http:\/\/gradadigital.com\/home\/wp-content\/uploads\/2013\/09\/seleccion_femenina_sub17_vemezuela_vinotinto_06092013.JPG\" \/><\/p>\n","protected":false},"excerpt":{"rendered":"<p>Prensa FVF, Caracas. &#8211; La Selecci\u00f3n Nacional Sub-17 femenina viajar\u00e1 este martes, 10 de septiembre, en horas de la ma\u00f1ana, a la ciudad de Asunci\u00f3n, Paraguay, a disputar el Sudamericano de la categor\u00eda que se celebrar\u00e1 del 12 al 29 de septiembre y otorgar\u00e1 tres cupos al Mundial de Costa Rica 2014. Las Vinotinto, dirigidas &#8230;<\/p>\n","protected":false},"author":3,"featured_media":4893,"comment_status":"closed","ping_status":"closed","sticky":false,"template":"","format":"standard","meta":{"footnotes":""},"categories":[41,26,3],"tags":[],"class_list":["post-4598","post","type-post","status-publish","format-standard","has-post-thumbnail","hentry","category-futbol-femenino","category-seleccion-femenina","category-seleccion-nacional"],"_links":{"self":[{"href":"http:\/\/gradadigital.com\/home\/wp-json\/wp\/v2\/posts\/4598","targetHints":{"allow":["GET"]}}],"collection":[{"href":"http:\/\/gradadigital.com\/home\/wp-json\/wp\/v2\/posts"}],"about":[{"href":"http:\/\/gradadigital.com\/home\/wp-json\/wp\/v2\/types\/post"}],"author":[{"embeddable":true,"href":"http:\/\/gradadigital.com\/home\/wp-json\/wp\/v2\/users\/3"}],"replies":[{"embeddable":true,"href":"http:\/\/gradadigital.com\/home\/wp-json\/wp\/v2\/comments?post=4598"}],"version-history":[{"count":2,"href":"http:\/\/gradadigital.com\/home\/wp-json\/wp\/v2\/posts\/4598\/revisions"}],"predecessor-version":[{"id":4602,"href":"http:\/\/gradadigital.com\/home\/wp-json\/wp\/v2\/posts\/4598\/revisions\/4602"}],"wp:featuredmedia":[{"embeddable":true,"href":"http:\/\/gradadigital.com\/home\/wp-json\/wp\/v2\/media\/4893"}],"wp:attachment":[{"href":"http:\/\/gradadigital.com\/home\/wp-json\/wp\/v2\/media?parent=4598"}],"wp:term":[{"taxonomy":"category","embeddable":true,"href":"http:\/\/gradadigital.com\/home\/wp-json\/wp\/v2\/categories?post=4598"},{"taxonomy":"post_tag","embeddable":true,"href":"http:\/\/gradadigital.com\/home\/wp-json\/wp\/v2\/tags?post=4598"}],"curies":[{"name":"wp","href":"https:\/\/api.w.org\/{rel}","templated":true}]}}