{"id":4503,"date":"2013-09-05T12:27:35","date_gmt":"2013-09-05T16:57:35","guid":{"rendered":"http:\/\/gradadigital.com\/home\/?p=4503"},"modified":"2013-09-05T22:37:19","modified_gmt":"2013-09-06T03:07:19","slug":"video-declaraciones-los-vinotintos-optimistas-en-chile","status":"publish","type":"post","link":"http:\/\/gradadigital.com\/home\/video-declaraciones-los-vinotintos-optimistas-en-chile\/","title":{"rendered":"VIDEO [DECLARACIONES] | Los \u00abVinotintos\u00bb optimistas en Chile"},"content":{"rendered":"<p style=\"text-align: center;\"><iframe loading=\"lazy\" width=\"682\" height=\"348\" src=\"http:\/\/www.youtube.com\/embed\/8amyjUh6tHU?rel=0\" frameborder=\"0\" allowfullscreen><\/iframe>\n<p style=\"text-align: justify;\"><strong>GradaDigital.com, Santiago de Chile. &#8211;<\/strong> En San Carlos de Apoquindo, hacia la zona norte de Santiago, la selecci\u00f3n de Venezuela se hizo presente en las instalaciones de la Universidad Cat\u00f3lica. All\u00ed trabajaron durante la tarde\/noche del d\u00eda mi\u00e9rcoles, para que posteriormente, en medio de la incomodidad, jugadores del seleccionado nacional brindaran sus opiniones a los medios de prensa.<\/p>\n<p style=\"text-align: justify;\"><strong>GradaDigital<\/strong> recogi\u00f3 las voces de los protagonistas \u201cVinotintos\u201d. <strong>\u00a1Mira el video y escucha sus declaraciones!<\/strong><\/p>\n","protected":false},"excerpt":{"rendered":"<p>GradaDigital.com, Santiago de Chile. &#8211; En San Carlos de Apoquindo, hacia la zona norte de Santiago, la selecci\u00f3n de Venezuela se hizo presente en las instalaciones de la Universidad Cat\u00f3lica. All\u00ed trabajaron durante la tarde\/noche del d\u00eda mi\u00e9rcoles, para que posteriormente, en medio de la incomodidad, jugadores del seleccionado nacional brindaran sus opiniones a los &#8230;<\/p>\n","protected":false},"author":4,"featured_media":4512,"comment_status":"closed","ping_status":"closed","sticky":false,"template":"","format":"standard","meta":{"footnotes":""},"categories":[27,40,3],"tags":[],"class_list":["post-4503","post","type-post","status-publish","format-standard","has-post-thumbnail","hentry","category-video","category-seleccion-nacional-mayores","category-seleccion-nacional"],"_links":{"self":[{"href":"http:\/\/gradadigital.com\/home\/wp-json\/wp\/v2\/posts\/4503","targetHints":{"allow":["GET"]}}],"collection":[{"href":"http:\/\/gradadigital.com\/home\/wp-json\/wp\/v2\/posts"}],"about":[{"href":"http:\/\/gradadigital.com\/home\/wp-json\/wp\/v2\/types\/post"}],"author":[{"embeddable":true,"href":"http:\/\/gradadigital.com\/home\/wp-json\/wp\/v2\/users\/4"}],"replies":[{"embeddable":true,"href":"http:\/\/gradadigital.com\/home\/wp-json\/wp\/v2\/comments?post=4503"}],"version-history":[{"count":3,"href":"http:\/\/gradadigital.com\/home\/wp-json\/wp\/v2\/posts\/4503\/revisions"}],"predecessor-version":[{"id":4527,"href":"http:\/\/gradadigital.com\/home\/wp-json\/wp\/v2\/posts\/4503\/revisions\/4527"}],"wp:featuredmedia":[{"embeddable":true,"href":"http:\/\/gradadigital.com\/home\/wp-json\/wp\/v2\/media\/4512"}],"wp:attachment":[{"href":"http:\/\/gradadigital.com\/home\/wp-json\/wp\/v2\/media?parent=4503"}],"wp:term":[{"taxonomy":"category","embeddable":true,"href":"http:\/\/gradadigital.com\/home\/wp-json\/wp\/v2\/categories?post=4503"},{"taxonomy":"post_tag","embeddable":true,"href":"http:\/\/gradadigital.com\/home\/wp-json\/wp\/v2\/tags?post=4503"}],"curies":[{"name":"wp","href":"https:\/\/api.w.org\/{rel}","templated":true}]}}