{"id":4394,"date":"2013-09-02T11:02:10","date_gmt":"2013-09-02T15:32:10","guid":{"rendered":"http:\/\/gradadigital.com\/home\/?p=4394"},"modified":"2013-09-02T11:03:22","modified_gmt":"2013-09-02T15:33:22","slug":"video-ronaldo-pena-trabajo-dia-a-dia-para-ser-el-mejor","status":"publish","type":"post","link":"http:\/\/gradadigital.com\/home\/video-ronaldo-pena-trabajo-dia-a-dia-para-ser-el-mejor\/","title":{"rendered":"+VIDEO | Ronaldo Pe\u00f1a: \u00abTrabajo d\u00eda a d\u00eda para ser el mejor\u00bb"},"content":{"rendered":"<p style=\"text-align: center;\"><iframe loading=\"lazy\" width=\"682\" height=\"348\" src=\"http:\/\/www.youtube.com\/embed\/lepde7mhUNk?rel=0\" frameborder=\"0\" allowfullscreen><\/iframe>\n<p style=\"text-align: justify;\"><strong>GradaDigital.com &#8211;<\/strong> El delantero de la Selecci\u00f3n Nacional de Venezuela Sub-17, Ronaldo Pe\u00f1a, sigue viviendo grandes momentos en su joven carrera como futbolista. El criollo debut\u00f3 con el primer equipo del Caracas FC, y ya se integr\u00f3 a la \u201cVinotinto\u201d pensando en el Mundial de Emiratos \u00c1rabes Unidos.<\/p>\n<p style=\"text-align: justify;\"><strong>\u201cEs el mejor equipo de Venezuela\u201d<\/strong>, describi\u00f3 Pe\u00f1a al referirse al club donde debut\u00f3 ante la confianza de Eduardo Sarag\u00f3.<strong> \u201cEstoy contento por todo lo que me pasa ahora. Se me aceler\u00f3 el coraz\u00f3n cuando iba a entrar y dije que esta es mi oportunidad\u201d<\/strong>, a\u00f1adi\u00f3.<\/p>\n<p style=\"text-align: justify;\">Pe\u00f1a siempre ha llevado la misma consigna en cada entrevista desde que la Selecci\u00f3n concret\u00f3 su pase al mundial. <strong>\u201cTenemos el sue\u00f1o de ser campeones del mundo\u201d,<\/strong> expres\u00f3 con determinaci\u00f3n, quien asegura que <strong>\u201cel f\u00fatbol te hace madurar mucho, y yo he madurado demasiado. Muchos me dicen que no me enserie tanto. Que disfrute el momento, pero yo soy serio. Trabajo d\u00eda a d\u00eda para ser el mejor\u201d.<\/strong><\/p>\n<p style=\"text-align: center;\"><img loading=\"lazy\" decoding=\"async\" class=\"alignnone size-full wp-image-4189\" alt=\"ronaldo_pena_ucv_caracas_28082013\" src=\"http:\/\/gradadigital.com\/home\/wp-content\/uploads\/2013\/08\/ronaldo_pena_ucv_caracas_28082013.jpg\" width=\"596\" height=\"346\" srcset=\"http:\/\/gradadigital.com\/home\/wp-content\/uploads\/2013\/08\/ronaldo_pena_ucv_caracas_28082013.jpg 596w, http:\/\/gradadigital.com\/home\/wp-content\/uploads\/2013\/08\/ronaldo_pena_ucv_caracas_28082013-300x174.jpg 300w\" sizes=\"auto, (max-width: 596px) 100vw, 596px\" \/><\/p>\n<p style=\"text-align: justify;\">Ronaldo Pe\u00f1a ahora convive con un look diferente al habitual. Bautizado por su compa\u00f1ero Alain Baroja al estrenarse en el primer equipo, el jugador entre risas explic\u00f3 que estaba <strong>\u201cmolesto porque nunca me hab\u00eda visto pel\u00f3n, pero esto es parte del f\u00fatbol. Todos estaban callados. En el camerino todos se pusieron la m\u00e1scara\u201d.<\/strong> Pe\u00f1a tuvo menci\u00f3n para aquellos que lo han ayudado en su progreso dentro del primer plantel: \u201cPomponio\u201d Morales, Dany Febles, R\u00f3mulo Otero, Rolando Bello, entre otros.<\/p>\n<p style=\"text-align: justify;\">Por lo pronto, el jugador se uni\u00f3 al grupo de trabajo dirigido por Rafael Dudamel. <strong>\u201cSer\u00e1 muy exigente porque todo el pa\u00eds te est\u00e1 viendo\u201d.<\/strong><\/p>\n<p><em><strong>\u00a1Mira el video con todo el resto de las declaraciones del jugador Vinotinto!<\/strong><\/em><\/p>\n","protected":false},"excerpt":{"rendered":"<p>GradaDigital.com &#8211; El delantero de la Selecci\u00f3n Nacional de Venezuela Sub-17, Ronaldo Pe\u00f1a, sigue viviendo grandes momentos en su joven carrera como futbolista. El criollo debut\u00f3 con el primer equipo del Caracas FC, y ya se integr\u00f3 a la \u201cVinotinto\u201d pensando en el Mundial de Emiratos \u00c1rabes Unidos. \u201cEs el mejor equipo de Venezuela\u201d, describi\u00f3 &#8230;<\/p>\n","protected":false},"author":4,"featured_media":4190,"comment_status":"closed","ping_status":"closed","sticky":false,"template":"","format":"standard","meta":{"footnotes":""},"categories":[27,9,5,31,39,3],"tags":[],"class_list":["post-4394","post","type-post","status-publish","format-standard","has-post-thumbnail","hentry","category-video","category-caracas-fc","category-futbol-nacional","category-primera-division","category-seleccion-nacional-juveniles","category-seleccion-nacional"],"_links":{"self":[{"href":"http:\/\/gradadigital.com\/home\/wp-json\/wp\/v2\/posts\/4394","targetHints":{"allow":["GET"]}}],"collection":[{"href":"http:\/\/gradadigital.com\/home\/wp-json\/wp\/v2\/posts"}],"about":[{"href":"http:\/\/gradadigital.com\/home\/wp-json\/wp\/v2\/types\/post"}],"author":[{"embeddable":true,"href":"http:\/\/gradadigital.com\/home\/wp-json\/wp\/v2\/users\/4"}],"replies":[{"embeddable":true,"href":"http:\/\/gradadigital.com\/home\/wp-json\/wp\/v2\/comments?post=4394"}],"version-history":[{"count":1,"href":"http:\/\/gradadigital.com\/home\/wp-json\/wp\/v2\/posts\/4394\/revisions"}],"predecessor-version":[{"id":4395,"href":"http:\/\/gradadigital.com\/home\/wp-json\/wp\/v2\/posts\/4394\/revisions\/4395"}],"wp:featuredmedia":[{"embeddable":true,"href":"http:\/\/gradadigital.com\/home\/wp-json\/wp\/v2\/media\/4190"}],"wp:attachment":[{"href":"http:\/\/gradadigital.com\/home\/wp-json\/wp\/v2\/media?parent=4394"}],"wp:term":[{"taxonomy":"category","embeddable":true,"href":"http:\/\/gradadigital.com\/home\/wp-json\/wp\/v2\/categories?post=4394"},{"taxonomy":"post_tag","embeddable":true,"href":"http:\/\/gradadigital.com\/home\/wp-json\/wp\/v2\/tags?post=4394"}],"curies":[{"name":"wp","href":"https:\/\/api.w.org\/{rel}","templated":true}]}}