{"id":4362,"date":"2013-09-01T23:05:32","date_gmt":"2013-09-02T03:35:32","guid":{"rendered":"http:\/\/gradadigital.com\/home\/?p=4362"},"modified":"2013-09-01T23:05:32","modified_gmt":"2013-09-02T03:35:32","slug":"el-caracas-sufrio-pero-logro-el-objetivo","status":"publish","type":"post","link":"http:\/\/gradadigital.com\/home\/el-caracas-sufrio-pero-logro-el-objetivo\/","title":{"rendered":"El Caracas sufri\u00f3 pero logr\u00f3 el objetivo"},"content":{"rendered":"<p style=\"text-align: center;\"><img loading=\"lazy\" decoding=\"async\" class=\"alignnone size-full wp-image-4045\" alt=\"javier_guarino_caracas_carabobo_25082013\" src=\"http:\/\/gradadigital.com\/home\/wp-content\/uploads\/2013\/08\/javier_guarino_caracas_carabobo_25082013.jpg\" width=\"596\" height=\"346\" srcset=\"http:\/\/gradadigital.com\/home\/wp-content\/uploads\/2013\/08\/javier_guarino_caracas_carabobo_25082013.jpg 596w, http:\/\/gradadigital.com\/home\/wp-content\/uploads\/2013\/08\/javier_guarino_caracas_carabobo_25082013-300x174.jpg 300w\" sizes=\"auto, (max-width: 596px) 100vw, 596px\" \/><br \/>\n<em>(Foto archivo)<\/em><\/p>\n<p style=\"text-align: justify;\"><strong>PRENSA CFC.-<\/strong> Caracas F\u00fatbol Club s\u00f3lo esper\u00f3 una semana para reencontrarse con la victoria y en el Estadio Ram\u00f3n Hern\u00e1ndez del El Vig\u00eda derrot\u00f3 al equipo local con marcador de 2 tantos por 1, en partido correspondiente a la cuarta fecha del torneo<br \/>\napertura 2013.<\/p>\n<p>Nada mejor que comenzar un partido con la ventaja y mucho m\u00e1s en un campo tan complicado. Caracas movi\u00f3 la pelota y en la primera jugada logr\u00f3 hilvanar una buena jugada colectiva que cont\u00f3 incluso con la participaci\u00f3n, directa e indirecta, de sus centrales y un centro al \u00e1rea encontr\u00f3 a Dany Cure que alcanz\u00f3 a hacer la diagonal para conectar de cabeza y decretar el 1-0 transcurridos apenas 10 segundos.<\/p>\n<p>L\u00f3gicamente, el equipo local trat\u00f3 de reaccionar de inmediato y el primer paso era controlar el bal\u00f3n, objetivo que por momentos alcanzaron hasta el punto de llegar con peligro a la puerta de un siempre atento Alain Baroja, quien respondi\u00f3 cada vez que fue exigido destacando un par de remates del brasile\u00f1o<br \/>\nFlavio (a los 13 minutos y otro a cinco del final).<\/p>\n<p>Los avile\u00f1os mantuvieron el orden t\u00e1ctico y trataron de explorar la velocidad, aunada a la verticalidad de su f\u00fatbol, para aprovechar los espacios generados por el rival pero falt\u00f3 la efectividad en el \u00faltimo cuarto de cancha. Robert Garc\u00e9s se convirti\u00f3 en el elegido por ocupar la vacante dejada por el sancionado Bladimir Morales y tuvo un partido correcto, parte de la sangre joven del equipo y que aprovecha las oportunidades que se presenten.<\/p>\n<p>Tras el descanso, Caracas estuvo cerca de repetir el libreto del primer tiempo y R\u00f3mulo Otero dispuso de una excelente oportunidad, pero su remate encontr\u00f3 la oposici\u00f3n del golero Adri\u00e1n Rodr\u00edguez. El tanto de la tranquilidad no tardar\u00eda en llegar y en la fracci\u00f3n 8 del complemento la ejecuci\u00f3n perfecta del contragolpe asoci\u00f3 a Otero y Guarino, demostrando el uruguayo su poder de<br \/>\ndefinici\u00f3n para decretar el 2-0.<\/p>\n<p>Lejos de estar definido el partido, Caracas sab\u00eda que restaba mucho por delante y trat\u00f3 de mantener el equilibrio en cancha ante un equipo platanero que jam\u00e1s tir\u00f3 la toalla e lo intent\u00f3 por distintas v\u00edas, encontrando su premio a los 74 minutos por intermedio de Darwin G\u00f3mez quien puso el 1-2, d\u00e1ndole suspenso al choque.<\/p>\n<p>Los dirigidos por Eduardo Sarag\u00f3 lograron mantenerse en pie y con un gran esfuerzo f\u00edsico garantizaron tres puntos valiosos, alcanzando la perfecci\u00f3n en dos visitas tan complicadas como \u00a0Guanare y El Vig\u00eda.<\/p>\n<p>El pr\u00f3ximo s\u00e1bado Caracas FC volver\u00e1 a la cancha para cumplir con el partido de vuelta ante la UCV por Copa Venezuela, luego del empate a cero de la ida.<\/p>\n<div style=\"text-align: center;\"><iframe loading=\"lazy\" src=\"http:\/\/gradadigital.com\/datafactory\/html\/venezuela\/ficha179748.html\" height=\"889\" width=\"694\" frameborder=\"0\" marginwidth=\"0\" marginheight=\"0\" scrolling=\"no\"><\/iframe><\/div>\n","protected":false},"excerpt":{"rendered":"<p>(Foto archivo) PRENSA CFC.- Caracas F\u00fatbol Club s\u00f3lo esper\u00f3 una semana para reencontrarse con la victoria y en el Estadio Ram\u00f3n Hern\u00e1ndez del El Vig\u00eda derrot\u00f3 al equipo local con marcador de 2 tantos por 1, en partido correspondiente a la cuarta fecha del torneo apertura 2013. Nada mejor que comenzar un partido con la &#8230;<\/p>\n","protected":false},"author":4,"featured_media":4045,"comment_status":"closed","ping_status":"closed","sticky":false,"template":"","format":"standard","meta":{"footnotes":""},"categories":[9,12,5,31],"tags":[],"class_list":["post-4362","post","type-post","status-publish","format-standard","has-post-thumbnail","hentry","category-caracas-fc","category-el-vigia-fc","category-futbol-nacional","category-primera-division"],"_links":{"self":[{"href":"http:\/\/gradadigital.com\/home\/wp-json\/wp\/v2\/posts\/4362","targetHints":{"allow":["GET"]}}],"collection":[{"href":"http:\/\/gradadigital.com\/home\/wp-json\/wp\/v2\/posts"}],"about":[{"href":"http:\/\/gradadigital.com\/home\/wp-json\/wp\/v2\/types\/post"}],"author":[{"embeddable":true,"href":"http:\/\/gradadigital.com\/home\/wp-json\/wp\/v2\/users\/4"}],"replies":[{"embeddable":true,"href":"http:\/\/gradadigital.com\/home\/wp-json\/wp\/v2\/comments?post=4362"}],"version-history":[{"count":2,"href":"http:\/\/gradadigital.com\/home\/wp-json\/wp\/v2\/posts\/4362\/revisions"}],"predecessor-version":[{"id":4668,"href":"http:\/\/gradadigital.com\/home\/wp-json\/wp\/v2\/posts\/4362\/revisions\/4668"}],"wp:featuredmedia":[{"embeddable":true,"href":"http:\/\/gradadigital.com\/home\/wp-json\/wp\/v2\/media\/4045"}],"wp:attachment":[{"href":"http:\/\/gradadigital.com\/home\/wp-json\/wp\/v2\/media?parent=4362"}],"wp:term":[{"taxonomy":"category","embeddable":true,"href":"http:\/\/gradadigital.com\/home\/wp-json\/wp\/v2\/categories?post=4362"},{"taxonomy":"post_tag","embeddable":true,"href":"http:\/\/gradadigital.com\/home\/wp-json\/wp\/v2\/tags?post=4362"}],"curies":[{"name":"wp","href":"https:\/\/api.w.org\/{rel}","templated":true}]}}