{"id":4306,"date":"2013-09-01T14:45:48","date_gmt":"2013-09-01T19:15:48","guid":{"rendered":"http:\/\/gradadigital.com\/home\/?p=4306"},"modified":"2013-09-01T14:48:35","modified_gmt":"2013-09-01T19:18:35","slug":"el-sr-ivan-arango-padre-de-juan-vive-con-orgullo-cada-paso-de-su-hijo-gracias-a-dios-le-gusto-el-futbol","status":"publish","type":"post","link":"http:\/\/gradadigital.com\/home\/el-sr-ivan-arango-padre-de-juan-vive-con-orgullo-cada-paso-de-su-hijo-gracias-a-dios-le-gusto-el-futbol\/","title":{"rendered":"El Sr. Iv\u00e1n Arango, padre de Juan, vive con orgullo cada paso de su hijo: \u00abGracias a Dios le gust\u00f3 el f\u00fatbol\u00bb"},"content":{"rendered":"<p style=\"text-align: center;\"><img loading=\"lazy\" decoding=\"async\" class=\"alignnone size-full wp-image-3519\" alt=\"juan_arango_ivan_arango_gladys_familia_arango_12082013\" src=\"http:\/\/gradadigital.com\/home\/wp-content\/uploads\/2013\/08\/juan_arango_ivan_arango_gladys_familia_arango_12082013.jpg\" width=\"596\" height=\"346\" srcset=\"http:\/\/gradadigital.com\/home\/wp-content\/uploads\/2013\/08\/juan_arango_ivan_arango_gladys_familia_arango_12082013.jpg 596w, http:\/\/gradadigital.com\/home\/wp-content\/uploads\/2013\/08\/juan_arango_ivan_arango_gladys_familia_arango_12082013-300x174.jpg 300w\" sizes=\"auto, (max-width: 596px) 100vw, 596px\" \/><br \/>\n<em>Juan Arango, junto a sus padres<\/em><\/p>\n<p style=\"text-align: justify;\"><strong>Miguel Vallenilla &#8211;<\/strong> El f\u00fatbol venezolano vive d\u00edas de nervios ante los juegos decisivos por la eliminatoria al Mundial de Brasil 2014. Los fan\u00e1ticos ponen sus esperanzas en la fe y confianza a los jugadores \u201cVinotintos\u201d de cara a los siguientes encuentros, y entre ellos, comandados por el capit\u00e1n de la selecci\u00f3n, Juan Arango.<\/p>\n<p style=\"text-align: justify;\">El mediocampista venezolano, viene a reunirse con su selecci\u00f3n tras disfrutar jornadas con goles en Alemania, siendo el m\u00e1s reciente el pasado s\u00e1bado ante el Werder Bremen para el triunfo del Monchengladbach. Juan es quiz\u00e1s, el jugador m\u00e1s importante que ha visto el f\u00fatbol venezolano, y en cada remate que sale de su \u201czurda bendita\u201d, llevan las grandes alegr\u00edas de un pa\u00eds que se vuelve futbolero. Pero todo tuvo un origen para el emblem\u00e1tico jugador de treinta y tres a\u00f1os, quien creci\u00f3 al lado de un bal\u00f3n de f\u00fatbol, con el entusiasmo de su familia, especialmente el de su padre.<\/p>\n<p style=\"text-align: justify;\"><strong>\u201cYo jugu\u00e9 profesionalmente. Es algo que viene en los genes, que a uno le naci\u00f3 eso\u201d<\/strong>, nos indic\u00f3 el se\u00f1or Iv\u00e1n Arango a <strong>GradaDigital<\/strong>, padre orgulloso del mediocampista \u201cVinotinto\u201d. <strong>\u201cLa familia de la se\u00f1ora tambi\u00e9n es futbolera\u201d,<\/strong> acot\u00f3 el padre, destacando que en casa de la se\u00f1ora Gladys, hubo futbolistas profesionales. <strong>\u201cMe imagino que eso influy\u00f3 en Juan\u201d.<\/strong><\/p>\n<p style=\"text-align: justify;\">El se\u00f1or Iv\u00e1n, a diferencia de su hijo, ten\u00eda sus virtudes en el pie derecho, y cada vez que hab\u00eda un encuentro de f\u00fatbol, su hijo lo acompa\u00f1aba. <strong>\u201cCuando yo jugaba lo llevaba muy ni\u00f1o, y siempre le gust\u00f3\u201d<\/strong>. Para \u00e9l, fue importante que a Juan le gustara esta disciplina. <strong>\u201cEste era un pa\u00eds de beisbol pero a \u00e9l le gust\u00f3 el f\u00fatbol; gracias a Dios\u201d<\/strong>.<\/p>\n<p style=\"text-align: justify;\">Con el tiempo, Juan fue desarrollando sus destrezas como futbolista, y se hizo un maestro en el mediocampo, como su padre. Tuvo su debut profesional en 1997 con apenas diecisiete a\u00f1os. <strong>\u201cFue uno de mis momentos de mayor alegr\u00eda\u201d<\/strong>, record\u00f3 el padre al revivir sus primeros minutos en cancha, que fueron bajo la direcci\u00f3n t\u00e9cnica de C\u00e9sar Far\u00edas en el Nueva C\u00e1diz. \u00a0<strong>\u201cLuego mi hijo lleg\u00f3 a la Primera Divisi\u00f3n\u201d<\/strong>, tras lograr el ascenso esa misma temporada.<\/p>\n<p style=\"text-align: justify;\">Los logros se fueron cosechando y siendo un importante curr\u00edculum en el jugador nacido en Maracay. Ahora llegar\u00eda la oportunidad de disputar el torneo venezolano con el Caracas FC. <strong>\u201cEn el Caracas el cambio le peg\u00f3 un poco. Ven\u00eda jugando y luego no tanto, pero mantuvo inculcado la perseverancia\u201d<\/strong>. Ese sacrificio por parte de Juan, lo hizo unas de las figuras del torneo local, adem\u00e1s de guiar al conjunto \u201cRojo\u201d a las semifinales de la Copa Merconorte.<\/p>\n<p style=\"text-align: justify;\">Mayores alegr\u00edas ven\u00edan en camino para la familia Arango, que ya disfrutaba las convocatorias que recib\u00eda joven Juan, a la selecci\u00f3n. El 29 de marzo del a\u00f1o 2000, debutar\u00eda oficialmente con la \u201cVinotinto\u201d ante Ecuador en la ciudad de Quito. Atr\u00e1s hab\u00eda dejado su estela en las selecciones juveniles que estuvieron en los sudamericanos de Argentina (1999) y Prol\u00edmpico de Brasil (2000).<\/p>\n<p style=\"text-align: justify;\">Tras destacar en el Caracas, llegar\u00eda la oportunidad de dar el salto al exterior, y all\u00ed nuevamente el se\u00f1or Iv\u00e1n vivir\u00eda con alegr\u00eda cada paso de su hijo. <strong>\u201cTodo se debe primero que todo la humildad, y luego lo futbol\u00edstico\u201d<\/strong>, destac\u00f3 el padre mientras recordaba el siguiente escal\u00f3n: <strong>\u201cSu salto a Espa\u00f1a, \u00a1imag\u00ednate!\u201d.<\/strong><\/p>\n<p style=\"text-align: justify;\">Iv\u00e1n hoy en d\u00eda vive cada gloria de Juan, con mucho optimismo, orgulloso de su hijo. Como todo padre, preocupado de que la vida sea para bien en los hijos, y es de esa manera, que sufri\u00f3 en Marzo del a\u00f1o 2005, cuando Arango recibi\u00f3 un duro golpe de su oponente Javi Navarro. <strong>\u201cEst\u00e1bamos en Venezuela y viajamos de urgencia. Tengo el video y m\u00e1s nunca lo he vuelto a ver. Fue un momento muy dram\u00e1tico\u201d.<\/strong><\/p>\n<p style=\"text-align: justify;\">Las temporadas han seguido marchando, y el criollo ahora marca sus goles en Alemania, y desde Venezuela recibe el apoyo familiar. <strong>\u201cLa familia vive muy pendiente de \u00e9l, tanto los que estamos aqu\u00ed como los que est\u00e1n en Colombia\u201d.<\/strong> Juan siempre que pisa su tierra, dedica tiempo a su hogar en Maracay. <strong>\u201cSiempre est\u00e1 en familia\u201d<\/strong>.<\/p>\n<p style=\"text-align: justify;\"><strong>Juan Arango: \u00ab\u00c9l desde peque\u00f1o siempre me ha apoyado\u00bb<br \/>\n<\/strong>Por su parte, el protagonista de cada sentimiento futbolero nacional, record\u00f3 la importancia que ha tenido su padre.<strong> \u00ab\u00c9l desde peque\u00f1o siempre me ha apoyado, ha sido importante en mi vida\u00bb. <\/strong>Recientemente Juan fue galardonado como el futbolista venezolano m\u00e1s destacado en el extranjero, y fue su padre quien recibi\u00f3 el premio.<strong> \u00abContent\u00edsimo de que \u00e9l lo recibiera, para que \u00e9l se sintiera parte de todo esto por todo su apoyo a m\u00ed\u00bb.<\/strong><\/p>\n<p style=\"text-align: justify;\">Tras un mes de no haber visto a su familia, aprovech\u00f3 en la \u00faltima cita de encuentro amistoso para reencontrarse con ellos. <strong>\u00abContento siempre de poder verlos\u00bb<\/strong>. Seguramente sus latidos se unir\u00e1n al de millones de venezolanos en las siguientes fechas por el sue\u00f1o mundialista.<\/p>\n","protected":false},"excerpt":{"rendered":"<p>Juan Arango, junto a sus padres Miguel Vallenilla &#8211; El f\u00fatbol venezolano vive d\u00edas de nervios ante los juegos decisivos por la eliminatoria al Mundial de Brasil 2014. Los fan\u00e1ticos ponen sus esperanzas en la fe y confianza a los jugadores \u201cVinotintos\u201d de cara a los siguientes encuentros, y entre ellos, comandados por el capit\u00e1n &#8230;<\/p>\n","protected":false},"author":4,"featured_media":3519,"comment_status":"closed","ping_status":"closed","sticky":false,"template":"","format":"standard","meta":{"footnotes":""},"categories":[36,4,40,3],"tags":[],"class_list":["post-4306","post","type-post","status-publish","format-standard","has-post-thumbnail","hentry","category-internacional","category-legionarios","category-seleccion-nacional-mayores","category-seleccion-nacional"],"_links":{"self":[{"href":"http:\/\/gradadigital.com\/home\/wp-json\/wp\/v2\/posts\/4306","targetHints":{"allow":["GET"]}}],"collection":[{"href":"http:\/\/gradadigital.com\/home\/wp-json\/wp\/v2\/posts"}],"about":[{"href":"http:\/\/gradadigital.com\/home\/wp-json\/wp\/v2\/types\/post"}],"author":[{"embeddable":true,"href":"http:\/\/gradadigital.com\/home\/wp-json\/wp\/v2\/users\/4"}],"replies":[{"embeddable":true,"href":"http:\/\/gradadigital.com\/home\/wp-json\/wp\/v2\/comments?post=4306"}],"version-history":[{"count":3,"href":"http:\/\/gradadigital.com\/home\/wp-json\/wp\/v2\/posts\/4306\/revisions"}],"predecessor-version":[{"id":4308,"href":"http:\/\/gradadigital.com\/home\/wp-json\/wp\/v2\/posts\/4306\/revisions\/4308"}],"wp:featuredmedia":[{"embeddable":true,"href":"http:\/\/gradadigital.com\/home\/wp-json\/wp\/v2\/media\/3519"}],"wp:attachment":[{"href":"http:\/\/gradadigital.com\/home\/wp-json\/wp\/v2\/media?parent=4306"}],"wp:term":[{"taxonomy":"category","embeddable":true,"href":"http:\/\/gradadigital.com\/home\/wp-json\/wp\/v2\/categories?post=4306"},{"taxonomy":"post_tag","embeddable":true,"href":"http:\/\/gradadigital.com\/home\/wp-json\/wp\/v2\/tags?post=4306"}],"curies":[{"name":"wp","href":"https:\/\/api.w.org\/{rel}","templated":true}]}}