{"id":4286,"date":"2013-09-01T09:21:47","date_gmt":"2013-09-01T13:51:47","guid":{"rendered":"http:\/\/gradadigital.com\/home\/?p=4286"},"modified":"2013-09-13T12:20:54","modified_gmt":"2013-09-13T16:50:54","slug":"videos-josef-martinez-consiguio-par-de-golazos-en-suiza","status":"publish","type":"post","link":"http:\/\/gradadigital.com\/home\/videos-josef-martinez-consiguio-par-de-golazos-en-suiza\/","title":{"rendered":"+VIDEOS\/FOTOS | Josef Mart\u00ednez consigui\u00f3 par de golazos en Suiza"},"content":{"rendered":"<p style=\"text-align: center;\"><em><iframe loading=\"lazy\" width=\"682\" height=\"348\" src=\"http:\/\/www.youtube.com\/embed\/ZpQJbrtqm9c?rel=0\" frameborder=\"0\" allowfullscreen><\/iframe>\n<\/em><\/p>\n<p style=\"text-align: justify;\"><strong>GradaDigial.com &#8211;<\/strong> En una gran jornada llena de goles por parte de los Legionarios, el delantero \u00abVinotinto\u00bb, Josef Mart\u00ednez, logr\u00f3 marcar dos goles m\u00e1s en su cuenta personal, para el triunfo del FC Thun ante el FC Lausanne-Sport por la Super Liga de Suiza, y as\u00ed conseguir tres puntos que ubican al equipo del criollo en la octava casilla tras vencer 4-1.<\/p>\n<p style=\"text-align: justify;\">Josef marc\u00f3 dos golazos al minuto 62&#8242; y 79&#8242;, para as\u00ed llegar a seis dianas en el torneo suizo, y convertirse por los momentos en el m\u00e1ximo goleador de la competici\u00f3n. <strong>\u00a1Mira sus goles en video!<\/strong><\/p>\n<p style=\"text-align: center;\"><strong>FOTOS<br \/>\n<img loading=\"lazy\" decoding=\"async\" alt=\"josef_martinez_thun_lausanne_01092013\" src=\"http:\/\/gradadigital.com\/home\/wp-content\/uploads\/2013\/09\/josef_martinez_thun_lausanne_01092013.jpg\" width=\"596\" height=\"346\" \/><br \/>\n<\/strong><\/p>\n<p style=\"text-align: center;\"><strong><img decoding=\"async\" alt=\"http:\/\/gradadigital.com\/home\/wp-content\/uploads\/2013\/09\/josef_martinez_thun_lausanne_01092013_5.jpg\" src=\"http:\/\/gradadigital.com\/home\/wp-content\/uploads\/2013\/09\/josef_martinez_thun_lausanne_01092013_5.jpg\" \/><br \/>\n<\/strong><\/p>\n<p style=\"text-align: center;\"><img loading=\"lazy\" decoding=\"async\" class=\"alignnone size-full wp-image-4289\" alt=\"josef_martinez_thun_lausanne_01092013_3\" src=\"http:\/\/gradadigital.com\/home\/wp-content\/uploads\/2013\/09\/josef_martinez_thun_lausanne_01092013_3.jpg\" width=\"397\" height=\"596\" srcset=\"http:\/\/gradadigital.com\/home\/wp-content\/uploads\/2013\/09\/josef_martinez_thun_lausanne_01092013_3.jpg 397w, http:\/\/gradadigital.com\/home\/wp-content\/uploads\/2013\/09\/josef_martinez_thun_lausanne_01092013_3-199x300.jpg 199w\" sizes=\"auto, (max-width: 397px) 100vw, 397px\" \/><\/p>\n<p style=\"text-align: center;\"><img loading=\"lazy\" decoding=\"async\" class=\"alignnone size-full wp-image-4290\" alt=\"josef_martinez_thun_lausanne_01092013_2\" src=\"http:\/\/gradadigital.com\/home\/wp-content\/uploads\/2013\/09\/josef_martinez_thun_lausanne_01092013_2.jpg\" width=\"596\" height=\"346\" srcset=\"http:\/\/gradadigital.com\/home\/wp-content\/uploads\/2013\/09\/josef_martinez_thun_lausanne_01092013_2.jpg 596w, http:\/\/gradadigital.com\/home\/wp-content\/uploads\/2013\/09\/josef_martinez_thun_lausanne_01092013_2-300x174.jpg 300w\" sizes=\"auto, (max-width: 596px) 100vw, 596px\" \/><\/p>\n<p><b>Goles de Josef Mart\u00ednez c<\/b><b>on el\u00a0FC Thun <\/b><b>esta temporada:<\/b><\/p>\n<table border=\"0\">\n<tbody>\n<tr>\n<td style=\"text-align: center;\"><b>Fecha<\/b><\/td>\n<td style=\"text-align: center;\"><b>Competici\u00f3n<\/b><\/td>\n<td><b>Jornada<\/b><\/td>\n<td><\/td>\n<td style=\"text-align: center;\"><b>Partido<\/b><\/td>\n<td style=\"text-align: left;\"><\/td>\n<td style=\"text-align: center;\"><b>Goles<\/b><\/td>\n<\/tr>\n<tr>\n<td style=\"text-align: center;\">14\/07\/2013<br \/>\n21\/07\/2013<br \/>\n28\/07\/2013<br \/>\n11\/08\/2013<br \/>\n18\/08\/2013<br \/>\n01\/09\/2013<\/td>\n<td style=\"text-align: center;\">Super Liga Suiza<br \/>\nSuper Liga Suiza<br \/>\nSuper Liga Suiza<br \/>\nSuper Liga Suiza<br \/>\nCopa de Suiza<br \/>\nSuper Liga Suiza<\/td>\n<td style=\"text-align: center;\">1<br \/>\n2<br \/>\n3<br \/>\n5<br \/>\n1ra Ronda<br \/>\n7<\/td>\n<td style=\"text-align: right;\"><a href=\"http:\/\/gradadigital.com\/home\/video-mira-el-gran-gol-de-josef-martinez-en-suiza\/\" target=\"_blank\">FC Z\u00fcrich<\/a><br \/>\n<a href=\"http:\/\/gradadigital.com\/home\/video-de-cabeza-el-gran-gol-de-josef-martinez-para-darle-el-triunfo-a-su-equipo-en-suiza\/\" target=\"_blank\">FC Thun<\/a><br \/>\n<a href=\"http:\/\/gradadigital.com\/home\/videofotos-josef-martinez-y-otro-golazo-en-suiza\/\" target=\"_blank\">BSC Young Boys<\/a><br \/>\n<a href=\"http:\/\/gradadigital.com\/home\/videofoto-josef-martinez-sigue-rompiendo-las-redes-en-suiza\/\" target=\"_blank\">FC Thun<\/a><br \/>\nFC Echallens<br \/>\n<a href=\"http:\/\/gradadigital.com\/home\/videos-josef-martinez-consiguio-par-de-golazos-en-suiza\/\" target=\"_blank\">FC Thun<\/a><\/td>\n<td style=\"text-align: center;\"><a href=\"http:\/\/gradadigital.com\/home\/video-mira-el-gran-gol-de-josef-martinez-en-suiza\/\" target=\"_blank\">3-2<\/a><br \/>\n<a href=\"http:\/\/gradadigital.com\/home\/video-de-cabeza-el-gran-gol-de-josef-martinez-para-darle-el-triunfo-a-su-equipo-en-suiza\/\" target=\"_blank\">3-2<\/a><br \/>\n<a href=\"http:\/\/gradadigital.com\/home\/videofotos-josef-martinez-y-otro-golazo-en-suiza\/\" target=\"_blank\">3-2<\/a><br \/>\n<a href=\"http:\/\/gradadigital.com\/home\/videofoto-josef-martinez-sigue-rompiendo-las-redes-en-suiza\/\" target=\"_blank\">1-1<\/a><br \/>\n1-3<br \/>\n<a href=\"http:\/\/gradadigital.com\/home\/videos-josef-martinez-consiguio-par-de-golazos-en-suiza\/\" target=\"_blank\">4-1<\/a><\/td>\n<td style=\"text-align: left;\"><a href=\"http:\/\/gradadigital.com\/home\/video-mira-el-gran-gol-de-josef-martinez-en-suiza\/\" target=\"_blank\">FC Thun<\/a><br \/>\n<a href=\"http:\/\/gradadigital.com\/home\/video-de-cabeza-el-gran-gol-de-josef-martinez-para-darle-el-triunfo-a-su-equipo-en-suiza\/\" target=\"_blank\">FC St. Gallen<\/a><br \/>\n<a href=\"http:\/\/gradadigital.com\/home\/videofotos-josef-martinez-y-otro-golazo-en-suiza\/\" target=\"_blank\">FC Thun<\/a><br \/>\n<a href=\"http:\/\/gradadigital.com\/home\/videofoto-josef-martinez-sigue-rompiendo-las-redes-en-suiza\/\" target=\"_blank\">FC Luzern<\/a><br \/>\nFC Thun<br \/>\n<a href=\"http:\/\/gradadigital.com\/home\/videos-josef-martinez-consiguio-par-de-golazos-en-suiza\/\" target=\"_blank\">FC Lausanne Sport<\/a><\/td>\n<td style=\"text-align: center;\"><a href=\"http:\/\/gradadigital.com\/home\/video-mira-el-gran-gol-de-josef-martinez-en-suiza\/\" target=\"_blank\"><strong>1<\/strong><\/a><br \/>\n<a href=\"http:\/\/gradadigital.com\/home\/video-de-cabeza-el-gran-gol-de-josef-martinez-para-darle-el-triunfo-a-su-equipo-en-suiza\/\" target=\"_blank\"><strong> 1<\/strong><\/a><br \/>\n<a href=\"http:\/\/gradadigital.com\/home\/videofotos-josef-martinez-y-otro-golazo-en-suiza\/\" target=\"_blank\"><strong> 1<\/strong><\/a><a href=\"http:\/\/gradadigital.com\/home\/videofoto-josef-martinez-sigue-rompiendo-las-redes-en-suiza\/\" target=\"_blank\"><strong><br \/>\n1<br \/>\n<\/strong><\/a><strong>1<\/strong><br \/>\n<a href=\"http:\/\/gradadigital.com\/home\/videos-josef-martinez-consiguio-par-de-golazos-en-suiza\/\" target=\"_blank\"><strong> 2<\/strong><b><br \/>\n<\/b><\/a><\/td>\n<\/tr>\n<\/tbody>\n<\/table>\n","protected":false},"excerpt":{"rendered":"<p>GradaDigial.com &#8211; En una gran jornada llena de goles por parte de los Legionarios, el delantero \u00abVinotinto\u00bb, Josef Mart\u00ednez, logr\u00f3 marcar dos goles m\u00e1s en su cuenta personal, para el triunfo del FC Thun ante el FC Lausanne-Sport por la Super Liga de Suiza, y as\u00ed conseguir tres puntos que ubican al equipo del criollo &#8230;<\/p>\n","protected":false},"author":4,"featured_media":4291,"comment_status":"closed","ping_status":"closed","sticky":false,"template":"","format":"standard","meta":{"footnotes":""},"categories":[43,27,36,4],"tags":[],"class_list":["post-4286","post","type-post","status-publish","format-standard","has-post-thumbnail","hentry","category-fotos","category-video","category-internacional","category-legionarios"],"_links":{"self":[{"href":"http:\/\/gradadigital.com\/home\/wp-json\/wp\/v2\/posts\/4286","targetHints":{"allow":["GET"]}}],"collection":[{"href":"http:\/\/gradadigital.com\/home\/wp-json\/wp\/v2\/posts"}],"about":[{"href":"http:\/\/gradadigital.com\/home\/wp-json\/wp\/v2\/types\/post"}],"author":[{"embeddable":true,"href":"http:\/\/gradadigital.com\/home\/wp-json\/wp\/v2\/users\/4"}],"replies":[{"embeddable":true,"href":"http:\/\/gradadigital.com\/home\/wp-json\/wp\/v2\/comments?post=4286"}],"version-history":[{"count":8,"href":"http:\/\/gradadigital.com\/home\/wp-json\/wp\/v2\/posts\/4286\/revisions"}],"predecessor-version":[{"id":4898,"href":"http:\/\/gradadigital.com\/home\/wp-json\/wp\/v2\/posts\/4286\/revisions\/4898"}],"wp:featuredmedia":[{"embeddable":true,"href":"http:\/\/gradadigital.com\/home\/wp-json\/wp\/v2\/media\/4291"}],"wp:attachment":[{"href":"http:\/\/gradadigital.com\/home\/wp-json\/wp\/v2\/media?parent=4286"}],"wp:term":[{"taxonomy":"category","embeddable":true,"href":"http:\/\/gradadigital.com\/home\/wp-json\/wp\/v2\/categories?post=4286"},{"taxonomy":"post_tag","embeddable":true,"href":"http:\/\/gradadigital.com\/home\/wp-json\/wp\/v2\/tags?post=4286"}],"curies":[{"name":"wp","href":"https:\/\/api.w.org\/{rel}","templated":true}]}}