{"id":4283,"date":"2013-09-01T09:06:40","date_gmt":"2013-09-01T13:36:40","guid":{"rendered":"http:\/\/gradadigital.com\/home\/?p=4283"},"modified":"2013-09-01T20:29:37","modified_gmt":"2013-09-02T00:59:37","slug":"video-salomon-rondon-logro-hat-trick-en-rusia","status":"publish","type":"post","link":"http:\/\/gradadigital.com\/home\/video-salomon-rondon-logro-hat-trick-en-rusia\/","title":{"rendered":"+VIDEO\/FOTOS | Salom\u00f3n Rond\u00f3n logr\u00f3 Hat-trick en Rusia"},"content":{"rendered":"<p style=\"text-align: center;\"><iframe loading=\"lazy\" width=\"682\" height=\"348\" src=\"http:\/\/www.youtube.com\/embed\/SdUPfSa9t6E?rel=0\" frameborder=\"0\" allowfullscreen><\/iframe>\n<p style=\"text-align: justify;\"><strong>GradaDigital.com &#8211;<\/strong> El delantero caraque\u00f1o, Jos\u00e9 Salom\u00f3n Rond\u00f3n, logr\u00f3 marcar tres tantos en el triunfo del Rubin Kazan ante el Ural por la\u00a0Liga Premier de Rusia. Sus tantos, en los minutos 17&#8242;, 55&#8242; y 75&#8242;. Este se convirti\u00f3 en el primer hat-trick del criollo en el f\u00fatbol europeo.\u00a0<strong>\u00a1Mira sus goles!<\/strong><\/p>\n<p style=\"text-align: center;\"><strong>FOTOS<br \/>\n<img decoding=\"async\" alt=\"http:\/\/gradadigital.com\/home\/wp-content\/uploads\/2013\/09\/salomon_rondon_ural_rubin_kazan_01092013_4.JPG\" src=\"http:\/\/gradadigital.com\/home\/wp-content\/uploads\/2013\/09\/salomon_rondon_ural_rubin_kazan_01092013_4.JPG\" \/><\/strong><\/p>\n<p style=\"text-align: center;\"><img decoding=\"async\" alt=\"http:\/\/gradadigital.com\/home\/wp-content\/uploads\/2013\/09\/salomon_rondon_ural_rubin_kazan_01092013_1.JPG\" src=\"http:\/\/gradadigital.com\/home\/wp-content\/uploads\/2013\/09\/salomon_rondon_ural_rubin_kazan_01092013_1.JPG\" \/><\/p>\n<p style=\"text-align: center;\"><img decoding=\"async\" alt=\"http:\/\/gradadigital.com\/home\/wp-content\/uploads\/2013\/09\/salomon_rondon_ural_rubin_kazan_01092013_5.JPG\" src=\"http:\/\/gradadigital.com\/home\/wp-content\/uploads\/2013\/09\/salomon_rondon_ural_rubin_kazan_01092013_5.JPG\" \/><\/p>\n<p style=\"text-align: center;\"><img decoding=\"async\" alt=\"http:\/\/gradadigital.com\/home\/wp-content\/uploads\/2013\/09\/salomon_rondon_ural_rubin_kazan_01092013.JPG\" src=\"http:\/\/gradadigital.com\/home\/wp-content\/uploads\/2013\/09\/salomon_rondon_ural_rubin_kazan_01092013.JPG\" \/><\/p>\n<p style=\"text-align: center;\"><img decoding=\"async\" alt=\"http:\/\/gradadigital.com\/home\/wp-content\/uploads\/2013\/09\/salomon_rondon_ural_rubin_kazan_01092013_2.JPG\" src=\"http:\/\/gradadigital.com\/home\/wp-content\/uploads\/2013\/09\/salomon_rondon_ural_rubin_kazan_01092013_2.JPG\" \/><\/p>\n<p style=\"text-align: center;\"><img decoding=\"async\" alt=\"http:\/\/gradadigital.com\/home\/wp-content\/uploads\/2013\/09\/salomon_rondon_ural_rubin_kazan_01092013_3.JPG\" src=\"http:\/\/gradadigital.com\/home\/wp-content\/uploads\/2013\/09\/salomon_rondon_ural_rubin_kazan_01092013_3.JPG\" \/><\/p>\n<p><b>Goles de Jos\u00e9 Salom\u00f3n Rond\u00f3n\u00a0<\/b><b>con el\u00a0Rubin Kazan <\/b><b>esta temporada:<\/b><\/p>\n<table border=\"0\">\n<tbody>\n<tr>\n<td style=\"text-align: center;\"><b>Fecha<\/b><\/td>\n<td style=\"text-align: center;\"><b>Competici\u00f3n<\/b><\/td>\n<td style=\"text-align: center;\"><b>Jornada<\/b><\/td>\n<td style=\"text-align: right;\"><\/td>\n<td style=\"text-align: center;\"><b>Partido<\/b><\/td>\n<td style=\"text-align: left;\"><\/td>\n<td style=\"text-align: center;\"><b>Goles<\/b><\/td>\n<\/tr>\n<tr>\n<td style=\"text-align: center;\">18\/07\/2013<br \/>\n21\/07\/2013<br \/>\n01\/08\/2013<br \/>\n22\/08\/2013<br \/>\n01\/09\/2013<\/td>\n<td style=\"text-align: center;\">UEFA Europa League<br \/>\nPremier League de Rusia<br \/>\nUEFA Europa League<br \/>\nUEFA Europa League<br \/>\nPremier League de Rusia<\/td>\n<td style=\"text-align: center;\">2da Ronda (Ida)<br \/>\n2<br \/>\n3ra Ronda (Ida)<br \/>\nPlayOff (Ida)<br \/>\n7<\/td>\n<td style=\"text-align: right;\"><a href=\"http:\/\/gradadigital.com\/home\/video-salomon-rondon-inicio-con-gol-la-europa-league\/\" target=\"_blank\">FK Jagodina<\/a><br \/>\n<a href=\"http:\/\/gradadigital.com\/home\/video-salomon-rondon-imbatible-gol-para-darle-el-triunfo-a-su-equipo\/\" target=\"_blank\">Rubin Kazan<\/a><br \/>\n<a href=\"http:\/\/gradadigital.com\/home\/video-salomon-logro-gran-definicion-para-nuevo-gol-en-la-europa-league\/\" target=\"_blank\">Randers FC<\/a><br \/>\n<a href=\"http:\/\/gradadigital.com\/home\/video-salomon-regateo-al-portero-y-concreto-golazo-en-europa-league\/\" target=\"_blank\">Molde FK<\/a><br \/>\n<a href=\"http:\/\/gradadigital.com\/home\/video-salomon-rondon-logro-hat-trick-en-rusia\/\" target=\"_blank\">Ural<\/a><\/td>\n<td style=\"text-align: center;\"><a href=\"http:\/\/gradadigital.com\/home\/video-salomon-rondon-inicio-con-gol-la-europa-league\/\" target=\"_blank\">2-3<\/a><br \/>\n<a href=\"http:\/\/gradadigital.com\/home\/video-salomon-rondon-imbatible-gol-para-darle-el-triunfo-a-su-equipo\/\" target=\"_blank\">2-1<\/a><br \/>\n<a href=\"http:\/\/gradadigital.com\/home\/video-salomon-logro-gran-definicion-para-nuevo-gol-en-la-europa-league\/\" target=\"_blank\">1-2<\/a><br \/>\n<a href=\"http:\/\/gradadigital.com\/home\/video-salomon-regateo-al-portero-y-concreto-golazo-en-europa-league\/\" target=\"_blank\">0-2<\/a><br \/>\n<a href=\"http:\/\/gradadigital.com\/home\/video-salomon-rondon-logro-hat-trick-en-rusia\/\" target=\"_blank\">0-3<\/a><\/td>\n<td><a href=\"http:\/\/gradadigital.com\/home\/video-salomon-rondon-inicio-con-gol-la-europa-league\/\" target=\"_blank\">Rubin Kazan<\/a><br \/>\n<a href=\"http:\/\/gradadigital.com\/home\/video-salomon-rondon-imbatible-gol-para-darle-el-triunfo-a-su-equipo\/\" target=\"_blank\">Zenit<\/a><br \/>\n<a href=\"http:\/\/gradadigital.com\/home\/video-salomon-logro-gran-definicion-para-nuevo-gol-en-la-europa-league\/\" target=\"_blank\">Rubin Kazan<\/a><br \/>\n<a href=\"http:\/\/gradadigital.com\/home\/video-salomon-regateo-al-portero-y-concreto-golazo-en-europa-league\/\" target=\"_blank\">Rubin Kazan<\/a><br \/>\n<a href=\"http:\/\/gradadigital.com\/home\/video-salomon-rondon-logro-hat-trick-en-rusia\/\" target=\"_blank\">Rubin Kazan<\/a><\/td>\n<td style=\"text-align: center;\"><strong><a href=\"http:\/\/gradadigital.com\/home\/video-salomon-rondon-inicio-con-gol-la-europa-league\/\" target=\"_blank\">1<\/a><\/strong><br \/>\n<strong> <a href=\"http:\/\/gradadigital.com\/home\/video-salomon-rondon-imbatible-gol-para-darle-el-triunfo-a-su-equipo\/\" target=\"_blank\">1<\/a><\/strong><br \/>\n<strong> <a href=\"http:\/\/gradadigital.com\/home\/video-salomon-logro-gran-definicion-para-nuevo-gol-en-la-europa-league\/\" target=\"_blank\">1<\/a><\/strong><br \/>\n<strong> <a href=\"http:\/\/gradadigital.com\/home\/video-salomon-regateo-al-portero-y-concreto-golazo-en-europa-league\/\" target=\"_blank\">2<\/a><\/strong><br \/>\n<strong> <a href=\"http:\/\/gradadigital.com\/home\/video-salomon-rondon-logro-hat-trick-en-rusia\/\" target=\"_blank\">3<\/a><\/strong><b><br \/>\n<\/b><\/td>\n<\/tr>\n<\/tbody>\n<\/table>\n","protected":false},"excerpt":{"rendered":"<p>GradaDigital.com &#8211; El delantero caraque\u00f1o, Jos\u00e9 Salom\u00f3n Rond\u00f3n, logr\u00f3 marcar tres tantos en el triunfo del Rubin Kazan ante el Ural por la\u00a0Liga Premier de Rusia. Sus tantos, en los minutos 17&#8242;, 55&#8242; y 75&#8242;. Este se convirti\u00f3 en el primer hat-trick del criollo en el f\u00fatbol europeo.\u00a0\u00a1Mira sus goles! FOTOS Goles de Jos\u00e9 Salom\u00f3n &#8230;<\/p>\n","protected":false},"author":4,"featured_media":4298,"comment_status":"closed","ping_status":"closed","sticky":false,"template":"","format":"standard","meta":{"footnotes":""},"categories":[43,27,36,4],"tags":[],"class_list":["post-4283","post","type-post","status-publish","format-standard","has-post-thumbnail","hentry","category-fotos","category-video","category-internacional","category-legionarios"],"_links":{"self":[{"href":"http:\/\/gradadigital.com\/home\/wp-json\/wp\/v2\/posts\/4283","targetHints":{"allow":["GET"]}}],"collection":[{"href":"http:\/\/gradadigital.com\/home\/wp-json\/wp\/v2\/posts"}],"about":[{"href":"http:\/\/gradadigital.com\/home\/wp-json\/wp\/v2\/types\/post"}],"author":[{"embeddable":true,"href":"http:\/\/gradadigital.com\/home\/wp-json\/wp\/v2\/users\/4"}],"replies":[{"embeddable":true,"href":"http:\/\/gradadigital.com\/home\/wp-json\/wp\/v2\/comments?post=4283"}],"version-history":[{"count":14,"href":"http:\/\/gradadigital.com\/home\/wp-json\/wp\/v2\/posts\/4283\/revisions"}],"predecessor-version":[{"id":4322,"href":"http:\/\/gradadigital.com\/home\/wp-json\/wp\/v2\/posts\/4283\/revisions\/4322"}],"wp:featuredmedia":[{"embeddable":true,"href":"http:\/\/gradadigital.com\/home\/wp-json\/wp\/v2\/media\/4298"}],"wp:attachment":[{"href":"http:\/\/gradadigital.com\/home\/wp-json\/wp\/v2\/media?parent=4283"}],"wp:term":[{"taxonomy":"category","embeddable":true,"href":"http:\/\/gradadigital.com\/home\/wp-json\/wp\/v2\/categories?post=4283"},{"taxonomy":"post_tag","embeddable":true,"href":"http:\/\/gradadigital.com\/home\/wp-json\/wp\/v2\/tags?post=4283"}],"curies":[{"name":"wp","href":"https:\/\/api.w.org\/{rel}","templated":true}]}}