{"id":4246,"date":"2013-08-30T22:32:37","date_gmt":"2013-08-31T03:02:37","guid":{"rendered":"http:\/\/gradadigital.com\/home\/?p=4246"},"modified":"2013-08-30T22:32:37","modified_gmt":"2013-08-31T03:02:37","slug":"tachira-visita-al-cd-lara-con-la-mision-de-sumar-los-tres-puntos","status":"publish","type":"post","link":"http:\/\/gradadigital.com\/home\/tachira-visita-al-cd-lara-con-la-mision-de-sumar-los-tres-puntos\/","title":{"rendered":"T\u00e1chira visita al CD Lara con la misi\u00f3n de sumar los tres puntos"},"content":{"rendered":"<p style=\"text-align: center;\"><a href=\"http:\/\/gradadigital.com\/home\/wp-content\/uploads\/2013\/08\/yohandry_orozco_urena_tachira_28082013_2.jpg\"><img loading=\"lazy\" decoding=\"async\" class=\"alignnone size-full wp-image-4203\" alt=\"yohandry_orozco_urena_tachira_28082013_2\" src=\"http:\/\/gradadigital.com\/home\/wp-content\/uploads\/2013\/08\/yohandry_orozco_urena_tachira_28082013_2.jpg\" width=\"596\" height=\"346\" srcset=\"http:\/\/gradadigital.com\/home\/wp-content\/uploads\/2013\/08\/yohandry_orozco_urena_tachira_28082013_2.jpg 596w, http:\/\/gradadigital.com\/home\/wp-content\/uploads\/2013\/08\/yohandry_orozco_urena_tachira_28082013_2-300x174.jpg 300w\" sizes=\"auto, (max-width: 596px) 100vw, 596px\" \/><\/a><\/p>\n<p style=\"text-align: justify;\"><b>Prensa Deportivo T\u00e1chira.-<\/b> El Deportivo T\u00e1chira F.C. sale nuevamente al ruedo, con la firmeza y convicci\u00f3n de mantener el buen arranque del Torneo Apertura 2013. Conquistar tres puntos ante el Club Deportivo Lara podr\u00e1 representar el asalto a la cima por parte del Carrusel Aurinegro.<\/p>\n<p style=\"text-align: justify;\">La exigente semana del combinado atigrado cierra con la visita a suelo larense, situaci\u00f3n sumamente compleja teniendo en cuenta que el equipo tachirense disputar\u00e1 su tercer encuentro en un periodo de seis d\u00edas.<\/p>\n<p style=\"text-align: justify;\">El rendimiento del Aurinegro ha sido ampliamente positivo, consiguiendo dos victorias, una ante el Deportivo La Guaira (3-1),\u00a0otra ante Yaracuyanos F.C. (0-2),\u00a0y una paridad ante el Deportivo Petare (1-1), por el Torneo Apertura y un triunfo por Copa Venezuela frente a Ure\u00f1a S.C. (1-2).<\/p>\n<p style=\"text-align: justify;\">Tras estos resultados, el Deportivo T\u00e1chira F.C. suma siete unidades de nueve posibles y se ubica en el tercer lugar del campeonato criollo, adem\u00e1s est\u00e1 muy cerca de conseguir el pase a los octavos de final de la Copa Venezuela,\u00a0mostrando un rendimiento arrollador en cada una de sus presentaciones.<\/p>\n<p style=\"text-align: justify;\">Pero el aspecto m\u00e1s importante desarrollado por el equipo tachirense, es la profundidad\u00a0de su n\u00f3mina, habiendo usado el 70 por ciento\u00a0de la totalidad del plantel\u00a0a lo largo de los cuatro encuentros disputados, entre torneo y competici\u00f3n copera.<\/p>\n<p style=\"text-align: justify;\">Por el lado rojinegro,\u00a0la actualidad es un poco distinta, tan solo ha podido sumar tres puntos en el Apertura, luego de caer ante el Atl\u00e9tico El Vig\u00eda (4-1), superar al Deportivo Anzo\u00e1tegui (3-0) y sufrir otra derrota frente al Zamora F.C. (2-0); mientras que en la Copa Venezuela el conjunto crepuscular a\u00fan no ha debutado y ser\u00e1 hasta el mi\u00e9rcoles 04 de septiembre cuando se enfrente en la ida ante Portuguesa F.C.<\/p>\n<p style=\"text-align: justify;\">A las 5 de la tarde rodar\u00e1 la esf\u00e9rica en el Estadio Metropolitano de Cabudare, en el inicio de la cuarta jornada, en la que el tren tachirense pretende ascender a la cima de la clasificaci\u00f3n.<\/p>\n<p style=\"text-align: justify;\"><strong>Plantel a totalidad<\/strong><\/p>\n<p style=\"text-align: justify;\">Para este compromiso, el cuerpo t\u00e9cnico del Deportivo T\u00e1chira F.C. contar\u00e1 con el retorno habitual del lateral izquierdo Richard Badillo, quien ya vio acci\u00f3n a mitad de semana en la expedici\u00f3n a territorio fronterizo.<\/p>\n<p style=\"text-align: justify;\">De esta manera, la convocatoria realizada por Daniel Far\u00edas est\u00e1 conformada por: Br\u00e9iner Castillo, Jos\u00e9 Contreras; Carlos Rivero, Carlos Salazar, Wilker \u00c1ngel, Richard Badillo; Agnel Flores, Francisco Flores, Gi\u00e1como Di Giorgi, Juan Carlos Mora, C\u00e9sar Gonz\u00e1lez, Yohandry Orozco, Romeri Villamizar; Gelm\u00edn Rivas, Jos\u00e9 Miguel Reyes, Jos\u00e9 Al\u00ed Meza, Juan Az\u00f3car y Albert Zambrano.<\/p>\n<p style=\"text-align: justify;\"><strong>Ficha del encuentro:<\/strong><\/p>\n<p style=\"text-align: justify;\"><strong>A.C.D. Lara VS Deportivo T\u00e1chira F.C.<\/strong><br \/>\n<strong>D\u00eda:<\/strong>\u00a0S\u00e1bado 31\/08\/2013<br \/>\n<strong>Hora:<\/strong>\u00a05:00 pm<br \/>\n<strong>Estadio:<\/strong>\u00a0Metropolitano, Cabudare, estado Lara.<br \/>\n<strong>Incidencias:<\/strong>\u00a0Jornada 4 del Torneo Apertura 2013 del F\u00fatbol Profesional Venezolano.<\/p>\n","protected":false},"excerpt":{"rendered":"<p>Prensa Deportivo T\u00e1chira.- El Deportivo T\u00e1chira F.C. sale nuevamente al ruedo, con la firmeza y convicci\u00f3n de mantener el buen arranque del Torneo Apertura 2013. Conquistar tres puntos ante el Club Deportivo Lara podr\u00e1 representar el asalto a la cima por parte del Carrusel Aurinegro. La exigente semana del combinado atigrado cierra con la visita &#8230;<\/p>\n","protected":false},"author":1,"featured_media":4206,"comment_status":"closed","ping_status":"closed","sticky":false,"template":"","format":"standard","meta":{"footnotes":""},"categories":[11,5,31],"tags":[],"class_list":["post-4246","post","type-post","status-publish","format-standard","has-post-thumbnail","hentry","category-deportivo-tachira","category-futbol-nacional","category-primera-division"],"_links":{"self":[{"href":"http:\/\/gradadigital.com\/home\/wp-json\/wp\/v2\/posts\/4246","targetHints":{"allow":["GET"]}}],"collection":[{"href":"http:\/\/gradadigital.com\/home\/wp-json\/wp\/v2\/posts"}],"about":[{"href":"http:\/\/gradadigital.com\/home\/wp-json\/wp\/v2\/types\/post"}],"author":[{"embeddable":true,"href":"http:\/\/gradadigital.com\/home\/wp-json\/wp\/v2\/users\/1"}],"replies":[{"embeddable":true,"href":"http:\/\/gradadigital.com\/home\/wp-json\/wp\/v2\/comments?post=4246"}],"version-history":[{"count":1,"href":"http:\/\/gradadigital.com\/home\/wp-json\/wp\/v2\/posts\/4246\/revisions"}],"predecessor-version":[{"id":4247,"href":"http:\/\/gradadigital.com\/home\/wp-json\/wp\/v2\/posts\/4246\/revisions\/4247"}],"wp:featuredmedia":[{"embeddable":true,"href":"http:\/\/gradadigital.com\/home\/wp-json\/wp\/v2\/media\/4206"}],"wp:attachment":[{"href":"http:\/\/gradadigital.com\/home\/wp-json\/wp\/v2\/media?parent=4246"}],"wp:term":[{"taxonomy":"category","embeddable":true,"href":"http:\/\/gradadigital.com\/home\/wp-json\/wp\/v2\/categories?post=4246"},{"taxonomy":"post_tag","embeddable":true,"href":"http:\/\/gradadigital.com\/home\/wp-json\/wp\/v2\/tags?post=4246"}],"curies":[{"name":"wp","href":"https:\/\/api.w.org\/{rel}","templated":true}]}}