{"id":4230,"date":"2013-08-29T23:00:19","date_gmt":"2013-08-30T03:30:19","guid":{"rendered":"http:\/\/gradadigital.com\/home\/?p=4230"},"modified":"2013-08-29T23:00:19","modified_gmt":"2013-08-30T03:30:19","slug":"hermes-palomino-hay-que-sacar-provecho-a-una-de-mis-mayores-virtudes-que-es-la-velocidad","status":"publish","type":"post","link":"http:\/\/gradadigital.com\/home\/hermes-palomino-hay-que-sacar-provecho-a-una-de-mis-mayores-virtudes-que-es-la-velocidad\/","title":{"rendered":"Hermes Palomino: \u201cHay que sacar provecho a una de mis mayores virtudes que es la velocidad\u201d"},"content":{"rendered":"<p style=\"text-align: center;\"><img loading=\"lazy\" decoding=\"async\" class=\"alignnone\" alt=\"\" src=\"http:\/\/gradadigital.com\/home\/wp-content\/uploads\/2013\/08\/hermes_palomino_atlvenezuela_carabobo_18082013.jpg\" width=\"596\" height=\"346\" \/><\/p>\n<p style=\"text-align: justify;\"><b>Mariann Garc\u00eda.-<\/b> El Atl\u00e9tico Venezuela tiene un nuevo reto en su camino, esta vez le tocar\u00e1 enfrentar al sub campe\u00f3n del campeonato venezolano 2012 \u2013 2013, el Deportivo Anzo\u00e1tegui. Su misi\u00f3n es seguir sumando de a tres para mantenerse en la punta del Apertura. Este s\u00e1bado, 31 de agosto, buscar\u00e1n plantear su ritmo de juego y controlar el partido.<\/p>\n<p style=\"text-align: justify;\">El gol ha estado a favor de los dirigidos por Jos\u00e9 Hern\u00e1ndez, pues el volante H\u00e9ctor \u201cTico\u201d P\u00e9rez y el defensa Diego Menghi han comenzado con buena punter\u00eda, aunque tambi\u00e9n cuentan con la velocidad y olfato a gol que tiene el ex legionario Hermes Palomino, quien habl\u00f3 sobre el pr\u00f3ximo cotejo que tendr\u00e1n: \u00a0<b>\u201cSer\u00e1 un partido dif\u00edcil, como lo han sido los tres anteriores, nosotros desde que comenzamos los entrenamientos de esta semana hemos estado enfocados en ese juego, vamos a ir con la mejor disposici\u00f3n para dejar los tres puntos en casa\u201d<\/b>.<\/p>\n<p style=\"text-align: justify;\">En entrenamientos previos al encuentro, Hern\u00e1ndez hizo f\u00fatbol con sus muchachos y asom\u00f3 en su posible once el uso de dos delanteros como Bevacqua y Palomino, el \u00faltimo de ellos cree que: <b>\u201cEs importante como local jugar con dos adelante, ya que se quiere velocidad en los \u00faltimos tres cuartos de cancha e iremos con esa idea, le daremos velocidad en la parte de arriba\u201d<\/b>.<\/p>\n<p style=\"text-align: justify;\">El delantero expresa que uno de sus puntos positivos es la rapidez que tiene y aplica dentro del juego, la cual buscar\u00e1n aplicar el d\u00eda s\u00e1bado ante el Anzo\u00e1tegui. <b>\u201cHay que sacar provecho a una de mis mayores virtudes que es la velocidad, y con Maxi adelante ser\u00e1 bastante f\u00e1cil para lo que queremos\u201d,<\/b> apunt\u00f3 la \u201cPantera\u201d Palomino, quien en su regreso a Venezuela se ha estado adaptando a jugar un poco m\u00e1s retrasado.<\/p>\n<p style=\"text-align: justify;\">Para concluir, asom\u00f3 una de las claves que les podr\u00eda beneficiar a la hora de encarar la cuarta fecha: <b>\u201cLos pase a gol nos debemos abrir por las bandas y seremos bastante r\u00e1pidos a la hora de atacar\u201d<\/b>. El atacante suma hasta los momentos un tanto en el torneo.<\/p>\n","protected":false},"excerpt":{"rendered":"<p>Mariann Garc\u00eda.- El Atl\u00e9tico Venezuela tiene un nuevo reto en su camino, esta vez le tocar\u00e1 enfrentar al sub campe\u00f3n del campeonato venezolano 2012 \u2013 2013, el Deportivo Anzo\u00e1tegui. Su misi\u00f3n es seguir sumando de a tres para mantenerse en la punta del Apertura. Este s\u00e1bado, 31 de agosto, buscar\u00e1n plantear su ritmo de juego &#8230;<\/p>\n","protected":false},"author":1,"featured_media":4231,"comment_status":"closed","ping_status":"closed","sticky":false,"template":"","format":"standard","meta":{"footnotes":""},"categories":[7,5,31],"tags":[],"class_list":["post-4230","post","type-post","status-publish","format-standard","has-post-thumbnail","hentry","category-atletico-venezuela","category-futbol-nacional","category-primera-division"],"_links":{"self":[{"href":"http:\/\/gradadigital.com\/home\/wp-json\/wp\/v2\/posts\/4230","targetHints":{"allow":["GET"]}}],"collection":[{"href":"http:\/\/gradadigital.com\/home\/wp-json\/wp\/v2\/posts"}],"about":[{"href":"http:\/\/gradadigital.com\/home\/wp-json\/wp\/v2\/types\/post"}],"author":[{"embeddable":true,"href":"http:\/\/gradadigital.com\/home\/wp-json\/wp\/v2\/users\/1"}],"replies":[{"embeddable":true,"href":"http:\/\/gradadigital.com\/home\/wp-json\/wp\/v2\/comments?post=4230"}],"version-history":[{"count":1,"href":"http:\/\/gradadigital.com\/home\/wp-json\/wp\/v2\/posts\/4230\/revisions"}],"predecessor-version":[{"id":4232,"href":"http:\/\/gradadigital.com\/home\/wp-json\/wp\/v2\/posts\/4230\/revisions\/4232"}],"wp:featuredmedia":[{"embeddable":true,"href":"http:\/\/gradadigital.com\/home\/wp-json\/wp\/v2\/media\/4231"}],"wp:attachment":[{"href":"http:\/\/gradadigital.com\/home\/wp-json\/wp\/v2\/media?parent=4230"}],"wp:term":[{"taxonomy":"category","embeddable":true,"href":"http:\/\/gradadigital.com\/home\/wp-json\/wp\/v2\/categories?post=4230"},{"taxonomy":"post_tag","embeddable":true,"href":"http:\/\/gradadigital.com\/home\/wp-json\/wp\/v2\/tags?post=4230"}],"curies":[{"name":"wp","href":"https:\/\/api.w.org\/{rel}","templated":true}]}}