{"id":4218,"date":"2013-08-29T01:37:27","date_gmt":"2013-08-29T06:07:27","guid":{"rendered":"http:\/\/gradadigital.com\/home\/?p=4218"},"modified":"2013-08-29T01:37:27","modified_gmt":"2013-08-29T06:07:27","slug":"richard-paez-no-pudimos-solventar-este-dificil-rival-que-nos-supo-ganar-bien","status":"publish","type":"post","link":"http:\/\/gradadigital.com\/home\/richard-paez-no-pudimos-solventar-este-dificil-rival-que-nos-supo-ganar-bien\/","title":{"rendered":"Richard P\u00e1ez: \u00abNo pudimos solventar este dif\u00edcil rival que nos supo ganar bien\u00bb"},"content":{"rendered":"<p style=\"text-align: center;\"><img loading=\"lazy\" decoding=\"async\" class=\"alignnone size-full wp-image-4219\" alt=\"richard_paez_mineros_libertad_28082013\" src=\"http:\/\/gradadigital.com\/home\/wp-content\/uploads\/2013\/08\/richard_paez_mineros_libertad_28082013.jpg\" width=\"596\" height=\"346\" srcset=\"http:\/\/gradadigital.com\/home\/wp-content\/uploads\/2013\/08\/richard_paez_mineros_libertad_28082013.jpg 596w, http:\/\/gradadigital.com\/home\/wp-content\/uploads\/2013\/08\/richard_paez_mineros_libertad_28082013-300x174.jpg 300w\" sizes=\"auto, (max-width: 596px) 100vw, 596px\" \/><\/p>\n<p style=\"text-align: justify;\"><strong>Prensa Mineros de Guayana,\u00a0Rhosmar Malav\u00e9\u00a0Rivas &#8211;<\/strong>\u00a0Avanzar a los octavos de final de la Copa Total Sudamericana era el objetivo de Mineros de Guayana la noche de este mi\u00e9rcoles, pero una derrota 2&#215;1 en el partido de vuelta de la segunda fase copera ante el Club Libertad de Paraguay, le impidi\u00f3 a los dirigidos por Richard P\u00e1ez Monz\u00f3n seguir el camino internacional en este torneo en la edici\u00f3n de 2013.<\/p>\n<p style=\"text-align: justify;\">\u201cSe nos acab\u00f3 el sue\u00f1o de la copa\u201d, fueron las primeras palabras del t\u00e9cnico mineristas en su encuentro con los medios de comunicaci\u00f3n tras finalizado el partido que se jug\u00f3 en el CTE Cachamay. \u201cAl final no pudimos solventar este dif\u00edcil rival que nos supo ganar bien. Hoy lamentablemente le otorgamos facilidades en esos dos goles que nos hicieron y que defini\u00f3 el partido\u201d.<\/p>\n<p style=\"text-align: justify;\">Libertad apenas a ocho minutos de iniciado el compromiso se adelant\u00f3\u00a0en el marcador por intermedio de Brian Montenegro y con ello ampliaba la ventaja conseguida en su casa en la ida, donde venci\u00f3 a Mineros de Guayana 2&#215;0. \u201cEse gol que nos hicieron seren\u00f3 cualquier actitud de tensi\u00f3n o ansiedad que pudiera tener el equipo rival y eso condicion\u00f3 todo el resto del partido\u201d, dijo P\u00e1ez, quien tambi\u00e9n cuestion\u00f3 el gol que le fue anulado a Mineros y el penal no sentenciado por el principal Diego Lara.<\/p>\n<p style=\"text-align: justify;\">\u201cHicimos el esfuerzo. Intent\u00f3 el f\u00fatbol venezolano trascender a la tercera ronda, no pudimos, y ahora lo que nos falta es enfocar todas nuestras bater\u00edas al campeonato local\u201d, asegur\u00f3 P\u00e1ez, quien desde este jueves empezar\u00e1 a preparar a su equipo para el duelo ante Estudiantes de M\u00e9rida por la fecha cuatro del Torneo Apertura del F\u00fatbol Profesional de Venezuela.<\/p>\n<p style=\"text-align: justify;\">Los negriazules reciben el domingo a las 5 de la tarde al equipo meride\u00f1o y P\u00e1ez espera evaluar a los jugadores Alejandro Guerra y Juli\u00e1n Hurtado, quienes salieron con molestias del encuentro ante Libertad.<\/p>\n","protected":false},"excerpt":{"rendered":"<p>Prensa Mineros de Guayana,\u00a0Rhosmar Malav\u00e9\u00a0Rivas &#8211;\u00a0Avanzar a los octavos de final de la Copa Total Sudamericana era el objetivo de Mineros de Guayana la noche de este mi\u00e9rcoles, pero una derrota 2&#215;1 en el partido de vuelta de la segunda fase copera ante el Club Libertad de Paraguay, le impidi\u00f3 a los dirigidos por Richard &#8230;<\/p>\n","protected":false},"author":4,"featured_media":4219,"comment_status":"closed","ping_status":"closed","sticky":false,"template":"","format":"standard","meta":{"footnotes":""},"categories":[38,36,15],"tags":[],"class_list":["post-4218","post","type-post","status-publish","format-standard","has-post-thumbnail","hentry","category-copa-sudamericana","category-internacional","category-mineros-de-guayana"],"_links":{"self":[{"href":"http:\/\/gradadigital.com\/home\/wp-json\/wp\/v2\/posts\/4218","targetHints":{"allow":["GET"]}}],"collection":[{"href":"http:\/\/gradadigital.com\/home\/wp-json\/wp\/v2\/posts"}],"about":[{"href":"http:\/\/gradadigital.com\/home\/wp-json\/wp\/v2\/types\/post"}],"author":[{"embeddable":true,"href":"http:\/\/gradadigital.com\/home\/wp-json\/wp\/v2\/users\/4"}],"replies":[{"embeddable":true,"href":"http:\/\/gradadigital.com\/home\/wp-json\/wp\/v2\/comments?post=4218"}],"version-history":[{"count":1,"href":"http:\/\/gradadigital.com\/home\/wp-json\/wp\/v2\/posts\/4218\/revisions"}],"predecessor-version":[{"id":4220,"href":"http:\/\/gradadigital.com\/home\/wp-json\/wp\/v2\/posts\/4218\/revisions\/4220"}],"wp:featuredmedia":[{"embeddable":true,"href":"http:\/\/gradadigital.com\/home\/wp-json\/wp\/v2\/media\/4219"}],"wp:attachment":[{"href":"http:\/\/gradadigital.com\/home\/wp-json\/wp\/v2\/media?parent=4218"}],"wp:term":[{"taxonomy":"category","embeddable":true,"href":"http:\/\/gradadigital.com\/home\/wp-json\/wp\/v2\/categories?post=4218"},{"taxonomy":"post_tag","embeddable":true,"href":"http:\/\/gradadigital.com\/home\/wp-json\/wp\/v2\/tags?post=4218"}],"curies":[{"name":"wp","href":"https:\/\/api.w.org\/{rel}","templated":true}]}}