{"id":4149,"date":"2013-08-27T12:16:45","date_gmt":"2013-08-27T16:46:45","guid":{"rendered":"http:\/\/gradadigital.com\/home\/?p=4149"},"modified":"2013-08-27T12:16:45","modified_gmt":"2013-08-27T16:46:45","slug":"resultados-la-tercera-jornada-en-segunda-division-mantiene-lider-al-caracas-fc-b","status":"publish","type":"post","link":"http:\/\/gradadigital.com\/home\/resultados-la-tercera-jornada-en-segunda-division-mantiene-lider-al-caracas-fc-b\/","title":{"rendered":"+RESULTADOS | La tercera jornada en Segunda Divisi\u00f3n, mantiene l\u00edder al Caracas FC \u00abB\u00bb"},"content":{"rendered":"<div id=\"stcpDiv\">\n<p style=\"text-align: center;\"><img loading=\"lazy\" decoding=\"async\" class=\"alignnone size-full wp-image-4150\" alt=\"monagas_ucv_25082013\" src=\"http:\/\/gradadigital.com\/home\/wp-content\/uploads\/2013\/08\/monagas_ucv_25082013.jpg\" width=\"596\" height=\"346\" srcset=\"http:\/\/gradadigital.com\/home\/wp-content\/uploads\/2013\/08\/monagas_ucv_25082013.jpg 596w, http:\/\/gradadigital.com\/home\/wp-content\/uploads\/2013\/08\/monagas_ucv_25082013-300x174.jpg 300w\" sizes=\"auto, (max-width: 596px) 100vw, 596px\" \/><\/p>\n<p style=\"text-align: justify;\"><strong>GradaDigital.com &#8211;<\/strong> Disputada la tercera fecha, as\u00ed fueron los resultados de la Segunda Divisi\u00f3n:<\/p>\n<p style=\"text-align: justify;\"><strong>Comisi\u00f3n de Torneos Nacionales<\/strong><\/p>\n<p style=\"text-align: justify;\"><strong>Resultados Jornada N\u00b0 3 \u2013 Domingo 25\/08\/2013<\/strong><\/p>\n<p style=\"text-align: justify;\"><strong>Dvo Anzo\u00e1tegui 2-0 Guatire FC <\/strong><strong>\u2013 S\u00e1bado 24\/08\/2013<\/strong><\/p>\n<p style=\"text-align: justify;\"><strong>Goles: <\/strong><strong>Nelson Hern\u00e1ndez 37\u2019 y Diego Silva 90+3\u2019 (DA)<\/strong><\/p>\n<p style=\"text-align: justify;\"><strong>Arbitro:\u00a0<\/strong>Giovanni Perluzzo (Monagas)<\/p>\n<p style=\"text-align: justify;\"><strong>Estadio:\u00a0<\/strong>Jos\u00e9 Antonio Anzo\u00e1tegui de Puerto La Cruz<\/p>\n<p style=\"text-align: justify;\"><strong>Asistencia:\u00a0<\/strong>215 personas<\/p>\n<p style=\"text-align: justify;\"><strong>Delegado FVF:\u00a0<\/strong><strong>Marcos Ariza<\/strong><\/p>\n<p style=\"text-align: justify;\">\n<p style=\"text-align: justify;\"><strong>Estudiantes de Caron\u00ed 2-2 Mineros de Guayana<\/strong><strong>\u2013 S\u00e1bado 24\/08\/2013<\/strong><\/p>\n<p style=\"text-align: justify;\"><strong>Goles:\u00a0<\/strong>Jos\u00e9 D\u00edaz 18\u2019 y Adrian Prieto 33\u2019 (EDC) Carlos De Souza 10\u2019 y Jos\u00e9 Jim\u00e9nez 16\u2019 (MDG)<\/p>\n<p style=\"text-align: justify;\"><strong>Arbitro:\u00a0<\/strong><strong>Francisco L\u00f3pez (Nueva Esparta)<\/strong><\/p>\n<p style=\"text-align: justify;\"><strong>Estadio:\u00a0<\/strong>El Gallo de San F\u00e9lix<\/p>\n<p style=\"text-align: justify;\"><strong>Asistencia:\u00a0<\/strong>300 personas<\/p>\n<p style=\"text-align: justify;\"><strong>Delegado FVF:\u00a0<\/strong><strong>Jos\u00e9 Virgilio Garc\u00eda<\/strong><\/p>\n<p style=\"text-align: center;\">\u00a0<img loading=\"lazy\" decoding=\"async\" class=\"alignnone size-full wp-image-3990\" alt=\"ronaldo_pena_caracasb_realanzoategui_24082013_3\" src=\"http:\/\/gradadigital.com\/home\/wp-content\/uploads\/2013\/08\/ronaldo_pena_caracasb_realanzoategui_24082013_3.jpg\" width=\"596\" height=\"346\" srcset=\"http:\/\/gradadigital.com\/home\/wp-content\/uploads\/2013\/08\/ronaldo_pena_caracasb_realanzoategui_24082013_3.jpg 596w, http:\/\/gradadigital.com\/home\/wp-content\/uploads\/2013\/08\/ronaldo_pena_caracasb_realanzoategui_24082013_3-300x174.jpg 300w\" sizes=\"auto, (max-width: 596px) 100vw, 596px\" \/><\/p>\n<p style=\"text-align: justify;\"><strong>Caracas FC 2-1 Real Anzo\u00e1tegui<\/strong><strong>\u2013 S\u00e1bado 24\/08\/2013<\/strong><\/p>\n<p style=\"text-align: justify;\"><strong>Goles:\u00a0<\/strong><strong>Rub\u00e9n Ram\u00edrez 17\u2019 y Rolando Pe\u00f1a 60\u2019 (CFC) Jos\u00e9 Rivera 85\u2019 (RA)<\/strong><\/p>\n<p style=\"text-align: justify;\"><strong>Arbitro:\u00a0<\/strong><strong>V\u00edctor Da Silva (Aragua)<\/strong><\/p>\n<p style=\"text-align: justify;\"><strong>Estadio:\u00a0<\/strong>Cocodrilos SP de Caracas<\/p>\n<p style=\"text-align: justify;\"><strong>Asistencia:\u00a0<\/strong>125 personas<\/p>\n<p style=\"text-align: justify;\"><strong>Delegado FVF:\u00a0<\/strong><strong>N\u00e9stor Bracovich<\/strong><\/p>\n<p style=\"text-align: center;\">\u00a0<img loading=\"lazy\" decoding=\"async\" class=\"alignnone size-full wp-image-4151\" alt=\"guillermo_ramirez_turquito_monagas_ucv_25082013\" src=\"http:\/\/gradadigital.com\/home\/wp-content\/uploads\/2013\/08\/guillermo_ramirez_turquito_monagas_ucv_25082013.jpg\" width=\"596\" height=\"346\" srcset=\"http:\/\/gradadigital.com\/home\/wp-content\/uploads\/2013\/08\/guillermo_ramirez_turquito_monagas_ucv_25082013.jpg 596w, http:\/\/gradadigital.com\/home\/wp-content\/uploads\/2013\/08\/guillermo_ramirez_turquito_monagas_ucv_25082013-300x174.jpg 300w\" sizes=\"auto, (max-width: 596px) 100vw, 596px\" \/><\/p>\n<p style=\"text-align: justify;\"><strong>Monagas SC 1-3 UCV FC<\/strong><\/p>\n<p style=\"text-align: justify;\"><strong>Goles:\u00a0<\/strong><strong>Antonioni Gonz\u00e1lez 90+1\u2019 (MSC)<\/strong><strong>Pedro Mill\u00e1n 49\u2019 Carlos Alvarez 52\u2019 y Edgardo Carias 83\u2019 (UFC)<\/strong><\/p>\n<p style=\"text-align: justify;\"><strong>Arbitro<\/strong>: Jes\u00fas Maita (Anzo\u00e1tegui)<\/p>\n<p style=\"text-align: justify;\"><strong>Estadio:\u00a0<\/strong>Monumental de Matur\u00edn<\/p>\n<p style=\"text-align: justify;\"><strong>Asistencia:\u00a0<\/strong>2.300 personas<\/p>\n<p style=\"text-align: justify;\"><strong>Delegado FVF:\u00a0<\/strong><strong>Jos\u00e9 Roque<\/strong><\/p>\n<p style=\"text-align: justify;\">\n<p style=\"text-align: justify;\"><strong>Metropolitanos FC 0-1 Angostura FC<\/strong><\/p>\n<p style=\"text-align: justify;\"><strong>Gol:\u00a0<\/strong><strong>Oscar Rojas 84\u2019 P (AFC)<\/strong><\/p>\n<p style=\"text-align: justify;\"><strong>Arbitro:\u00a0<\/strong><strong>Mayker G\u00f3mez<\/strong> (Distrito Capital)<\/p>\n<p style=\"text-align: justify;\"><strong>Estadio:\u00a0<\/strong>Br\u00edgido Iriarte de Caracas<\/p>\n<p style=\"text-align: justify;\"><strong>Asistencia:\u00a0<\/strong><strong>131<\/strong>personas<\/p>\n<p style=\"text-align: justify;\"><strong>Delegado FVF: <\/strong><strong>Humberto Soto<\/strong><\/p>\n<p style=\"text-align: justify;\">\n<p style=\"text-align: justify;\"><strong>Polic\u00eda de Lara 0-1 Loter\u00eda del T\u00e1chira \u2013 S\u00e1bado 24.08.2013<\/strong><\/p>\n<p style=\"text-align: justify;\"><strong>Gol:\u00a0<\/strong>Nelson Suarez 40\u2019 (LT)<\/p>\n<p style=\"text-align: justify;\"><strong>Arbitro:\u00a0<\/strong><strong>\u00c1ngel Arteaga (Cojedes)<\/strong><\/p>\n<p style=\"text-align: justify;\"><strong>Estadio:<\/strong><strong>\u00a0Farid Richa de Barquisimeto<\/strong><\/p>\n<p style=\"text-align: justify;\"><strong>Asistencia:\u00a0<\/strong>390 personas<\/p>\n<p style=\"text-align: justify;\"><strong>Delegado FVF:\u00a0<\/strong>Freddy Ovalles<\/p>\n<p style=\"text-align: justify;\">\n<p style=\"text-align: justify;\"><strong>Portuguesa FC 1-1 SC Guaran\u00ed<\/strong><\/p>\n<p style=\"text-align: justify;\"><strong>Goles: <\/strong><strong>V\u00edctor Renter\u00eda 38\u2019 (PFC) Johel Salazar 31\u2019 (SCG)<\/strong><\/p>\n<p style=\"text-align: justify;\"><strong>Arbitro:\u00a0<\/strong><strong>Jackson Manjarres (Lara)<\/strong><\/p>\n<p style=\"text-align: justify;\"><strong>Estadio:\u00a0<\/strong><strong>Jos\u00e9 Antonio P\u00e1ez de Acarigua-Araure<\/strong><\/p>\n<p style=\"text-align: justify;\"><strong>Asistencia:\u00a0<\/strong><strong>1.550 <\/strong>personas<\/p>\n<p style=\"text-align: justify;\"><strong>Delegado FVF:\u00a0<\/strong><strong>C\u00e9sar Dur\u00e1n<\/strong><\/p>\n<p style=\"text-align: justify;\">\n<p style=\"text-align: justify;\"><strong>Ure\u00f1a SC 1-2 Zamora FC<\/strong><\/p>\n<p style=\"text-align: justify;\"><strong>Goles:<\/strong><strong>\u00a0Juan Ort\u00edz 88\u2019 (SC) Raigel M\u00e1rquez 46\u2019 y Nelson P\u00e9rez 83\u2019 (ZFC)<\/strong><\/p>\n<p style=\"text-align: justify;\"><strong>Arbitro:\u00a0<\/strong>Antonio Navarro (M\u00e9rida)<\/p>\n<p style=\"text-align: justify;\"><strong>Estadio:\u00a0<\/strong>Bicentenario de Ure\u00f1a<\/p>\n<p style=\"text-align: justify;\"><strong>Asistencia:<\/strong><strong>\u00a0558<\/strong>personas<\/p>\n<p style=\"text-align: justify;\"><strong>Delegado FVF: <\/strong><strong>Ysver Ram\u00edrez<\/strong><\/p>\n<p style=\"text-align: justify;\">\n<p style=\"text-align: justify;\"><strong>Arroceros de Calabozo 2-0 Dvo San Antonio<\/strong><\/p>\n<p style=\"text-align: justify;\"><strong>Goles:\u00a0<\/strong><strong>Ronald Macuma 68\u2019 y Darwin Gonz\u00e1lez 90+1\u2019 (DSA)<\/strong><\/p>\n<p style=\"text-align: justify;\"><strong>Arbitro:\u00a0<\/strong>Elvis Monasterio (Carabobo)<\/p>\n<p style=\"text-align: justify;\"><strong>Estadio:\u00a0<\/strong><strong>Alfredo <\/strong>Simonpietri de Calabozo<\/p>\n<p style=\"text-align: justify;\"><strong>Asistencia:\u00a0<\/strong><strong>240 <\/strong>personas<\/p>\n<p style=\"text-align: justify;\"><strong>Delegado FVF: <\/strong>Rafael Ugas<\/p>\n<p style=\"text-align: justify;\">\n<p style=\"text-align: justify;\"><strong>Atl\u00e9tico Falc\u00f3n 0-1 ULA FC<\/strong><\/p>\n<p style=\"text-align: justify;\"><strong>Gol:\u00a0<\/strong><strong>Johnny Mujica 86\u2019 (UFC)<\/strong><\/p>\n<p style=\"text-align: justify;\"><strong>Arbitro:\u00a0<\/strong><strong>Edixon Espa\u00f1a (Zulia)<\/strong><\/p>\n<p style=\"text-align: justify;\"><strong>Estadio:\u00a0<\/strong>Manaure de Punto Fijo<\/p>\n<p style=\"text-align: justify;\"><strong>Asistencia:\u00a0<\/strong><strong>570 <\/strong>personas<\/p>\n<p style=\"text-align: justify;\"><strong>Delegado FVF: <\/strong>Francesco Romano<\/p>\n<\/div>\n","protected":false},"excerpt":{"rendered":"<p>GradaDigital.com &#8211; Disputada la tercera fecha, as\u00ed fueron los resultados de la Segunda Divisi\u00f3n: Comisi\u00f3n de Torneos Nacionales Resultados Jornada N\u00b0 3 \u2013 Domingo 25\/08\/2013 Dvo Anzo\u00e1tegui 2-0 Guatire FC \u2013 S\u00e1bado 24\/08\/2013 Goles: Nelson Hern\u00e1ndez 37\u2019 y Diego Silva 90+3\u2019 (DA) Arbitro:\u00a0Giovanni Perluzzo (Monagas) Estadio:\u00a0Jos\u00e9 Antonio Anzo\u00e1tegui de Puerto La Cruz Asistencia:\u00a0215 personas Delegado &#8230;<\/p>\n","protected":false},"author":4,"featured_media":4150,"comment_status":"closed","ping_status":"closed","sticky":false,"template":"","format":"standard","meta":{"footnotes":""},"categories":[9,5,16,17,30],"tags":[],"class_list":["post-4149","post","type-post","status-publish","format-standard","has-post-thumbnail","hentry","category-caracas-fc","category-futbol-nacional","category-monagas-sc","category-portuguesa-fc","category-segunda-divison"],"_links":{"self":[{"href":"http:\/\/gradadigital.com\/home\/wp-json\/wp\/v2\/posts\/4149","targetHints":{"allow":["GET"]}}],"collection":[{"href":"http:\/\/gradadigital.com\/home\/wp-json\/wp\/v2\/posts"}],"about":[{"href":"http:\/\/gradadigital.com\/home\/wp-json\/wp\/v2\/types\/post"}],"author":[{"embeddable":true,"href":"http:\/\/gradadigital.com\/home\/wp-json\/wp\/v2\/users\/4"}],"replies":[{"embeddable":true,"href":"http:\/\/gradadigital.com\/home\/wp-json\/wp\/v2\/comments?post=4149"}],"version-history":[{"count":2,"href":"http:\/\/gradadigital.com\/home\/wp-json\/wp\/v2\/posts\/4149\/revisions"}],"predecessor-version":[{"id":4153,"href":"http:\/\/gradadigital.com\/home\/wp-json\/wp\/v2\/posts\/4149\/revisions\/4153"}],"wp:featuredmedia":[{"embeddable":true,"href":"http:\/\/gradadigital.com\/home\/wp-json\/wp\/v2\/media\/4150"}],"wp:attachment":[{"href":"http:\/\/gradadigital.com\/home\/wp-json\/wp\/v2\/media?parent=4149"}],"wp:term":[{"taxonomy":"category","embeddable":true,"href":"http:\/\/gradadigital.com\/home\/wp-json\/wp\/v2\/categories?post=4149"},{"taxonomy":"post_tag","embeddable":true,"href":"http:\/\/gradadigital.com\/home\/wp-json\/wp\/v2\/tags?post=4149"}],"curies":[{"name":"wp","href":"https:\/\/api.w.org\/{rel}","templated":true}]}}