{"id":4084,"date":"2013-08-26T09:51:24","date_gmt":"2013-08-26T14:21:24","guid":{"rendered":"http:\/\/gradadigital.com\/home\/?p=4084"},"modified":"2013-08-26T09:53:12","modified_gmt":"2013-08-26T14:23:12","slug":"video-los-protagonistas-del-carabobo-hablaron-del-triunfo-ante-el-caracas","status":"publish","type":"post","link":"http:\/\/gradadigital.com\/home\/video-los-protagonistas-del-carabobo-hablaron-del-triunfo-ante-el-caracas\/","title":{"rendered":"VIDEO | Los protagonistas del Carabobo hablaron del triunfo ante el Caracas"},"content":{"rendered":"<p style=\"text-align: center;\"><iframe loading=\"lazy\" width=\"682\" height=\"348\" src=\"http:\/\/www.youtube.com\/embed\/yCf49eP-NNQ?rel=0\" frameborder=\"0\" allowfullscreen><\/iframe>\n<p style=\"text-align: justify;\"><strong>GradaDigital.com &#8211;<\/strong> Un gran encuentro fue el vivido en el Estadio Ol\u00edmpico de la UCV entre el Caracas FC y el Carabobo FC, donde los visitantes lograron sacar el triunfo cumpliendo la estrategia de Jhonny Ferreira. Los protagonistas, gran parte de ello fueron los ex \u201crojos\u201d que conforman parte del plantel carabobe\u00f1o.<\/p>\n<p style=\"text-align: justify;\"><strong>\u201cUno como delantero vive del gol, y cuando se te da, hay que celebrarlo as\u00ed. No es por ning\u00fan tipo de revancha. Al Caracas lo admiro y respeto mucho\u201d<\/strong>, expres\u00f3 Cristian Novoa, autor del gol del triunfo y con pasado capitalino. Cuando fue consultado sobre el pedido de Ferreira antes de su ingreso, asegur\u00f3 que le dijo que estuviera <strong>\u201cconcentrado, hacer lo que he hecho en la pretemporada. Me dijo que seguramente se me iba a dar el gol y se lo agradezco porque sus palabras fueron como una bendici\u00f3n\u201d<\/strong>.<\/p>\n<p style=\"text-align: justify;\">Por su parte, uno de los que tuvo m\u00e1s sacrificio durante el encuentro, fue el \u201cvenado\u201d Emilio Renter\u00eda. <strong>\u201cDe medio no se jugar mucho, pero es una labor que me gusta. Me cuesta defender pero hago el sacrificio por mis compa\u00f1eros\u201d<\/strong>. El delantero marc\u00f3 sus dos goles de cabeza, algo no tan habitual en su repertorio. <strong>\u201cDe cabeza no soy muy bueno, pero a veces se me sale la carreta. Afortunadamente se dieron\u201d<\/strong>. El jugador cumpli\u00f3 con su palabra de no festejar los goles de realizarlos.<strong> \u201cFue totalmente diferente. Me gusta celebrar bailando, haciendo cualquier tonter\u00eda, pero no se lo voy a hacer al Caracas por todo lo que he hecho con ellos. Algunos me insultaron sin motivo. Pero los voy a seguir apreciando pero ahora debo defender mi trabajo que es con el Carabobo\u201d<\/strong>.<\/p>\n<p style=\"text-align: justify;\">El mediocampista defensivo, Juan Guerra, fue otro de los jugadores que no continu\u00f3 en el plantel del Caracas, y que m\u00e1s sacrificio tuvo en el campo de juego. <strong>\u201cSupimos reaccionar. No se bajaron los brazos y logramos concretar que fue lo que nos falt\u00f3 la semana pasada. Hay que corregir muchos errores que quedan y trabajar para enfrentar al Zulia\u201d<\/strong>. El jugador alab\u00f3 la presencia de la afici\u00f3n granate. \u201c<strong>La gente que nos vino a apoyar fue bastante. Todo se mantuvo en orden, un factor importante\u201d<\/strong>.<\/p>\n<p style=\"text-align: justify;\">Mientras que el estratega Ferreira, disfrut\u00f3 cada gol ante su ex equipo. <strong>\u201cPor eso la efusividad, por el partido, la cantidad de goles, como se dio. Ganarle al Caracas es un rival que pelear\u00e1 el campeonato, y que ac\u00e1 no todos le sumar\u00e1n, por eso son m\u00e1s que tres puntos\u201d<\/strong>, expres\u00f3 el estratega que acot\u00f3 que \u201cdebemos tener capacidad para resolver esas situaciones\u201d a la hora de remontar. Ferreira tuvo palabras de agradecimiento <strong>\u201ccon Rafael Lacava que nos dio el equipo que busc\u00e1bamos. Nutrido entre j\u00f3venes con jugadores de experiencia\u201d<\/strong>.<\/p>\n<p style=\"text-align: right;\"><em><strong>\u00a1Mira el video con las declaraciones!<\/strong><\/em><\/p>\n","protected":false},"excerpt":{"rendered":"<p>GradaDigital.com &#8211; Un gran encuentro fue el vivido en el Estadio Ol\u00edmpico de la UCV entre el Caracas FC y el Carabobo FC, donde los visitantes lograron sacar el triunfo cumpliendo la estrategia de Jhonny Ferreira. Los protagonistas, gran parte de ello fueron los ex \u201crojos\u201d que conforman parte del plantel carabobe\u00f1o. \u201cUno como delantero &#8230;<\/p>\n","protected":false},"author":4,"featured_media":4050,"comment_status":"closed","ping_status":"closed","sticky":false,"template":"","format":"standard","meta":{"footnotes":""},"categories":[27,29,5,31],"tags":[],"class_list":["post-4084","post","type-post","status-publish","format-standard","has-post-thumbnail","hentry","category-video","category-carabobo-fc","category-futbol-nacional","category-primera-division"],"_links":{"self":[{"href":"http:\/\/gradadigital.com\/home\/wp-json\/wp\/v2\/posts\/4084","targetHints":{"allow":["GET"]}}],"collection":[{"href":"http:\/\/gradadigital.com\/home\/wp-json\/wp\/v2\/posts"}],"about":[{"href":"http:\/\/gradadigital.com\/home\/wp-json\/wp\/v2\/types\/post"}],"author":[{"embeddable":true,"href":"http:\/\/gradadigital.com\/home\/wp-json\/wp\/v2\/users\/4"}],"replies":[{"embeddable":true,"href":"http:\/\/gradadigital.com\/home\/wp-json\/wp\/v2\/comments?post=4084"}],"version-history":[{"count":2,"href":"http:\/\/gradadigital.com\/home\/wp-json\/wp\/v2\/posts\/4084\/revisions"}],"predecessor-version":[{"id":4086,"href":"http:\/\/gradadigital.com\/home\/wp-json\/wp\/v2\/posts\/4084\/revisions\/4086"}],"wp:featuredmedia":[{"embeddable":true,"href":"http:\/\/gradadigital.com\/home\/wp-json\/wp\/v2\/media\/4050"}],"wp:attachment":[{"href":"http:\/\/gradadigital.com\/home\/wp-json\/wp\/v2\/media?parent=4084"}],"wp:term":[{"taxonomy":"category","embeddable":true,"href":"http:\/\/gradadigital.com\/home\/wp-json\/wp\/v2\/categories?post=4084"},{"taxonomy":"post_tag","embeddable":true,"href":"http:\/\/gradadigital.com\/home\/wp-json\/wp\/v2\/tags?post=4084"}],"curies":[{"name":"wp","href":"https:\/\/api.w.org\/{rel}","templated":true}]}}